{"id":62802,"date":"2024-09-25T00:35:44","date_gmt":"2024-09-24T22:35:44","guid":{"rendered":"https:\/\/www.infokuryr.cz\/n\/?p=62802"},"modified":"2024-09-24T13:51:26","modified_gmt":"2024-09-24T11:51:26","slug":"telegram-nyni-bude-sdilet-ip-adresy-a-telefonni-cisla-uzivatelu-s-vladami","status":"publish","type":"post","link":"https:\/\/www.infokuryr.cz\/n\/2024\/09\/25\/telegram-nyni-bude-sdilet-ip-adresy-a-telefonni-cisla-uzivatelu-s-vladami\/","title":{"rendered":"Telegram nyn\u00ed bude sd\u00edlet IP adresy a telefonn\u00ed \u010d\u00edsla u\u017eivatel\u016f s vl\u00e1dami"},"content":{"rendered":"<div id=\"fb-root\"><\/div>\n<div class=\"elementor-element elementor-element-1fb4c2c elementor-widget elementor-widget-theme-post-content\" data-id=\"1fb4c2c\" data-element_type=\"widget\" data-widget_type=\"theme-post-content.default\">\n<div class=\"elementor-widget-container\">\n<p><span>Telegram, aplikace pro zas\u00edl\u00e1n\u00ed zpr\u00e1v, kter\u00e1 se kdysi postavila jako rebelsk\u00e1 odpov\u011b\u010f na sledov\u00e1n\u00ed Big Tech, se ost\u0159e oto\u010dila na d\u00e1lnici \u201echr\u00e1n\u00edme va\u0161e data za ka\u017edou cenu\u201c. V pond\u011bl\u00ed spole\u010dnost v tichosti aktualizovala sv\u00e9 z\u00e1sady ochrany osobn\u00edch \u00fadaj\u016f, aby umo\u017enila sd\u00edlen\u00ed u\u017eivatelsk\u00fdch dat &#8211; jako jsou cenn\u00e9 IP adresy a telefonn\u00ed \u010d\u00edsla &#8211; s org\u00e1ny \u010dinn\u00fdmi v trestn\u00edm \u0159\u00edzen\u00ed, ale samoz\u0159ejm\u011b pouze v p\u0159\u00edpad\u011b, \u017ee podaj\u00ed platnou pr\u00e1vn\u00ed \u017e\u00e1dost.<\/span><\/p>\n<p><span>Jak v\u0161ichni v\u00edme, nikdo nikdy neroz\u0161\u00ed\u0159il definici \u201eplatn\u00e9ho\u201c tak, aby vyhovovala jeho agend\u011b, \u017ee?<\/span><\/p>\n<p><span>Toto odhalen\u00ed n\u00e1sleduje po men\u0161\u00edm incidentu ze srpna, kdy\u00a0byl gener\u00e1ln\u00ed \u0159editel Telegramu Pavel Durov zat\u010den v\u00a0<\/span><a href=\"https:\/\/reclaimthenet.org\/telegram-founder-pavel-durov-arrest-france\" target=\"_blank\" rel=\"noreferrer noopener\"><span>poutech<\/span><\/a><span>\u00a0francouzsk\u00fdmi \u00fa\u0159ady. Jak\u00fd byl zlo\u010din? Telegram byl zjevn\u011b obvin\u011bn z toho, \u017ee je tvrd\u00fd v\u016f\u010di francouzsk\u00fdm donucovac\u00edm org\u00e1n\u016fm a odm\u00edt\u00e1 p\u0159edat data, co\u017e vedlo k Durovov\u011b zat\u010den\u00ed. Zd\u00e1 se, \u017ee org\u00e1ny \u010dinn\u00e9 v trestn\u00edm \u0159\u00edzen\u00ed se k tomuto typu nedodr\u017eov\u00e1n\u00ed p\u0159edpis\u016f nestav\u00ed laskav\u011b, zejm\u00e9na pot\u00e9, co vznesly 2 460 nezodpov\u011bzen\u00fdch \u017e\u00e1dost\u00ed o informace.<\/span><\/p>\n<h2 class=\"wp-block-heading\"><span>Politick\u00e1 flip-flop<\/span><\/h2>\n<p><span>Nov\u00e1 politika je kompletn\u00ed o tom, o \u010dem byli p\u0159esv\u011bd\u010deni v\u011brn\u00ed fanou\u0161ci Telegramu. Star\u00e1 pravidla byla k\u0159i\u0161\u0165\u00e1lov\u011b jasn\u00e1. Telegram by mohl sd\u00edlet va\u0161e data \u2013 va\u0161i IP adresu a telefonn\u00ed \u010d\u00edslo \u2013 ale pouze pokud jste byli podez\u0159el\u00ed v p\u0159\u00edpadu teroru. Politika dokonce ujistila, \u017ee k tomuto typu sd\u00edlen\u00ed nikdy nedo\u0161lo.<\/span><\/p>\n<p><span>U\u017e ne.<\/span><\/p>\n<p><span>Nyn\u00ed Telegram roz\u0161\u00ed\u0159il s\u00ed\u0165. Podle nov\u011b revidovan\u00fdch z\u00e1sad m\u016f\u017ee Telegram sd\u00edlet va\u0161e data, pokud poru\u0161\u00edte podm\u00ednky slu\u017eby Telegramu \u2013 v\u00edte, v\u011bc, kterou nikdo nikdy ne\u010dte \u2013 pokud obdr\u017e\u00ed \u201eplatnou\u201c \u017e\u00e1dost. Zn\u011bn\u00ed je pln\u00e9 podnikov\u00fdch z\u00e1ruk: \u201ePokud Telegram obdr\u017e\u00ed platn\u00fd p\u0159\u00edkaz od p\u0159\u00edslu\u0161n\u00fdch soudn\u00edch org\u00e1n\u016f potvrzuj\u00edc\u00ed, \u017ee jste podez\u0159el\u00ed v p\u0159\u00edpadu zahrnuj\u00edc\u00edm trestnou \u010dinnost v rozporu s podm\u00ednkami slu\u017eby Telegram, vyd\u00e1me pr\u00e1vn\u00ed p\u0159\u00edkaz, kter\u00fd m\u016f\u017eeme prov\u00e9st prov\u00e9st anal\u00fdzu \u017e\u00e1dosti a p\u0159edat va\u0161i IP adresu a telefonn\u00ed \u010d\u00edslo p\u0159\u00edslu\u0161n\u00fdm org\u00e1n\u016fm.\u201c<\/span><\/p>\n<div class=\"wp-block-image\">\n<figure class=\"aligncenter size-large\"><img decoding=\"async\" loading=\"lazy\" class=\"aligncenter\" src=\"https:\/\/i0.wp.com\/reclaimthenet.org\/wp-content\/uploads\/2024\/09\/telegram-policy-change.jpg?w=800&amp;ssl=1\" alt=\"\" width=\"720\" height=\"720\" data-recalc-dims=\"1\" \/><figcaption class=\"wp-element-caption\"><span><br \/>\nSrovn\u00e1n\u00ed star\u00e9ho a nov\u00e9ho textu telegram\u016f \u201e8.3. org\u00e1ny \u010dinn\u00e9 v trestn\u00edm \u0159\u00edzen\u00ed\u201c.<\/span><\/figcaption><\/figure>\n<\/div>\n<p><span>Telegram je samoz\u0159ejm\u011b st\u00e1le odd\u00e1n transparentnosti \u2013 alespo\u0148 na pap\u00ed\u0159e. Spole\u010dnost slibuje, \u017ee v\u0161echny takov\u00e9 incidenty zve\u0159ejn\u00ed ve sv\u00fdch \u010dtvrtletn\u00edch zpr\u00e1v\u00e1ch o transparentnosti, ke kter\u00fdm lze pohodln\u011b p\u0159istupovat prost\u0159ednictv\u00edm specializovan\u00e9ho robota.<\/span><\/p>\n<h2 class=\"wp-block-heading\"><span>Durovovo prohl\u00e1\u0161en\u00ed: Na koho p\u0159esn\u011b c\u00edl\u00ed?<\/span><\/h2>\n<p><span>Durov \u0159ekl u\u017eivatel\u016fm na Telegramu: &#8222;Aktualizovali jsme na\u0161e smluvn\u00ed podm\u00ednky a z\u00e1sady ochrany osobn\u00edch \u00fadaj\u016f, abychom zajistili, \u017ee budou celosv\u011btov\u011b konzistentn\u00ed.&#8220;<\/span><\/p>\n<div class=\"wp-block-image\">\n<figure class=\"aligncenter size-large is-resized\"><img decoding=\"async\" loading=\"lazy\" class=\"aligncenter\" src=\"https:\/\/i0.wp.com\/reclaimthenet.org\/wp-content\/uploads\/2024\/09\/Screenshot-2024-09-23-at-18.30.jpg?w=800&amp;ssl=1\" alt=\"\" width=\"593\" height=\"620\" data-recalc-dims=\"1\" \/><\/figure>\n<\/div>\n<p><span>Pokra\u010doval: &#8222;Ujasnili jsme, \u017ee IP adresy a telefonn\u00ed \u010d\u00edsla t\u011bch, kte\u0159\u00ed poru\u0161uj\u00ed na\u0161e pravidla, mohou b\u00fdt na z\u00e1klad\u011b z\u00e1konn\u00fdch \u017e\u00e1dost\u00ed sd\u00edleny s p\u0159\u00edslu\u0161n\u00fdmi \u00fa\u0159ady.&#8220;<\/span><br \/>\n<span>Durov d\u00e1le dodal: \u201eTato opat\u0159en\u00ed by m\u011bla odradit zlo\u010dince. Vyhled\u00e1v\u00e1n\u00ed v telegramu je ur\u010deno k hled\u00e1n\u00ed p\u0159\u00e1tel a objevov\u00e1n\u00ed zpr\u00e1v, nikoli k propagaci neleg\u00e1ln\u00edho zbo\u017e\u00ed. Nedovol\u00edme \u0161patn\u00fdm akt\u00e9r\u016fm ohrozit integritu na\u0161\u00ed platformy pro t\u00e9m\u011b\u0159 miliardu u\u017eivatel\u016f.\u201c<\/span><\/p>\n<h2 class=\"wp-block-heading\"><span>Francouzsk\u00e9 spojen\u00ed<\/span><\/h2>\n<p><span>Ale co skute\u010dn\u011b p\u0159im\u011blo Telegram zastavit ruku? Vra\u0165me se k Durovovu\u00a0<\/span><a href=\"https:\/\/reclaimthenet.org\/pavel-durov-charges\" target=\"_blank\" rel=\"noreferrer noopener\"><span>zat\u010den\u00ed na leti\u0161ti<\/span><\/a><span>\u00a0v srpnu, kde se v\u011bci za\u010daly vyjas\u0148ovat.<\/span><\/p>\n<p><span>Pot\u00e9, co \u00fadajn\u011b ignorovaly v\u00edce ne\u017e 2 400 \u017e\u00e1dost\u00ed o data, m\u011bly francouzsk\u00e9 \u00fa\u0159ady dost. Zavolali Gendarmerie Nationale, aby pochopili, \u017ee Telegram odm\u00edt\u00e1 spolupracovat.<\/span><\/p>\n<p><span>Zve\u0159ejn\u011bn\u00ed dat z\u0159ejm\u011b nebylo mo\u017en\u00e9, dokud neza\u010dali zat\u00fdkat gener\u00e1ln\u00ed \u0159editele.<\/span><\/p>\n<\/div>\n<\/div>\n<div class=\"elementor-element elementor-element-8c57238 quelle dc-has-condition dc-condition-empty elementor-widget elementor-widget-heading\" data-id=\"8c57238\" data-element_type=\"widget\" data-widget_type=\"heading.default\">\n<div class=\"elementor-widget-container\">\n<h3 class=\"elementor-heading-title elementor-size-default\"><span style=\"font-size: 10pt;\"><a href=\"https:\/\/reclaimthenet.org\/telegram-share-ip-phone-data-government-requests\" target=\"_blank\" rel=\"nofollow noopener\">Zdroj<\/a><\/p>\n<p><\/span><\/h3>\n<\/div>\n<\/div>\n","protected":false},"excerpt":{"rendered":"<p>Telegram, aplikace pro zas\u00edl\u00e1n\u00ed zpr\u00e1v, kter\u00e1 se kdysi postavila jako rebelsk\u00e1 odpov\u011b\u010f na sledov\u00e1n\u00ed Big&#8230;<\/p>\n","protected":false},"author":2,"featured_media":62803,"comment_status":"closed","ping_status":"closed","sticky":false,"template":"","format":"standard","meta":[],"categories":[7],"tags":[7810,5132,3693,4856],"_links":{"self":[{"href":"https:\/\/www.infokuryr.cz\/n\/wp-json\/wp\/v2\/posts\/62802"}],"collection":[{"href":"https:\/\/www.infokuryr.cz\/n\/wp-json\/wp\/v2\/posts"}],"about":[{"href":"https:\/\/www.infokuryr.cz\/n\/wp-json\/wp\/v2\/types\/post"}],"author":[{"embeddable":true,"href":"https:\/\/www.infokuryr.cz\/n\/wp-json\/wp\/v2\/users\/2"}],"replies":[{"embeddable":true,"href":"https:\/\/www.infokuryr.cz\/n\/wp-json\/wp\/v2\/comments?post=62802"}],"version-history":[{"count":0,"href":"https:\/\/www.infokuryr.cz\/n\/wp-json\/wp\/v2\/posts\/62802\/revisions"}],"wp:featuredmedia":[{"embeddable":true,"href":"https:\/\/www.infokuryr.cz\/n\/wp-json\/wp\/v2\/media\/62803"}],"wp:attachment":[{"href":"https:\/\/www.infokuryr.cz\/n\/wp-json\/wp\/v2\/media?parent=62802"}],"wp:term":[{"taxonomy":"category","embeddable":true,"href":"https:\/\/www.infokuryr.cz\/n\/wp-json\/wp\/v2\/categories?post=62802"},{"taxonomy":"post_tag","embeddable":true,"href":"https:\/\/www.infokuryr.cz\/n\/wp-json\/wp\/v2\/tags?post=62802"}],"curies":[{"name":"wp","href":"https:\/\/api.w.org\/{rel}","templated":true}]}}