{"id":62799,"date":"2024-09-25T00:34:06","date_gmt":"2024-09-24T22:34:06","guid":{"rendered":"https:\/\/www.infokuryr.cz\/n\/?p=62799"},"modified":"2024-09-24T13:48:34","modified_gmt":"2024-09-24T11:48:34","slug":"putin-neni-nepritel-italove-se-bouri-po-cele-zemi-se-objevuji-proruske-plakaty","status":"publish","type":"post","link":"https:\/\/www.infokuryr.cz\/n\/2024\/09\/25\/putin-neni-nepritel-italove-se-bouri-po-cele-zemi-se-objevuji-proruske-plakaty\/","title":{"rendered":"\u201ePutin nen\u00ed nep\u0159\u00edtel\u201c: Italov\u00e9 se bou\u0159\u00ed, po cel\u00e9 zemi se objevuj\u00ed prorusk\u00e9 plak\u00e1ty"},"content":{"rendered":"<div id=\"fb-root\"><\/div>\n<div class=\"elementor-element elementor-element-1fb4c2c elementor-widget elementor-widget-theme-post-content\" data-id=\"1fb4c2c\" data-element_type=\"widget\" data-widget_type=\"theme-post-content.default\">\n<div class=\"elementor-widget-container\">\n<p><strong>Letos v l\u00e9t\u011b se po cel\u00e9 It\u00e1lii objevily stovky plak\u00e1t\u016f s n\u00e1pisem: \u201eRusko nen\u00ed n\u00e1\u0161 nep\u0159\u00edtel! Na plak\u00e1tech je zn\u00e1zorn\u011bno pod\u00e1n\u00ed rukou v barv\u00e1ch italsk\u00e9 a rusk\u00e9 vlajky.<\/strong><\/p>\n<p>V \u0158\u00edm\u011b se tak\u00e9 objevily plak\u00e1ty s n\u00e1pisem \u201eDost pen\u011bz na zbran\u011b pro Ukrajinu a Izrael\u201c. Chceme m\u00edr. &#8222;Jsme proti v\u00e1lce.&#8220;<\/p>\n<p>Plak\u00e1ty se poprv\u00e9 objevily v severn\u00ed It\u00e1lii v \u010dervnu a byly spat\u0159eny ve Veron\u011b, Moden\u011b, Parm\u011b, Pise a n\u011bkolika dal\u0161\u00edch m\u011bstech regionu Kal\u00e1brie.<\/p>\n<figure class=\"wp-block-embed is-type-video is-provider-youtube wp-block-embed-youtube wp-embed-aspect-16-9 wp-has-aspect-ratio\">\n<div class=\"wp-block-embed__wrapper\"><iframe loading=\"lazy\" title=\"'Putin nen\u00ed nep\u0159\u00edtel': Italov\u00e9 protestuj\u00ed proti pomoci Ukrajin\u011b; Zelenskij kou\u0159\u00ed na prorusk\u00fdch transparentech\" src=\"https:\/\/www.youtube.com\/embed\/7hnKQ4gPR3I?start=200&amp;feature=oembed\" width=\"800\" height=\"450\" frameborder=\"0\" allowfullscreen=\"allowfullscreen\" data-mce-fragment=\"1\"><\/iframe><\/div>\n<\/figure>\n<p>Ukrajinsk\u00e1 ambas\u00e1da v \u0158\u00edm\u011b nem\u011bla radost. \u201eVelmi n\u00e1s znepokojuje arogance rusk\u00e9 propagandy ve V\u011b\u010dn\u00e9m m\u011bst\u011b,\u201c\u00a0<a href=\"https:\/\/x.com\/UKRinIT\/status\/1832813095473029570\" target=\"_blank\" rel=\"noreferrer noopener\" data-type=\"link\" data-id=\"https:\/\/x.com\/UKRinIT\/status\/1832813095473029570\">napsalo velvyslanectv\u00ed na X<\/a>\u00a0, co\u017e vyvolalo \u010detn\u00e9 rozzloben\u00e9 reakce.<\/p>\n<p>Starosta \u0158\u00edma na\u0159\u00eddil odstranit v\u0161echny plak\u00e1ty.<\/p>\n<p>Organizace Sovranita Popolare, kter\u00e1 za kampan\u00ed stoj\u00ed, v \u010dl\u00e1nku na sv\u00e9m\u00a0<a href=\"https:\/\/www.sovranitapopolare.org\/2024\/09\/12\/pace-nonviolenza-obiezione-neutralita-3\/\" target=\"_blank\" rel=\"noreferrer noopener\" data-type=\"link\" data-id=\"https:\/\/www.sovranitapopolare.org\/2024\/09\/12\/pace-nonviolenza-obiezione-neutralita-3\/\">webu<\/a>\u00a0p\u00ed\u0161e , \u017ee \u201eItal\u0161t\u00ed v\u00e1le\u010dn\u00ed \u0161tv\u00e1\u010di u\u017e dva roky podn\u011bcuj\u00ed rusofobii, nen\u00e1vist k rusk\u00e9mu lidu, kultu\u0159e a um\u011bn\u00ed\u201c.<\/p>\n<p>Italsk\u00e1 vl\u00e1da pod veden\u00edm Giorgie Meloniov\u00e9 podporuje vojenskou pomoc Ukrajin\u011b. Meloni a ukrajinsk\u00fd prezident Zelenskyj se v \u0158\u00edm\u011b n\u011bkolikr\u00e1t setkali. Setkali se v Cernobbiu v severn\u00ed It\u00e1lii za\u010d\u00e1tkem tohoto m\u011bs\u00edce.<\/p>\n<p>Pr\u016fzkum proveden\u00fd v kv\u011btnu uk\u00e1zal, \u017ee v\u011bt\u0161ina Ital\u016f je proti dal\u0161\u00ed pomoci Ukrajin\u011b.<\/p>\n<figure class=\"wp-block-embed is-type-video is-provider-youtube wp-block-embed-youtube wp-embed-aspect-16-9 wp-has-aspect-ratio\">\n<div class=\"wp-block-embed__wrapper\">\n<p><iframe loading=\"lazy\" title=\"Rusko nen\u00ed ciz\u00ed zem\u011b\" src=\"https:\/\/www.youtube.com\/embed\/UdG3HG0bsOQ?feature=oembed\" width=\"800\" height=\"450\" frameborder=\"0\" allowfullscreen=\"allowfullscreen\" data-mce-fragment=\"1\"><\/iframe><\/p>\n<p><img decoding=\"async\" loading=\"lazy\" class=\"alignnone size-full wp-image-1185\" src=\"http:\/\/www.infokuryr.cz\/n\/wp-content\/uploads\/2021\/04\/kuryr-podpis.png\" alt=\"\" width=\"84\" height=\"24\" \/><\/p>\n<\/div>\n<\/figure>\n<\/div>\n<\/div>\n<div class=\"elementor-element elementor-element-46a8472 elementor-grid-3 elementor-grid-tablet-2 elementor-grid-mobile-1 elementor-posts--thumbnail-top elementor-widget elementor-widget-posts\" data-id=\"46a8472\" data-element_type=\"widget\" data-settings=\"{&quot;classic_row_gap&quot;:{&quot;unit&quot;:&quot;px&quot;,&quot;size&quot;:25,&quot;sizes&quot;:[]},&quot;classic_columns&quot;:&quot;3&quot;,&quot;classic_columns_tablet&quot;:&quot;2&quot;,&quot;classic_columns_mobile&quot;:&quot;1&quot;,&quot;classic_row_gap_tablet&quot;:{&quot;unit&quot;:&quot;px&quot;,&quot;size&quot;:&quot;&quot;,&quot;sizes&quot;:[]},&quot;classic_row_gap_mobile&quot;:{&quot;unit&quot;:&quot;px&quot;,&quot;size&quot;:&quot;&quot;,&quot;sizes&quot;:[]}}\" data-widget_type=\"posts.classic\">\n<div class=\"elementor-widget-container\">\n<div class=\"elementor-posts-container elementor-posts elementor-posts--skin-classic elementor-grid elementor-has-item-ratio\"><\/div>\n<\/div>\n<\/div>\n","protected":false},"excerpt":{"rendered":"<p>Letos v l\u00e9t\u011b se po cel\u00e9 It\u00e1lii objevily stovky plak\u00e1t\u016f s n\u00e1pisem: \u201eRusko nen\u00ed n\u00e1\u0161&#8230;<\/p>\n","protected":false},"author":2,"featured_media":62800,"comment_status":"closed","ping_status":"closed","sticky":false,"template":"","format":"standard","meta":[],"categories":[7],"tags":[191,6149,102,889],"_links":{"self":[{"href":"https:\/\/www.infokuryr.cz\/n\/wp-json\/wp\/v2\/posts\/62799"}],"collection":[{"href":"https:\/\/www.infokuryr.cz\/n\/wp-json\/wp\/v2\/posts"}],"about":[{"href":"https:\/\/www.infokuryr.cz\/n\/wp-json\/wp\/v2\/types\/post"}],"author":[{"embeddable":true,"href":"https:\/\/www.infokuryr.cz\/n\/wp-json\/wp\/v2\/users\/2"}],"replies":[{"embeddable":true,"href":"https:\/\/www.infokuryr.cz\/n\/wp-json\/wp\/v2\/comments?post=62799"}],"version-history":[{"count":1,"href":"https:\/\/www.infokuryr.cz\/n\/wp-json\/wp\/v2\/posts\/62799\/revisions"}],"predecessor-version":[{"id":62801,"href":"https:\/\/www.infokuryr.cz\/n\/wp-json\/wp\/v2\/posts\/62799\/revisions\/62801"}],"wp:featuredmedia":[{"embeddable":true,"href":"https:\/\/www.infokuryr.cz\/n\/wp-json\/wp\/v2\/media\/62800"}],"wp:attachment":[{"href":"https:\/\/www.infokuryr.cz\/n\/wp-json\/wp\/v2\/media?parent=62799"}],"wp:term":[{"taxonomy":"category","embeddable":true,"href":"https:\/\/www.infokuryr.cz\/n\/wp-json\/wp\/v2\/categories?post=62799"},{"taxonomy":"post_tag","embeddable":true,"href":"https:\/\/www.infokuryr.cz\/n\/wp-json\/wp\/v2\/tags?post=62799"}],"curies":[{"name":"wp","href":"https:\/\/api.w.org\/{rel}","templated":true}]}}