{"id":62782,"date":"2024-09-24T02:57:56","date_gmt":"2024-09-24T00:57:56","guid":{"rendered":"https:\/\/www.infokuryr.cz\/n\/?p=62782"},"modified":"2024-09-24T02:57:56","modified_gmt":"2024-09-24T00:57:56","slug":"pocet-obeti-izraelskych-utoku-v-jiznim-libanonu-vzrostl-na-temer-500","status":"publish","type":"post","link":"https:\/\/www.infokuryr.cz\/n\/2024\/09\/24\/pocet-obeti-izraelskych-utoku-v-jiznim-libanonu-vzrostl-na-temer-500\/","title":{"rendered":"Po\u010det ob\u011bt\u00ed izraelsk\u00fdch \u00fatok\u016f v ji\u017en\u00edm Libanonu vzrostl na t\u00e9m\u011b\u0159 500"},"content":{"rendered":"<div id=\"fb-root\"><\/div>\n<div class=\"news-text-body\">\n<p class=\"lead\"><strong>V d\u016fsledku izraelsk\u00fdch \u00fatok\u016f na jihu a v\u00fdchod\u011b Libanonu bylo zabito nejm\u00e9n\u011b 492 lid\u00ed a nejm\u00e9n\u011b 1645 bylo zran\u011bno, uv\u00e1d\u00ed Al-D\u017eaz\u00edra s odkazem na \u00fadaje tamn\u00edho ministerstva zdravotnictv\u00ed.<\/strong><\/p>\n<p><span>Mezi mrtv\u00fdmi bylo p\u0159itom 35 d\u011bt\u00ed, 58 \u017een a dva zdravotn\u00edci, poznamenalo ministerstvo. D\u0159\u00edve se v\u011bd\u011blo o 356 mrtv\u00fdch a 1246 zran\u011bn\u00fdch.<\/span><\/p>\n<p><span>Izrael provedl masivn\u00ed \u00fadery na c\u00edle Hizball\u00e1hu v Libanonu r\u00e1no 23. z\u00e1\u0159\u00ed. Ve stejn\u00fd den tam Izrael zah\u00e1jil vojenskou operaci. N\u00e1\u010deln\u00edk izraelsk\u00e9ho gener\u00e1ln\u00edho \u0161t\u00e1bu gener\u00e1lporu\u010d\u00edk\u00a0<\/span><strong><span>Herzi Halevi<\/span><\/strong><span> ozna\u010dil za sv\u016fj c\u00edl infrastrukturu Hizball\u00e1hu.<\/span><\/p>\n<p><strong><em>&#8222;Zasahujeme c\u00edle a p\u0159ipravujeme se na dal\u0161\u00ed f\u00e1ze,&#8220;<span class=\"after-quote\">\u00a0&#8211; \u0159ekl.<\/span><\/em><\/strong><span>V Izraeli byl vyhl\u00e1\u0161en v\u00fdjime\u010dn\u00fd stav.<\/span><\/p>\n<p><span>Pozd\u011bji k libanonsk\u00e9mu lidu promluvil\u00a0izraelsk\u00fd premi\u00e9r\u00a0<\/span><strong><span>Benjamin Netanjahu<\/span><\/strong><span>\u00a0. Vyzval obyvatelstvo, kter\u00e9 \u017eije v bl\u00edzkosti za\u0159\u00edzen\u00ed Hizball\u00e1hu, aby tato m\u00edsta opustilo. Zd\u016fraznil, \u017ee Izrael nebojuje proti Libanonc\u016fm, ale proti skupin\u011b, a ujistil, \u017ee obyvatel\u00e9 se budou moci v budoucnu vr\u00e1tit do sv\u00fdch domov\u016f.<\/span><\/p>\n<\/div>\n<p><img decoding=\"async\" loading=\"lazy\" class=\"alignnone size-full wp-image-1185\" src=\"http:\/\/www.infokuryr.cz\/n\/wp-content\/uploads\/2021\/04\/kuryr-podpis.png\" alt=\"\" width=\"84\" height=\"24\" \/><\/p>\n<p>&nbsp;<\/p>\n","protected":false},"excerpt":{"rendered":"<p>V d\u016fsledku izraelsk\u00fdch \u00fatok\u016f na jihu a v\u00fdchod\u011b Libanonu bylo zabito nejm\u00e9n\u011b 492 lid\u00ed a&#8230;<\/p>\n","protected":false},"author":2,"featured_media":62783,"comment_status":"closed","ping_status":"closed","sticky":false,"template":"","format":"standard","meta":[],"categories":[7],"tags":[1128,107,405,871],"_links":{"self":[{"href":"https:\/\/www.infokuryr.cz\/n\/wp-json\/wp\/v2\/posts\/62782"}],"collection":[{"href":"https:\/\/www.infokuryr.cz\/n\/wp-json\/wp\/v2\/posts"}],"about":[{"href":"https:\/\/www.infokuryr.cz\/n\/wp-json\/wp\/v2\/types\/post"}],"author":[{"embeddable":true,"href":"https:\/\/www.infokuryr.cz\/n\/wp-json\/wp\/v2\/users\/2"}],"replies":[{"embeddable":true,"href":"https:\/\/www.infokuryr.cz\/n\/wp-json\/wp\/v2\/comments?post=62782"}],"version-history":[{"count":0,"href":"https:\/\/www.infokuryr.cz\/n\/wp-json\/wp\/v2\/posts\/62782\/revisions"}],"wp:featuredmedia":[{"embeddable":true,"href":"https:\/\/www.infokuryr.cz\/n\/wp-json\/wp\/v2\/media\/62783"}],"wp:attachment":[{"href":"https:\/\/www.infokuryr.cz\/n\/wp-json\/wp\/v2\/media?parent=62782"}],"wp:term":[{"taxonomy":"category","embeddable":true,"href":"https:\/\/www.infokuryr.cz\/n\/wp-json\/wp\/v2\/categories?post=62782"},{"taxonomy":"post_tag","embeddable":true,"href":"https:\/\/www.infokuryr.cz\/n\/wp-json\/wp\/v2\/tags?post=62782"}],"curies":[{"name":"wp","href":"https:\/\/api.w.org\/{rel}","templated":true}]}}