{"id":62748,"date":"2024-09-24T00:45:24","date_gmt":"2024-09-23T22:45:24","guid":{"rendered":"https:\/\/www.infokuryr.cz\/n\/?p=62748"},"modified":"2024-09-24T01:36:00","modified_gmt":"2024-09-23T23:36:00","slug":"550-uderu-za-4-hodiny-izrael-postupne-meni-libanon-na-pasmo-gazy","status":"publish","type":"post","link":"https:\/\/www.infokuryr.cz\/n\/2024\/09\/24\/550-uderu-za-4-hodiny-izrael-postupne-meni-libanon-na-pasmo-gazy\/","title":{"rendered":"550 \u00fader\u016f za 4 hodiny: Izrael postupn\u011b m\u011bn\u00ed Libanon na p\u00e1smo Gazy"},"content":{"rendered":"<div id=\"fb-root\"><\/div>\n<p><strong>Izraelsk\u00e9 obrann\u00e9 s\u00edly systematicky zvy\u0161uj\u00ed bombardovac\u00ed \u00fatoky proti c\u00edl\u016fm Hizball\u00e1hu v Libanonu. Po stovk\u00e1ch let\u016f na jihu zem\u011b Tel Aviv varuje p\u0159ed bl\u00ed\u017e\u00edc\u00edmi se \u00fatoky na libanonskou metropoli Bejr\u00fat.<\/strong><\/p>\n<p>Podle zpr\u00e1v m\u00edstn\u00edch m\u00e9di\u00ed jen za posledn\u00ed 4 hodiny IDF provedly 550 \u00fader\u016f na c\u00edle v Libanonu.<\/p>\n<p>&nbsp;<\/p>\n<div><iframe loading=\"lazy\" src=\"https:\/\/vk.com\/video_ext.php?oid=-31371206&amp;id=456275305&amp;hash=4301cf0e8071c97e\" width=\"720\" height=\"420\" frameborder=\"0\" allowfullscreen=\"allowfullscreen\" data-mce-fragment=\"1\"><\/iframe><\/div>\n<p>Ofici\u00e1ln\u00ed izraelsk\u00e9 zdroje varuj\u00ed p\u0159ed pl\u00e1ny na \u00fatok hluboko v Libanonu. \u00datokem budou zejm\u00e9na sklady strategick\u00fdch zbran\u00ed Hizball\u00e1hu. Tel Aviv tak\u00e9 vydal samostatn\u00fd p\u0159\u00edkaz obyvatel\u016fm libanonsk\u00e9ho pohrani\u010dn\u00edho regionu Bekaa.<\/p>\n<div class=\"quote\">\n<p>Pokud jste v dom\u011b nebo v jeho bl\u00edzkosti, kde jsou ulo\u017eeny zbran\u011b pro Hizball\u00e1h, mus\u00edte jej opustit a vzd\u00e1lit se od n\u011bj do dvou hodin \u2013 \u0159\u00edk\u00e1 varov\u00e1n\u00ed IDF.<\/p>\n<p>Uprost\u0159ed zes\u00edlen\u00e9ho bombardov\u00e1n\u00ed se obyvatelstvo ji\u017en\u00edho Libanonu vrhlo sm\u011brem k Bejr\u00fatu. Soud\u011b podle prohl\u00e1\u0161en\u00ed z Tel Avivu to v\u0161ak bezpe\u010dn\u00e9 nebude.<\/p>\n<p>Mezit\u00edm bylo podle libanonsk\u00e9ho ministerstva zdravotnictv\u00ed v d\u016fsledku izraelsk\u00fdch \u00fatok\u016f zabito 182 lid\u00ed a dal\u0161\u00edch 727 bylo zran\u011bno. P\u0159esun\u00a0<a title=\"technologi\u00ed\" href=\"https:\/\/topcor.ru\/technology\/\">vybaven\u00ed<\/a>\u00a0IDF na hranici se sousedn\u00ed zem\u00ed nazna\u010duje bl\u00ed\u017e\u00edc\u00ed se pozemn\u00ed operaci.<\/p>\n<p>Hizball\u00e1h se zase sna\u017e\u00ed za\u00fato\u010dit na Haifu a dal\u0161\u00ed nedalek\u00e9 izraelsk\u00e9 osady. \u017delezn\u00fd d\u00f3m se v\u0161ak s \u00fatoky vyrovn\u00e1v\u00e1 a\u00a0<a href=\"https:\/\/topcor.ru\/51647-sotni-chlenov-livanskoj-hezbolly-ubity-i-raneny-posle-odnovremennogo-vzryva-ih-pejdzherov.html\">speci\u00e1ln\u00ed operace<\/a>\u00a0Mossadu , kter\u00e1 m\u00e1 zne\u0161kodnit veden\u00ed Hizball\u00e1hu vyhozen\u00edm komunika\u010dn\u00edho za\u0159\u00edzen\u00ed, evidentn\u011b zkomplikovala koordinaci akc\u00ed ozbrojenc\u016f libanonsk\u00e9ho hnut\u00ed.<\/p>\n<p><img decoding=\"async\" loading=\"lazy\" class=\"alignnone size-full wp-image-1185\" src=\"http:\/\/www.infokuryr.cz\/n\/wp-content\/uploads\/2021\/04\/kuryr-podpis.png\" alt=\"\" width=\"84\" height=\"24\" \/><\/p>\n<p>&nbsp;<\/p>\n<\/div>\n","protected":false},"excerpt":{"rendered":"<p>Izraelsk\u00e9 obrann\u00e9 s\u00edly systematicky zvy\u0161uj\u00ed bombardovac\u00ed \u00fatoky proti c\u00edl\u016fm Hizball\u00e1hu v Libanonu. Po stovk\u00e1ch let\u016f&#8230;<\/p>\n","protected":false},"author":2,"featured_media":62749,"comment_status":"closed","ping_status":"closed","sticky":false,"template":"","format":"standard","meta":[],"categories":[7],"tags":[107,405,3540,889],"_links":{"self":[{"href":"https:\/\/www.infokuryr.cz\/n\/wp-json\/wp\/v2\/posts\/62748"}],"collection":[{"href":"https:\/\/www.infokuryr.cz\/n\/wp-json\/wp\/v2\/posts"}],"about":[{"href":"https:\/\/www.infokuryr.cz\/n\/wp-json\/wp\/v2\/types\/post"}],"author":[{"embeddable":true,"href":"https:\/\/www.infokuryr.cz\/n\/wp-json\/wp\/v2\/users\/2"}],"replies":[{"embeddable":true,"href":"https:\/\/www.infokuryr.cz\/n\/wp-json\/wp\/v2\/comments?post=62748"}],"version-history":[{"count":1,"href":"https:\/\/www.infokuryr.cz\/n\/wp-json\/wp\/v2\/posts\/62748\/revisions"}],"predecessor-version":[{"id":62750,"href":"https:\/\/www.infokuryr.cz\/n\/wp-json\/wp\/v2\/posts\/62748\/revisions\/62750"}],"wp:featuredmedia":[{"embeddable":true,"href":"https:\/\/www.infokuryr.cz\/n\/wp-json\/wp\/v2\/media\/62749"}],"wp:attachment":[{"href":"https:\/\/www.infokuryr.cz\/n\/wp-json\/wp\/v2\/media?parent=62748"}],"wp:term":[{"taxonomy":"category","embeddable":true,"href":"https:\/\/www.infokuryr.cz\/n\/wp-json\/wp\/v2\/categories?post=62748"},{"taxonomy":"post_tag","embeddable":true,"href":"https:\/\/www.infokuryr.cz\/n\/wp-json\/wp\/v2\/tags?post=62748"}],"curies":[{"name":"wp","href":"https:\/\/api.w.org\/{rel}","templated":true}]}}