{"id":62747,"date":"2024-09-24T00:44:03","date_gmt":"2024-09-23T22:44:03","guid":{"rendered":"https:\/\/www.infokuryr.cz\/n\/?p=62747"},"modified":"2024-09-24T01:35:46","modified_gmt":"2024-09-23T23:35:46","slug":"zastupce-vudce-hizballahu-rika-ze-otevrena-bitva-o-zuctovani-s-izraelem-zacala","status":"publish","type":"post","link":"https:\/\/www.infokuryr.cz\/n\/2024\/09\/24\/zastupce-vudce-hizballahu-rika-ze-otevrena-bitva-o-zuctovani-s-izraelem-zacala\/","title":{"rendered":"Z\u00e1stupce v\u016fdce Hizball\u00e1hu \u0159\u00edk\u00e1, \u017ee \u201eotev\u0159en\u00e1 bitva o z\u00fa\u010dtov\u00e1n\u00ed\u201c s Izraelem za\u010dala"},"content":{"rendered":"<div id=\"fb-root\"><\/div>\n<p><strong>Z\u00e1stupce gener\u00e1ln\u00edho tajemn\u00edka Hizball\u00e1hu Naim Qassem \u0159ekl 22. z\u00e1\u0159\u00ed, \u017ee libanonsk\u00e1 skupina vstoupila do nov\u00e9 f\u00e1ze sv\u00e9 bitvy s Izraelem.<\/strong><\/p>\n<p>B\u011bhem poh\u0159bu nejvy\u0161\u0161\u00edho vojensk\u00e9ho velitele Hizball\u00e1hu Ibrahima Aqila, kter\u00fd byl minul\u00fd t\u00fdden zabit p\u0159i izraelsk\u00e9m \u00fatoku na ji\u017en\u00ed p\u0159edm\u011bst\u00ed libanonsk\u00e9ho hlavn\u00edho m\u011bsta Bejr\u00fatu, Qassem tvrdil, \u017ee ned\u00e1vn\u00e1 izraelsk\u00e1 eskalace povede sp\u00ed\u0161e ke zv\u00fd\u0161en\u00e9mu vys\u00eddlov\u00e1n\u00ed v severn\u00edm Izraeli. ne\u017e n\u00e1vrat obyvatel do regionu.<\/p>\n<p>Stoj\u00ed za zm\u00ednku, \u017ee st\u0159ety na libanonsko-izraelsk\u00e9 hranici, kter\u00e9 vypukly na pozad\u00ed v\u00e1lky v palestinsk\u00e9 enkl\u00e1v\u011b v p\u00e1smu Gazy, dosud vys\u00eddlily t\u00e9m\u011b\u0159 100 000 Izraelc\u016f.<\/p>\n<p>Qassem zd\u016fraznil, \u017ee Hizball\u00e1h z\u016fst\u00e1v\u00e1 nezastra\u0161en\u00fd izraelsk\u00fdmi hrozbami a je p\u0159ipraven \u010delit jak\u00fdmkoli budouc\u00edm vojensk\u00fdm v\u00fdzv\u00e1m.<\/p>\n<p>V\u016fdce vyhl\u00e1sil novou f\u00e1zi bitvy s Izraelem, popsanou jako \u201ebitvu z\u00fa\u010dtov\u00e1n\u00ed s otev\u0159en\u00fdm koncem, kde se skupina bude i nad\u00e1le zapojovat do odporu a konfrontac\u00ed neo\u010dek\u00e1van\u00fdmi zp\u016fsoby a \u00fato\u010dit na nep\u0159\u00edtele, kdy\u017e to bude nejm\u00e9n\u011b o\u010dek\u00e1vat\u201c.<\/p>\n<p>V\u00edce ne\u017e 70 lid\u00ed bylo zabito p\u0159i \u00fatoku na Aqil 20. z\u00e1\u0159\u00ed a p\u0159i izraelsk\u00e9m sabot\u00e1\u017en\u00edm \u00fatoku, jeho\u017e c\u00edlem byla komunika\u010dn\u00ed za\u0159\u00edzen\u00ed pou\u017e\u00edvan\u00e1 \u010dleny Hizball\u00e1hu po cel\u00e9m Libanonu 17. a 18. z\u00e1\u0159\u00ed. Izrael tak\u00e9 zintenzivnil \u00fatoky na ji\u017en\u00ed Libanon, srdce zem\u011b. skupina.<\/p>\n<p>V reakci na tuto eskalaci Hizball\u00e1h zes\u00edlil sv\u00e9 \u00fatoky na Izrael po\u010d\u00e1tkem 22. z\u00e1\u0159\u00ed a odp\u00e1lil v\u00edce ne\u017e sto t\u011b\u017ek\u00fdch raket na leteckou z\u00e1kladnu a vojensko-pr\u016fmyslov\u00fd komplex nach\u00e1zej\u00edc\u00ed se asi 50 kilometr\u016f hluboko v severn\u00edm Izraeli. Nejm\u00e9n\u011b t\u0159i lid\u00e9 byli zran\u011bni raketovou palbou.<\/p>\n<p>St\u0159ety na hranic\u00edch si dosud vy\u017e\u00e1daly 26 mrtv\u00fdch civilist\u016f v Izraeli a na okupovan\u00fdch syrsk\u00fdch Golansk\u00fdch v\u00fd\u0161in\u00e1ch a tak\u00e9 nejm\u00e9n\u011b 22 voj\u00e1k\u016f a bezpe\u010dnostn\u00edch d\u016fstojn\u00edk\u016f. Na libanonsk\u00e9 stran\u011b bylo zabito v\u00edce ne\u017e 900 lid\u00ed, v\u010detn\u011b 500 bojovn\u00edk\u016f Hizball\u00e1hu a v\u00edce ne\u017e 150 civilist\u016f.<\/p>\n<p>Qassemovy pozn\u00e1mky a ned\u00e1vn\u00e9 hrozby vysok\u00fdch izraelsk\u00fdch p\u0159edstavitel\u016f nazna\u010duj\u00ed, \u017ee Hizball\u00e1h a Izrael mo\u017en\u00e1 sm\u011b\u0159uj\u00ed k tot\u00e1ln\u00ed v\u00e1lce.<\/p>\n<p><img decoding=\"async\" loading=\"lazy\" class=\"alignnone size-full wp-image-1185\" src=\"http:\/\/www.infokuryr.cz\/n\/wp-content\/uploads\/2021\/04\/kuryr-podpis.png\" alt=\"\" width=\"84\" height=\"24\" \/><\/p>\n<p>&nbsp;<\/p>\n","protected":false},"excerpt":{"rendered":"<p>Z\u00e1stupce gener\u00e1ln\u00edho tajemn\u00edka Hizball\u00e1hu Naim Qassem \u0159ekl 22. z\u00e1\u0159\u00ed, \u017ee libanonsk\u00e1 skupina vstoupila do nov\u00e9&#8230;<\/p>\n","protected":false},"author":2,"featured_media":59048,"comment_status":"closed","ping_status":"closed","sticky":false,"template":"","format":"standard","meta":[],"categories":[7],"tags":[6772,107,40],"_links":{"self":[{"href":"https:\/\/www.infokuryr.cz\/n\/wp-json\/wp\/v2\/posts\/62747"}],"collection":[{"href":"https:\/\/www.infokuryr.cz\/n\/wp-json\/wp\/v2\/posts"}],"about":[{"href":"https:\/\/www.infokuryr.cz\/n\/wp-json\/wp\/v2\/types\/post"}],"author":[{"embeddable":true,"href":"https:\/\/www.infokuryr.cz\/n\/wp-json\/wp\/v2\/users\/2"}],"replies":[{"embeddable":true,"href":"https:\/\/www.infokuryr.cz\/n\/wp-json\/wp\/v2\/comments?post=62747"}],"version-history":[{"count":0,"href":"https:\/\/www.infokuryr.cz\/n\/wp-json\/wp\/v2\/posts\/62747\/revisions"}],"wp:featuredmedia":[{"embeddable":true,"href":"https:\/\/www.infokuryr.cz\/n\/wp-json\/wp\/v2\/media\/59048"}],"wp:attachment":[{"href":"https:\/\/www.infokuryr.cz\/n\/wp-json\/wp\/v2\/media?parent=62747"}],"wp:term":[{"taxonomy":"category","embeddable":true,"href":"https:\/\/www.infokuryr.cz\/n\/wp-json\/wp\/v2\/categories?post=62747"},{"taxonomy":"post_tag","embeddable":true,"href":"https:\/\/www.infokuryr.cz\/n\/wp-json\/wp\/v2\/tags?post=62747"}],"curies":[{"name":"wp","href":"https:\/\/api.w.org\/{rel}","templated":true}]}}