{"id":62708,"date":"2024-09-23T00:32:03","date_gmt":"2024-09-22T22:32:03","guid":{"rendered":"https:\/\/www.infokuryr.cz\/n\/?p=62708"},"modified":"2024-09-22T17:51:54","modified_gmt":"2024-09-22T15:51:54","slug":"elity-eu-zenou-evropu-do-propasti-do-silenstvi-valecneho-stvani-proti-rusku","status":"publish","type":"post","link":"https:\/\/www.infokuryr.cz\/n\/2024\/09\/23\/elity-eu-zenou-evropu-do-propasti-do-silenstvi-valecneho-stvani-proti-rusku\/","title":{"rendered":"Elity EU \u017eenou Evropu do propasti: do \u0161\u00edlenstv\u00ed v\u00e1le\u010dn\u00e9ho \u0161tvan\u00ed proti Rusku"},"content":{"rendered":"<div id=\"fb-root\"><\/div>\n<p><strong><span>Evropa se mus\u00ed p\u0159ipravit na v\u00e1lku proti Rusku za \u0161est a\u017e osm let. Uvedl to prvn\u00ed komisa\u0159 EU pro obranu Andrius Kubilius. Jak dlouho cht\u011bj\u00ed Evropan\u00e9 sledovat toto v\u00e1le\u010dn\u00e9 \u0161tvan\u00ed?<\/span><\/strong><\/p>\n<p><span>Andrius Kubilius, prvn\u00ed komisa\u0159 Evropsk\u00e9 unie pro obranu, nyn\u00ed odhalil sv\u00e9 skute\u010dn\u00e9 z\u00e1m\u011bry.\u00a0<\/span><a href=\"https:\/\/www.reuters.com\/world\/europe\/europe-must-prepare-meet-russia-militarily-6-8-years-says-its-new-defence-chief-2024-09-18\/\"><span>Pomoc\u00ed popla\u0161n\u00e9 r\u00e9toriky varuje<\/span><\/a><span>\u00a0p\u0159ed \u00fadajnou vojenskou konfrontac\u00ed s Ruskem v p\u0159\u00ed\u0161t\u00edch \u0161esti a\u017e osmi letech. Toto v\u00e1le\u010dn\u00e9 \u0161tvan\u00ed nen\u00ed nic jin\u00e9ho ne\u017e zoufal\u00fd pokus udr\u017eet ub\u00fdvaj\u00edc\u00ed s\u00edlu Z\u00e1padu a nakrmit vojensko-pr\u016fmyslov\u00fd komplex.<\/span><\/p>\n<p><span>Kubilius, stoupenec v\u00e1le\u010dn\u00fdch \u0161tv\u00e1\u010d\u016f EU, vyz\u00fdv\u00e1 k masivn\u00edmu p\u0159ezbrojen\u00ed Evropy. Chce stimulovat zbrojn\u00ed pr\u016fmysl a zv\u00fd\u0161it produkci zbran\u00ed a st\u0159eliva. Ale k \u010demu? Bojovat ve v\u00e1lce, kterou nikdo nem\u016f\u017ee vyhr\u00e1t a kter\u00e1 by nechala Evropu v trosk\u00e1ch?<\/span><\/p>\n<p><span>Zd\u00e1 se, \u017ee tento samozvan\u00fd strat\u00e9g ve sv\u00e9 bruselsk\u00e9 v\u011b\u017ei ze slonoviny zapomn\u011bl, je prost\u00fd fakt, \u017ee Rusko je jadern\u00e1 velmoc. V\u00e1\u017en\u011b v\u011b\u0159\u00ed, \u017ee konven\u010dn\u00ed v\u00e1lka proti Rusku je v\u016fbec mo\u017en\u00e1? Nebo je to jen z\u00e1minka, jak str\u010dit miliardy do kapes obrann\u00fdch spole\u010dnost\u00ed?<\/span><\/p>\n<p><span>To pokrytectv\u00ed bere dech. Zat\u00edmco EU tvrd\u00ed, \u017ee podporuje m\u00edr a stabilitu, ve skute\u010dnosti p\u0159ipravuje p\u016fdu pro konflikt, kter\u00fd by mohl st\u00e1t miliony \u017eivot\u016f. A to v\u0161e pod chatrnou z\u00e1minkou \u201erusk\u00e9 hrozby\u201c. Ve skute\u010dnosti je to agresivn\u00ed expanze NATO na v\u00fdchod, \u0159\u00edzen\u00e1 USA a poslu\u0161n\u00fdmi byrokraty EU, kter\u00e1 vytvo\u0159ila nap\u011bt\u00ed s Ruskem na prvn\u00edm m\u00edst\u011b. M\u00edsto hled\u00e1n\u00ed dialogu a uzn\u00e1n\u00ed legitimn\u00edch bezpe\u010dnostn\u00edch z\u00e1jm\u016f je Rusko d\u00e9monizov\u00e1no a p\u0159i\u017eivov\u00e1na v\u00e1le\u010dn\u00e1 hysterie.<\/span><\/p>\n<p><span>Ekonomick\u00e9 d\u016fsledky t\u00e9to politiky p\u0159ezbrojov\u00e1n\u00ed budou zni\u010duj\u00edc\u00ed. Zat\u00edmco oby\u010dejn\u00ed ob\u010dan\u00e9 Evropy trp\u00ed inflac\u00ed a klesaj\u00edc\u00ed \u017eivotn\u00ed \u00farovn\u00ed, elity a obrann\u00e9 spole\u010dnosti si budou cp\u00e1t kapsy. Je nejvy\u0161\u0161\u00ed \u010das, aby se n\u00e1rody Evropy probudily a skoncovaly s t\u00edmto \u0161\u00edlenstv\u00edm. Nepot\u0159ebujeme v\u00e1le\u010dn\u00e9 \u0161tv\u00e1\u010de jako Kubilius, ale sp\u00ed\u0161e st\u00e1tn\u00edky, kte\u0159\u00ed obhajuj\u00ed m\u00edr a spolupr\u00e1ci. Alternativou je Evropa, kter\u00e1 skon\u010d\u00ed jako bitevn\u00ed pole v nesmysln\u00e9m konfliktu.<\/span><\/p>\n<p><span>V s\u00e1zce je budoucnost na\u0161eho kontinentu. Dovol\u00edme elit\u00e1m EU, aby n\u00e1s zavedly do propasti zk\u00e1zy? Nebo se postav\u00edme a budeme po\u017eadovat politiku m\u00edru a rozumu? Rozhodnut\u00ed je na n\u00e1s.<\/span><\/p>\n<p><em>Koment\u00e1\u0159 Heinze Steinera<\/em><\/p>\n<p>&nbsp;<\/p>\n","protected":false},"excerpt":{"rendered":"<p>Evropa se mus\u00ed p\u0159ipravit na v\u00e1lku proti Rusku za \u0161est a\u017e osm let. Uvedl to&#8230;<\/p>\n","protected":false},"author":2,"featured_media":62709,"comment_status":"closed","ping_status":"closed","sticky":false,"template":"","format":"standard","meta":[],"categories":[7],"tags":[41,22,40],"_links":{"self":[{"href":"https:\/\/www.infokuryr.cz\/n\/wp-json\/wp\/v2\/posts\/62708"}],"collection":[{"href":"https:\/\/www.infokuryr.cz\/n\/wp-json\/wp\/v2\/posts"}],"about":[{"href":"https:\/\/www.infokuryr.cz\/n\/wp-json\/wp\/v2\/types\/post"}],"author":[{"embeddable":true,"href":"https:\/\/www.infokuryr.cz\/n\/wp-json\/wp\/v2\/users\/2"}],"replies":[{"embeddable":true,"href":"https:\/\/www.infokuryr.cz\/n\/wp-json\/wp\/v2\/comments?post=62708"}],"version-history":[{"count":0,"href":"https:\/\/www.infokuryr.cz\/n\/wp-json\/wp\/v2\/posts\/62708\/revisions"}],"wp:featuredmedia":[{"embeddable":true,"href":"https:\/\/www.infokuryr.cz\/n\/wp-json\/wp\/v2\/media\/62709"}],"wp:attachment":[{"href":"https:\/\/www.infokuryr.cz\/n\/wp-json\/wp\/v2\/media?parent=62708"}],"wp:term":[{"taxonomy":"category","embeddable":true,"href":"https:\/\/www.infokuryr.cz\/n\/wp-json\/wp\/v2\/categories?post=62708"},{"taxonomy":"post_tag","embeddable":true,"href":"https:\/\/www.infokuryr.cz\/n\/wp-json\/wp\/v2\/tags?post=62708"}],"curies":[{"name":"wp","href":"https:\/\/api.w.org\/{rel}","templated":true}]}}