{"id":62639,"date":"2024-09-21T07:17:59","date_gmt":"2024-09-21T05:17:59","guid":{"rendered":"https:\/\/www.infokuryr.cz\/n\/?p=62639"},"modified":"2024-09-21T07:17:59","modified_gmt":"2024-09-21T05:17:59","slug":"izrael-po-utocich-na-pager-zahajil-dalsi-masivni-utoky-na-libanon","status":"publish","type":"post","link":"https:\/\/www.infokuryr.cz\/n\/2024\/09\/21\/izrael-po-utocich-na-pager-zahajil-dalsi-masivni-utoky-na-libanon\/","title":{"rendered":"Izrael po \u00fatoc\u00edch na pager zah\u00e1jil dal\u0161\u00ed masivn\u00ed \u00fatoky na Libanon"},"content":{"rendered":"<div id=\"fb-root\"><\/div>\n<p><span style=\"font-size: 18pt;\"><strong>IDF zah\u00e1jila vlnu n\u00e1let\u016f, kter\u00e9 izrael\u0161t\u00ed p\u0159edstavitel\u00e9 naz\u00fdvaj\u00ed \u201enovou f\u00e1z\u00ed\u201c v\u00e1lky<\/strong><\/span><\/p>\n<div class=\"article__text text \">\n<p><span>Izraelsk\u00e9 obrann\u00e9 s\u00edly (IDF) za\u00fato\u010dily n\u00e1lety na ji\u017en\u00ed Libanon ve \u010dtvrtek odpoledne, dva dny pot\u00e9, co tis\u00edce pager\u016f Hizball\u00e1hu explodovaly a stovky zmrza\u010dily p\u0159i zjevn\u00e9 izraelsk\u00e9 sabot\u00e1\u017en\u00ed operaci. \u0160\u00e9f Hizball\u00e1hu Hassan Nasrall\u00e1h prohl\u00e1sil \u00fatoky za\u00a0<\/span><em><span>\u201evyhl\u00e1\u0161en\u00ed v\u00e1lky\u201c.<\/span><\/em><\/p>\n<p><span>Tis\u00edce pager\u016f \u2013 technicky nen\u00e1ro\u010dn\u00fd a \u00fadajn\u011b bezpe\u010dn\u00fd zp\u016fsob komunikace pou\u017e\u00edvan\u00fd \u010dleny Hizball\u00e1hu \u2013 v \u00fater\u00fd sou\u010dasn\u011b odp\u00e1lily po cel\u00e9m Libanonu, zabily tucet lid\u00ed a zranily 3000 dal\u0161\u00edch.<\/span><\/p>\n<p><span>Ve st\u0159edu do\u0161lo k druh\u00e9mu kolu v\u00fdbuch\u016f, kter\u00e9 tentokr\u00e1t zas\u00e1hly ru\u010dn\u00ed vys\u00edla\u010dky. Podle libanonsk\u00e9ho ministerstva zdravotnictv\u00ed bylo do \u010dtvrtka zabito celkem 37 lid\u00ed, v\u010detn\u011b nejm\u00e9n\u011b dvou d\u011bt\u00ed.<\/span><\/p>\n<p><span>Zat\u00edmco Izrael nep\u0159evzal odpov\u011bdnost za v\u00fdbuchy, americk\u00e9, izraelsk\u00e9 a libanonsk\u00e9 zdroje ozna\u010dily za vin\u00edka izraelskou zpravodajskou slu\u017ebu Mossad.<\/span><\/p>\n<p><span>Bezprost\u0159edn\u011b po exploz\u00edch izraelsk\u00fd ministr obrany Yoav Gallant ozn\u00e1mil, \u017ee za\u010d\u00edn\u00e1\u00a0<\/span><em><span>\u201enov\u00e1 f\u00e1ze\u201c<\/span><\/em><span>\u00a0izraelsk\u00e9 t\u00e9m\u011b\u0159 rok trvaj\u00edc\u00ed v\u00e1lky, tato se zam\u011b\u0159ila sp\u00ed\u0161e na Hizball\u00e1h ne\u017e na Hamas.<\/span><\/p>\n<\/div>\n<div class=\"article__updates-dates\">\n<div class=\"js-listing\">\n<div class=\"js-listing__content\">\n<ul class=\"card-list\">\n<li class=\"card-list__item\">\n<div class=\"updates-dates\">\n<p class=\"updates-dates__date\"><span>21. z\u00e1\u0159\u00ed 2024<\/span><\/p>\n<p><strong class=\"updates-dates__time\"><span>04:30 GMT<\/span><\/strong><\/p>\n<div class=\"updates-dates__text text\">\n<p><span>Libanonsk\u00fd Hizball\u00e1h st\u00e1le p\u0159ed\u00e1val sv\u00fdm \u010dlen\u016fm nov\u00e9 pagery Gold Apollo n\u011bkolik hodin p\u0159edt\u00edm, ne\u017e tento t\u00fdden explodovaly tis\u00edce za\u0159\u00edzen\u00ed, uvedla agentura Reuters s odkazem na dva bezpe\u010dnostn\u00ed zdroje.\u00a0<\/span><\/p>\n<p><span>Navzdory prob\u00edhaj\u00edc\u00edmu zamet\u00e1n\u00ed elektronick\u00fdch za\u0159\u00edzen\u00ed k identifikaci hrozeb byla skupina \u00fadajn\u011b p\u0159esv\u011bd\u010dena, \u017ee jsou v bezpe\u010d\u00ed.<\/span><\/p>\n<p><span>Jeden \u010dlen milice podporovan\u00e9 \u00cdr\u00e1nem dostal v pond\u011bl\u00ed nov\u00fd pager, kter\u00fd explodoval dal\u0161\u00ed den, kdy\u017e byl je\u0161t\u011b v krabici, \u0159ekl agentu\u0159e jeden ze zdroj\u016f. Dal\u0161\u00ed zdroj uvedl, \u017ee pager, kter\u00fd byl p\u0159ed\u00e1n star\u0161\u00edmu \u010dlenovi jen p\u0159ed n\u011bkolika dny, p\u0159i v\u00fdbuchu zranil pod\u0159\u00edzen\u00e9ho.<\/span><\/p>\n<\/div>\n<\/div>\n<\/li>\n<li class=\"card-list__item\">\n<div class=\"updates-dates\"><strong class=\"updates-dates__time\"><span>03:34 GMT<\/span><\/strong><\/p>\n<div class=\"updates-dates__text text\">\n<p><span>Japonsk\u00fd Icom uvedl, \u017ee je vysoce nepravd\u011bpodobn\u00e9, \u017ee by vys\u00edla\u010dky pou\u017e\u00edvan\u00e9 ozbrojenou skupinou Hizball\u00e1h, kter\u00e9 explodovaly ve st\u0159edu v Libanonu, byly produkty t\u00e9to spole\u010dnosti.<\/span><\/p>\n<p><span>Jedin\u00fdm zp\u016fsobem, jak prok\u00e1zat, \u017ee nejde o produkty Icom, &#8222;by bylo prov\u00e9st fyzickou kontrolu jedn\u00e9 z po\u0161kozen\u00fdch jednotek,&#8220; uvedla spole\u010dnost.<\/span><\/p>\n<p><span>\u201eDomn\u00edv\u00e1me se v\u0161ak, \u017ee pravd\u011bpodobnost, \u017ee za\u0159\u00edzen\u00ed, kter\u00e1 vybuchla, byla vyrobena spole\u010dnost\u00ed Icom, je extr\u00e9mn\u011b n\u00edzk\u00e1 po srovn\u00e1n\u00ed mnoha informac\u00ed, kter\u00e9 dosud vy\u0161ly najevo, jako je skute\u010dnost, \u017ee r\u00e1dio nem\u011blo n\u00e1lepku s hologramem, \u201c uvedla spole\u010dnost v p\u00e1tek na sv\u00e9m webu.<\/span><\/p>\n<p><span>Icom tak\u00e9 uvedl, \u017ee libanonsk\u00e9 \u00fa\u0159ady ur\u010dily, \u017ee bezdr\u00e1tov\u00e1 za\u0159\u00edzen\u00ed nebyla produkty jejich spole\u010dnosti.<\/span><\/p>\n<p><span>Japonsk\u00e1 firma d\u0159\u00edve uvedla, \u017ee p\u0159ed 10 lety p\u0159estala vyr\u00e1b\u011bt model doty\u010dn\u00fdch za\u0159\u00edzen\u00ed.<\/span><\/p>\n<\/div>\n<\/div>\n<\/li>\n<li class=\"card-list__item\">\n<div class=\"updates-dates\"><strong class=\"updates-dates__time\"><span>02:13 GMT<\/span><\/strong><\/p>\n<div class=\"updates-dates__text text\">\n<p><span>Libanonsk\u00fd ministr zahrani\u010d\u00ed Abdallah Bou Habib tvrdil, \u017ee normalizace pou\u017e\u00edv\u00e1n\u00ed pager\u016f a dal\u0161\u00edch bezdr\u00e1tov\u00fdch za\u0159\u00edzen\u00ed jako bomb by vytvo\u0159ila nebezpe\u010dn\u00fd precedens a rovnala by se\u00a0<\/span><em><span>\u201eotev\u0159en\u00ed Pando\u0159iny sk\u0159\u00ed\u0148ky\u201c.<\/span><\/em><\/p>\n<p><em><span>&#8222;Nikdo na tomto sv\u011bt\u011b u\u017e nen\u00ed v bezpe\u010d\u00ed po elektronick\u00e9m \u00fatoku, kter\u00fd byl ned\u00e1vno proveden v Libanonu,&#8220;<\/span><\/em><span>\u00a0\u0159ekl Rad\u011b bezpe\u010dnosti OSN.<\/span><\/p>\n<p><em><span>\u201eNepochopiteln\u00e9\u201c<\/span><\/em><span>\u00a0\u00fatoky \u201e\u00a0vedly\u00a0<\/span><em><span>ke zran\u011bn\u00edm tis\u00edc\u016f nevinn\u00fdch civilist\u016f, v\u010detn\u011b d\u011bt\u00ed, \u017een a star\u00fdch lid\u00ed,\u201c<\/span><\/em><span>\u00a0dodal Habib a vyzval ostatn\u00ed, aby Izrael odsoudili.<\/span><\/p>\n<p><span>I kdy\u017e Izrael svou roli nepotvrdil ani nepop\u0159el, \u0161iroce se hovo\u0159ilo o tom, \u017ee Mossad byl zodpov\u011bdn\u00fd za vybaven\u00ed tis\u00edc\u016f komunika\u010dn\u00edch za\u0159\u00edzen\u00ed pou\u017e\u00edvan\u00fdch \u010dleny Hizball\u00e1hu v\u00fdbu\u0161ninami. V\u00fdbuchy v Libanonu zabily 37 lid\u00ed, v\u010detn\u011b agent\u016f Hizball\u00e1hu, a zranily asi 3000 lid\u00ed.<\/span><\/p>\n<\/div>\n<\/div>\n<\/li>\n<li class=\"card-list__item\">\n<div class=\"updates-dates\"><strong class=\"updates-dates__time\"><span>01:11 GMT<\/span><\/strong><\/p>\n<div class=\"updates-dates__text text\">\n<p><span>Washington znovu vyzval ke zdr\u017eenlivosti v regionu.\u00a0<\/span><em><span>\u201eI kdy\u017e se objev\u00ed fakta o posledn\u00edch incidentech, ve kter\u00fdch Spojen\u00e9 st\u00e1ty nehr\u00e1ly \u017e\u00e1dnou roli, je nezbytn\u00e9, aby se v\u0161echny strany zdr\u017eely jak\u00fdchkoli akc\u00ed, kter\u00e9 by mohly uvrhnout region do zni\u010duj\u00edc\u00ed v\u00e1lky,\u201c<\/span><\/em><span>\u00a0\u0159ekl velvyslanec Robert Wood v Rad\u011b bezpe\u010dnosti OSN. .\u00a0<\/span><\/p>\n<p><span>Wood z\u00e1rove\u0148 zd\u016fraznil, \u017ee Izrael m\u00e1 pr\u00e1vo br\u00e1nit se p\u0159ed p\u0159eshrani\u010dn\u00edmi \u00fatoky Hizball\u00e1hu.\u00a0<\/span><em><span>\u201e\u017d\u00e1dn\u00fd \u010dlen t\u00e9to Rady, kter\u00fd \u010del\u00ed teroristick\u00e9 organizaci na sv\u00fdch hranic\u00edch, by netoleroval ka\u017edodenn\u00ed raketov\u00e9 \u00fatoky na sv\u00e9 \u00fazem\u00ed a vys\u00eddlen\u00ed des\u00edtek tis\u00edc sv\u00fdch lid\u00ed,\u201c<\/span><\/em><span>\u00a0\u0159ekl.<\/span><\/p>\n<\/div>\n<\/div>\n<\/li>\n<li class=\"card-list__item\">\n<div class=\"updates-dates\">\n<p class=\"updates-dates__date\"><span>20. z\u00e1\u0159\u00ed 2024<\/span><\/p>\n<p><strong class=\"updates-dates__time\"><span>23:45 GMT<\/span><\/strong><\/p>\n<div class=\"updates-dates__text text\">\n<p><span>Izraelsk\u00fd vyslanec p\u0159i OSN Danny Danon vyzval sv\u011bt, aby podnikl kroky proti Hizball\u00e1hu. Obvinil libanonskou vl\u00e1du, \u017ee umo\u017enila\u00a0<\/span><em><span>\u201eteroristick\u00e9 organizaci vybudovat st\u00e1t ve st\u00e1t\u011b a zp\u016fsobit zk\u00e1zu libanonsk\u00fdm ob\u010dan\u016fm\u201c.<\/span><\/em><\/p>\n<p><em><span>&#8222;To je jedin\u00fd zp\u016fsob, jak zabr\u00e1nit dal\u0161\u00ed eskalaci,&#8220;<\/span><\/em><span>\u00a0\u0159ekl.<\/span><\/p>\n<p><span>Danon v p\u00e1tek novin\u00e1\u0159\u016fm \u0159ekl, \u017ee propalestinsk\u00e1 militantn\u00ed skupina mus\u00ed b\u00fdt vyhnan\u00e1 z ji\u017en\u00edho Libanonu a mus\u00ed se j\u00ed zabr\u00e1nit v prov\u00e1d\u011bn\u00ed p\u0159eshrani\u010dn\u00edch \u00fatok\u016f na izraelsk\u00e1 m\u011bsta.<\/span><\/p>\n<p><em><span>\u201ePokud nebude Hizball\u00e1h diplomatick\u00fdm \u00fasil\u00edm zatla\u010den od na\u0161\u00ed hranice na sever od \u0159eky Litani, Izrael nebude m\u00edt jinou mo\u017enost, ne\u017e pou\u017e\u00edt jak\u00e9koli prost\u0159edky v r\u00e1mci na\u0161ich pr\u00e1v k obran\u011b na\u0161ich ob\u010dan\u016f a umo\u017enit evakuovan\u00fdm ze severu vra\u0165te se do sv\u00fdch domov\u016f,\u201c<\/span><\/em><span>\u00a0varoval Danon.<\/span><\/p>\n<div class=\"rtcode\">\n<div class=\"twitter-tweet twitter-tweet-rendered\"><iframe id=\"twitter-widget-0\" class=\"\" title=\"P\u0159\u00edsp\u011bvek X\" src=\"https:\/\/platform.twitter.com\/embed\/Tweet.html?creatorScreenName=RT_com&amp;dnt=false&amp;embedId=twitter-widget-0&amp;features=eyJ0ZndfdGltZWxpbmVfbGlzdCI6eyJidWNrZXQiOltdLCJ2ZXJzaW9uIjpudWxsfSwidGZ3X2ZvbGxvd2VyX2NvdW50X3N1bnNldCI6eyJidWNrZXQiOnRydWUsInZlcnNpb24iOm51bGx9LCJ0ZndfdHdlZXRfZWRpdF9iYWNrZW5kIjp7ImJ1Y2tldCI6Im9uIiwidmVyc2lvbiI6bnVsbH0sInRmd19yZWZzcmNfc2Vzc2lvbiI6eyJidWNrZXQiOiJvbiIsInZlcnNpb24iOm51bGx9LCJ0ZndfZm9zbnJfc29mdF9pbnRlcnZlbnRpb25zX2VuYWJsZWQiOnsiYnVja2V0Ijoib24iLCJ2ZXJzaW9uIjpudWxsfSwidGZ3X21peGVkX21lZGlhXzE1ODk3Ijp7ImJ1Y2tldCI6InRyZWF0bWVudCIsInZlcnNpb24iOm51bGx9LCJ0ZndfZXhwZXJpbWVudHNfY29va2llX2V4cGlyYXRpb24iOnsiYnVja2V0IjoxMjA5NjAwLCJ2ZXJzaW9uIjpudWxsfSwidGZ3X3Nob3dfYmlyZHdhdGNoX3Bpdm90c19lbmFibGVkIjp7ImJ1Y2tldCI6Im9uIiwidmVyc2lvbiI6bnVsbH0sInRmd19kdXBsaWNhdGVfc2NyaWJlc190b19zZXR0aW5ncyI6eyJidWNrZXQiOiJvbiIsInZlcnNpb24iOm51bGx9LCJ0ZndfdXNlX3Byb2ZpbGVfaW1hZ2Vfc2hhcGVfZW5hYmxlZCI6eyJidWNrZXQiOiJvbiIsInZlcnNpb24iOm51bGx9LCJ0ZndfdmlkZW9faGxzX2R5bmFtaWNfbWFuaWZlc3RzXzE1MDgyIjp7ImJ1Y2tldCI6InRydWVfYml0cmF0ZSIsInZlcnNpb24iOm51bGx9LCJ0ZndfbGVnYWN5X3RpbWVsaW5lX3N1bnNldCI6eyJidWNrZXQiOnRydWUsInZlcnNpb24iOm51bGx9LCJ0ZndfdHdlZXRfZWRpdF9mcm9udGVuZCI6eyJidWNrZXQiOiJvbiIsInZlcnNpb24iOm51bGx9fQ%3D%3D&amp;frame=false&amp;hideCard=false&amp;hideThread=false&amp;id=1837223803119882583&amp;lang=cs&amp;maxWidth=560px&amp;origin=https%3A%2F%2Fswentr.site%2Fnews%2F604304-israel-lebanon-hezbollah-strikes%2F&amp;sessionId=36718dfbaf3e35b227aa3299e123513c9fb25e7f&amp;siteScreenName=RT_com&amp;theme=light&amp;widgetsVersion=2615f7e52b7e0%3A1702314776716&amp;width=550px\" frameborder=\"0\" scrolling=\"no\" allowfullscreen=\"allowfullscreen\" data-tweet-id=\"1837223803119882583\" data-mce-fragment=\"1\"><\/iframe><\/div>\n<\/div>\n<\/div>\n<\/div>\n<\/li>\n<li class=\"card-list__item\">\n<div class=\"updates-dates\"><strong class=\"updates-dates__time\"><span>22:09 GMT<\/span><\/strong><\/p>\n<div class=\"updates-dates__text text\">\n<p><span>Rusk\u00fd vyslanec Vasilij Nebenzia ve sv\u00e9m projevu v Rad\u011b bezpe\u010dnosti OSN odsoudil tento t\u00fdden v\u00fdbuch pageru a vys\u00edla\u010dky v Libanonu jako\u00a0<\/span><em><span>\u201eteroristick\u00fd \u010din, kter\u00fd p\u0159edstavuje hrozbu pro region\u00e1ln\u00ed m\u00edr a bezpe\u010dnost\u201c.<\/span><\/em><span>\u00a0Takov\u00e9 \u00fatoky by mohly m\u00edt\u00a0pro Bl\u00edzk\u00fd v\u00fdchod\u00a0\u00a0<\/span><em><span>\u201enep\u0159edv\u00eddateln\u00e9 d\u016fsledky\u201c , dodal.<\/span><\/em><\/p>\n<p><span>Ani\u017e by p\u0159\u00edmo obvinil Izrael, Nebenzia tvrdil, \u017ee\u00a0<\/span><em><span>\u201eorganiz\u00e1to\u0159i\u201c<\/span><\/em><span>\u00a0v\u00fdbuch\u016f cht\u011bli\u00a0<\/span><em><span>\u201evyprovokovat novou velkou bl\u00edzkov\u00fdchodn\u00ed v\u00e1lku\u201c.<\/span><\/em><\/p>\n<p><span>Odsoudil tak\u00e9 ned\u00e1vn\u00e9 izraelsk\u00e9 n\u00e1lety v Libanonu a vyzval v\u0161echny strany, aby projevily\u00a0<\/span><em><span>\u201emaxim\u00e1ln\u00ed zdr\u017eenlivost\u201c<\/span><\/em><span>\u00a0a dos\u00e1hly\u00a0<\/span><em><span>\u201eokam\u017eit\u00e9ho p\u0159\u00edm\u011b\u0159\u00ed\u201c.<\/span><\/em><\/p>\n<\/div>\n<\/div>\n<\/li>\n<li class=\"card-list__item\">\n<div class=\"updates-dates\"><strong class=\"updates-dates__time\"><span>19:21 GMT<\/span><\/strong><\/p>\n<div class=\"updates-dates__text text\">\n<p><span>Rada bezpe\u010dnosti OSN se se\u0161la, aby projednala situaci v Libanonu. N\u00e1m\u011bstkyn\u011b gener\u00e1ln\u00edho tajemn\u00edka OSN pro politick\u00e9 z\u00e1le\u017eitosti a z\u00e1le\u017eitosti budov\u00e1n\u00ed m\u00edru Rosemary DiCarlo p\u0159i zah\u00e1jen\u00ed sch\u016fzky poznamenala, \u017ee boje mezi Izraelem a Hizball\u00e1hem ji\u017e vyhnaly z domov\u016f v\u00edce ne\u017e 100 000 lid\u00ed v ji\u017en\u00edm Libanonu a 60 000 v severn\u00edm Izraeli.<\/span><\/p>\n<p><em><span>\u201eP\u0159est\u0159elky si vy\u017e\u00e1daly \u010detn\u00e9 ob\u011bti, v\u010detn\u011b civilist\u016f, a zna\u010dn\u00e9 \u0161kody na domech, civiln\u00ed infrastruktu\u0159e a zem\u011bd\u011blsk\u00e9 p\u016fd\u011b,\u201c<\/span><\/em><span>\u00a0uvedla a dodala, \u017ee\u00a0<\/span><em><span>\u201eriziko dal\u0161\u00edho roz\u0161i\u0159ov\u00e1n\u00ed tohoto cyklu n\u00e1sil\u00ed je mimo\u0159\u00e1dn\u011b v\u00e1\u017en\u00e9 a p\u0159edstavuje v\u00e1\u017en\u00e9 ohro\u017een\u00ed bezpe\u010dnosti Libanonu, Izraele a cel\u00e9ho regionu.<\/span><\/em><\/p>\n<\/div>\n<\/div>\n<\/li>\n<li class=\"card-list__item\">\n<div class=\"updates-dates\"><strong class=\"updates-dates__time\"><span>18:03 GMT<\/span><\/strong><\/p>\n<div class=\"updates-dates__text text\">\n<p><em><span>\u201eNa\u0161e c\u00edle jsou jasn\u00e9 a na\u0161e \u010diny mluv\u00ed samy za sebe,\u201c<\/span><\/em><span>\u00a0uvedl v kr\u00e1tk\u00e9m prohl\u00e1\u0161en\u00ed izraelsk\u00fd premi\u00e9r Benjamin Netanjahu. Netanjahu nep\u0159iznal, \u017ee Izrael je ve v\u00e1le\u010dn\u00e9m stavu s Libanonem, ale jeho ozn\u00e1men\u00ed p\u0159i\u0161lo den pot\u00e9, co \u0159ekl, \u017ee izraelsk\u00e9 v\u00e1le\u010dn\u00e9 c\u00edle \u2013 kter\u00e9 se dosud zam\u011b\u0159ovaly na zni\u010den\u00ed Ham\u00e1su v Gaze \u2013 byly roz\u0161\u00ed\u0159eny tak, aby umo\u017enily Izraelc\u016fm vr\u00e1tit se do evakuovan\u00fdch oblast\u00ed pobl\u00ed\u017e hranic.<\/span><\/p>\n<p><span>Za\u010d\u00e1tkem tohoto t\u00fddne izraelsk\u00fd ministr obrany Yoav Gallant prohl\u00e1sil, \u017ee\u00a0<\/span><em><span>\u201evojensk\u00e1 akce\u201c<\/span><\/em><span>\u00a0je\u00a0<\/span><em><span>\u201ejedin\u00fdm zp\u016fsobem\u201c,<\/span><\/em><span>\u00a0jak tohoto c\u00edle dos\u00e1hnout.<\/span><\/p>\n<\/div>\n<\/div>\n<\/li>\n<li class=\"card-list__item\">\n<div class=\"updates-dates\"><strong class=\"updates-dates__time\"><span>16:24 GMT<\/span><\/strong><\/p>\n<div class=\"updates-dates__text text\">\n<p><span>\u017dena a d\u011bti arabsk\u00e9ho korespondenta RT Husseina Ayada byly zran\u011bny p\u0159i izraelsk\u00e9m n\u00e1letu, uvedla v p\u00e1tek s\u00ed\u0165. Ayadova rodina bydlela v \u010din\u017eovn\u00edm dom\u011b vedle m\u00edsta v\u00fdbuchu a po incidentu byla p\u0159evezena do nedalek\u00e9 nemocnice.<\/span><\/p>\n<p><span>Tiskov\u00e1 kancel\u00e1\u0159 RT popsala jejich p\u0159e\u017eit\u00ed jako\u00a0<\/span><em><span>\u201ez\u00e1zra\u010dn\u00e9\u201c<\/span><\/em><span>\u00a0a pop\u0159\u00e1la Ayadov\u011b rodin\u011b brzk\u00e9 uzdraven\u00ed.<\/span><\/p>\n<p><span>Videoz\u00e1znam z m\u00edsta z\u00e1sahu ukazuje c\u00edlovou budovu zcela srovnanou se zem\u00ed a rozs\u00e1hl\u00e9 po\u0161kozen\u00ed okoln\u00edch budov.<\/span><\/p>\n<div id=\"mediaplayer-container66eda76885f540379b49664e\" class=\"mediaplayer js-mediaplayer-container\">\n<div id=\"js-mediaplayer-66eda76885f540379b49664e\" class=\"jwplayer jw-reset jw-state-idle jw-skin-five jw-stretch-uniform jw-flag-aspect-mode jw-breakpoint-6\" tabindex=\"0\">\n<div class=\"jw-aspect jw-reset\"><\/div>\n<div class=\"jw-preview jw-reset\">\n<div style=\"width: 640px;\" class=\"wp-video\"><!--[if lt IE 9]><script>document.createElement('video');<\/script><![endif]-->\n<video class=\"wp-video-shortcode\" id=\"video-62639-1\" width=\"640\" height=\"360\" preload=\"metadata\" controls=\"controls\"><source type=\"video\/mp4\" src=\"http:\/\/www.infokuryr.cz\/n\/wp-content\/uploads\/2024\/09\/66eda76885f540379b49664e.mp4?_=1\" \/><a href=\"http:\/\/www.infokuryr.cz\/n\/wp-content\/uploads\/2024\/09\/66eda76885f540379b49664e.mp4\">http:\/\/www.infokuryr.cz\/n\/wp-content\/uploads\/2024\/09\/66eda76885f540379b49664e.mp4<\/a><\/video><\/div>\n<p>Izraelsk\u00e1 arm\u00e1da potvrdila, \u017ee p\u0159i p\u00e1te\u010dn\u00edm n\u00e1letu byl zabit vysok\u00fd velitel Hizball\u00e1hu Ibrahim Aqil. Spolu s Aqilem byli zlikvidov\u00e1ni dal\u0161\u00ed dva velitel\u00e9, uvedla IDF v prohl\u00e1\u0161en\u00ed.<\/p><\/div>\n<\/div>\n<div>\n<img decoding=\"async\" loading=\"lazy\" class=\"alignnone size-full wp-image-1185\" src=\"http:\/\/www.infokuryr.cz\/n\/wp-content\/uploads\/2021\/04\/kuryr-podpis.png\" alt=\"\" width=\"84\" height=\"24\" \/><\/p>\n<\/div>\n<\/div>\n<\/div>\n<\/div>\n<\/li>\n<\/ul>\n<\/div>\n<\/div>\n<\/div>\n","protected":false},"excerpt":{"rendered":"<p>IDF zah\u00e1jila vlnu n\u00e1let\u016f, kter\u00e9 izrael\u0161t\u00ed p\u0159edstavitel\u00e9 naz\u00fdvaj\u00ed \u201enovou f\u00e1z\u00ed\u201c v\u00e1lky Izraelsk\u00e9 obrann\u00e9 s\u00edly (IDF)&#8230;<\/p>\n","protected":false},"author":2,"featured_media":62641,"comment_status":"closed","ping_status":"closed","sticky":false,"template":"","format":"standard","meta":[],"categories":[7],"tags":[107,405,1863,40],"_links":{"self":[{"href":"https:\/\/www.infokuryr.cz\/n\/wp-json\/wp\/v2\/posts\/62639"}],"collection":[{"href":"https:\/\/www.infokuryr.cz\/n\/wp-json\/wp\/v2\/posts"}],"about":[{"href":"https:\/\/www.infokuryr.cz\/n\/wp-json\/wp\/v2\/types\/post"}],"author":[{"embeddable":true,"href":"https:\/\/www.infokuryr.cz\/n\/wp-json\/wp\/v2\/users\/2"}],"replies":[{"embeddable":true,"href":"https:\/\/www.infokuryr.cz\/n\/wp-json\/wp\/v2\/comments?post=62639"}],"version-history":[{"count":0,"href":"https:\/\/www.infokuryr.cz\/n\/wp-json\/wp\/v2\/posts\/62639\/revisions"}],"wp:featuredmedia":[{"embeddable":true,"href":"https:\/\/www.infokuryr.cz\/n\/wp-json\/wp\/v2\/media\/62641"}],"wp:attachment":[{"href":"https:\/\/www.infokuryr.cz\/n\/wp-json\/wp\/v2\/media?parent=62639"}],"wp:term":[{"taxonomy":"category","embeddable":true,"href":"https:\/\/www.infokuryr.cz\/n\/wp-json\/wp\/v2\/categories?post=62639"},{"taxonomy":"post_tag","embeddable":true,"href":"https:\/\/www.infokuryr.cz\/n\/wp-json\/wp\/v2\/tags?post=62639"}],"curies":[{"name":"wp","href":"https:\/\/api.w.org\/{rel}","templated":true}]}}