{"id":62624,"date":"2024-09-21T02:41:17","date_gmt":"2024-09-21T00:41:17","guid":{"rendered":"https:\/\/www.infokuryr.cz\/n\/?p=62624"},"modified":"2024-09-21T02:41:17","modified_gmt":"2024-09-21T00:41:17","slug":"pri-izraelskem-naletu-by-zabit-vrchni-velitel-hizballahu","status":"publish","type":"post","link":"https:\/\/www.infokuryr.cz\/n\/2024\/09\/21\/pri-izraelskem-naletu-by-zabit-vrchni-velitel-hizballahu\/","title":{"rendered":"P\u0159i izraelsk\u00e9m n\u00e1letu by zabit vrchn\u00ed velitel Hizball\u00e1hu"},"content":{"rendered":"<div id=\"fb-root\"><\/div>\n<p><span style=\"font-size: 18pt;\"><strong>Izraelsk\u00fd \u201ep\u0159esn\u00fd \u00fader\u201c na Bejr\u00fat zni\u010dil Ibrahima Aqila a n\u011bkolik dal\u0161\u00edch<\/strong><\/span><\/p>\n<p><span>Ibrahim Aqil, \u0161\u00e9f elitn\u00ed jednotky Hizball\u00e1hu Radwan, byl zabit p\u0159i c\u00edlen\u00e9m \u00fatoku v Bejr\u00fatu v Libanonu, ozn\u00e1mily v p\u00e1tek Izraelsk\u00e9 obrann\u00e9 s\u00edly (IDF).\u00a0<\/span><\/p>\n<p><span>Hizball\u00e1h o n\u011bkolik hodin pozd\u011bji vydal prohl\u00e1\u0161en\u00ed potvrzuj\u00edc\u00ed Aqilovu smrt.<\/span><\/p>\n<p><span>USA obvinily Aqila z bombardov\u00e1n\u00ed americk\u00e9ho velvyslanectv\u00ed v Bejr\u00fatu v dubnu 1983, p\u0159i kter\u00e9m zahynulo 63 lid\u00ed, a v roce 2019 na jeho hlavu vypsaly odm\u011bnu 7 milion\u016f dolar\u016f.<\/span><\/p>\n<p><em><span>\u201eSt\u00edha\u010dky letectva zam\u00ed\u0159ily na oblast Bejr\u00fatu a zabily Ibrahima Aqila, \u0161\u00e9fa opera\u010dn\u00edho t\u00fdmu teroristick\u00e9 organizace Hizball\u00e1h, \u00fa\u0159aduj\u00edc\u00edho velitele jednotky Radwana a velitele \u201aPl\u00e1nu dobyt\u00ed Galile\u2018,\u201c<\/span><\/em><span>\u00a0uvedla IDF v prohl\u00e1\u0161en\u00ed.<\/span><\/p>\n<p><span>N\u011bkolik Radwanov\u00fdch nejvy\u0161\u0161\u00edch d\u016fstojn\u00edk\u016f bylo tak\u00e9\u00a0<\/span><em><span>\u201eeliminov\u00e1no\u201c<\/span><\/em><span>\u00a0spolu s Aqilem, uvedla IDF. Izraelsk\u00e1 arm\u00e1da uvedla, \u017ee Aqil a jeho jednotka pl\u00e1nuj\u00ed n\u00e1let na Galileu ve stejn\u00e9 linii jako \u00fatok Hizball\u00e1hu ze 7. \u0159\u00edjna z Gazy.<\/span><\/p>\n<p><span>Nejm\u00e9n\u011b t\u0159i lid\u00e9 byli zabiti a 17 zran\u011bno p\u0159i bombardov\u00e1n\u00ed, \u0159ekly v p\u00e1tek agentu\u0159e Axios dva izraelsk\u00e9 bezpe\u010dnostn\u00ed zdroje. Saudsk\u00e1 televize Al-Arab\u00edja uvedla, \u017ee Aqil byl zabit p\u0159i izraelsk\u00e9m \u00fatoku. Hizball\u00e1h jeho smrt nepotvrdil.<\/span><\/p>\n<p><span>Podle IDF byl Aqil vedouc\u00edm operac\u00ed Hizball\u00e1hu od roku 2004 a byl zodpov\u011bdn\u00fd za n\u011bkolik \u00fatok\u016f na Izrael. Izraelsk\u00e1 arm\u00e1da uvedla, \u017ee\u00a0<\/span><em><span>\u201ebude nad\u00e1le jednat tak, aby podkopala schopnosti a po\u0161kodila teroristickou organizaci Hizball\u00e1h\u201c.<\/span><\/em><\/p>\n<p><span>Izrael zes\u00edlil leteck\u00e9 a d\u011blost\u0159eleck\u00e9 \u00fatoky na Libanon pot\u00e9, co ministr obrany Yoav Gallant ve st\u0159edu ozn\u00e1mil\u00a0<\/span><em><span>\u201enovou f\u00e1zi v\u00e1lky\u201c<\/span><\/em><span>\u00a0proti Hizball\u00e1hu. Za\u010d\u00e1tkem tohoto t\u00fddne Izrael tvrdil, \u017ee na d\u00e1lku aktivoval stovky pager\u016f a dal\u0161\u00edch komunika\u010dn\u00edch za\u0159\u00edzen\u00ed v rukou Hizball\u00e1hu, p\u0159i\u010dem\u017e zabil nejm\u00e9n\u011b 37 lid\u00ed a zranil odhadem 3000, v\u010detn\u011b d\u011bt\u00ed.<\/span><\/p>\n<p><span>V\u016fdce Hizball\u00e1hu Hassan Nasrall\u00e1h popsal \u00fatok jako\u00a0<\/span><em><span>\u201emasakr\u201c<\/span><\/em><span>\u00a0a\u00a0<\/span><em><span>\u201evyhl\u00e1\u0161en\u00ed v\u00e1lky\u201c a<\/span><\/em><span>\u00a0obvinil Izrael z\u00a0<\/span><em><span>\u201e\u010dist\u00e9ho terorismu\u201c<\/span><\/em><span>\u00a0a\u00a0<\/span><em><span>\u201ev\u00e1le\u010dn\u00fdch zlo\u010din\u016f\u201c<\/span><\/em><span>\u00a0, kter\u00e9 p\u0159ekro\u010dily\u00a0<\/span><em><span>\u201ev\u0161echna omezen\u00ed a \u010derven\u00e9 \u010d\u00e1ry\u201c.<\/span><\/em><\/p>\n<p><img decoding=\"async\" loading=\"lazy\" class=\"alignnone size-full wp-image-1185\" src=\"http:\/\/www.infokuryr.cz\/n\/wp-content\/uploads\/2021\/04\/kuryr-podpis.png\" alt=\"\" width=\"84\" height=\"24\" \/><\/p>\n<p>&nbsp;<\/p>\n","protected":false},"excerpt":{"rendered":"<p>Izraelsk\u00fd \u201ep\u0159esn\u00fd \u00fader\u201c na Bejr\u00fat zni\u010dil Ibrahima Aqila a n\u011bkolik dal\u0161\u00edch Ibrahim Aqil, \u0161\u00e9f elitn\u00ed&#8230;<\/p>\n","protected":false},"author":2,"featured_media":39635,"comment_status":"closed","ping_status":"closed","sticky":false,"template":"","format":"standard","meta":[],"categories":[7],"tags":[6772,107,3203,3526],"_links":{"self":[{"href":"https:\/\/www.infokuryr.cz\/n\/wp-json\/wp\/v2\/posts\/62624"}],"collection":[{"href":"https:\/\/www.infokuryr.cz\/n\/wp-json\/wp\/v2\/posts"}],"about":[{"href":"https:\/\/www.infokuryr.cz\/n\/wp-json\/wp\/v2\/types\/post"}],"author":[{"embeddable":true,"href":"https:\/\/www.infokuryr.cz\/n\/wp-json\/wp\/v2\/users\/2"}],"replies":[{"embeddable":true,"href":"https:\/\/www.infokuryr.cz\/n\/wp-json\/wp\/v2\/comments?post=62624"}],"version-history":[{"count":0,"href":"https:\/\/www.infokuryr.cz\/n\/wp-json\/wp\/v2\/posts\/62624\/revisions"}],"wp:featuredmedia":[{"embeddable":true,"href":"https:\/\/www.infokuryr.cz\/n\/wp-json\/wp\/v2\/media\/39635"}],"wp:attachment":[{"href":"https:\/\/www.infokuryr.cz\/n\/wp-json\/wp\/v2\/media?parent=62624"}],"wp:term":[{"taxonomy":"category","embeddable":true,"href":"https:\/\/www.infokuryr.cz\/n\/wp-json\/wp\/v2\/categories?post=62624"},{"taxonomy":"post_tag","embeddable":true,"href":"https:\/\/www.infokuryr.cz\/n\/wp-json\/wp\/v2\/tags?post=62624"}],"curies":[{"name":"wp","href":"https:\/\/api.w.org\/{rel}","templated":true}]}}