{"id":62608,"date":"2024-09-21T00:43:30","date_gmt":"2024-09-20T22:43:30","guid":{"rendered":"https:\/\/www.infokuryr.cz\/n\/?p=62608"},"modified":"2024-09-20T14:39:19","modified_gmt":"2024-09-20T12:39:19","slug":"syrska-armada-sestrelila-devet-dronu-nad-idlibem-lattakia","status":"publish","type":"post","link":"https:\/\/www.infokuryr.cz\/n\/2024\/09\/21\/syrska-armada-sestrelila-devet-dronu-nad-idlibem-lattakia\/","title":{"rendered":"Syrsk\u00e1 arm\u00e1da sest\u0159elila dev\u011bt dron\u016f nad Idlibem, Lattakia"},"content":{"rendered":"<div id=\"fb-root\"><\/div>\n<p><strong>Syrsk\u00e1 protivzdu\u0161n\u00e1 obrana sest\u0159elila dev\u011bt dron\u016f ve sm\u011brech Idlib a Lattakia, ozn\u00e1milo 19. z\u00e1\u0159\u00ed syrsk\u00e9 ministerstvo obrany.<\/strong><\/p>\n<p>V kr\u00e1tk\u00e9m prohl\u00e1\u0161en\u00ed ministerstvo uvedlo, \u017ee se drony pokusily zac\u00edlit na \u0159adu vojensk\u00fdch stanovi\u0161\u0165 a okoln\u00edch civiln\u00edch oblast\u00ed.<\/p>\n<p>N\u011bkolik fotografi\u00ed zve\u0159ejn\u011bn\u00fdch ministerstvem ukazovalo trosky dron\u016f. V\u011bt\u0161ina dron\u016f byly kvadrokopt\u00e9ry, bu\u010f vyzbrojen\u00e9 malou ne\u0159\u00edzenou munic\u00ed, nebo upraven\u00e9 pro sebevra\u017eedn\u00e9 \u00fatoky FPV. N\u011bkolik dal\u0161\u00edch byly sebevra\u017eedn\u00e9 drony s pevn\u00fdmi k\u0159\u00eddly, kter\u00e9 se obvykle pou\u017e\u00edvaj\u00ed p\u0159i \u00fatoc\u00edch za frontou.<\/p>\n<p>Ministerstvo tak\u00e9 zve\u0159ejnilo video ukazuj\u00edc\u00ed sest\u0159elen\u00ed kvadrokopt\u00e9rov\u00e9ho dronu bl\u00edzko m\u00edsta, kter\u00e9 se zd\u00e1 b\u00fdt vojensk\u00e9.<\/p>\n<div id=\"gallery-1\" class=\"gallery galleryid-210607 gallery-columns-3 gallery-size-thumbnail\"><\/div>\n<p><iframe loading=\"lazy\" src=\"https:\/\/www.facebook.com\/plugins\/video.php?height=314&amp;href=https%3A%2F%2Fwww.facebook.com%2Fmod.gov.sy%2Fvideos%2F1053162992873704%2F&amp;show_text=false&amp;width=560&amp;t=0\" width=\"560\" height=\"314\" frameborder=\"0\" scrolling=\"no\" allowfullscreen=\"allowfullscreen\" data-mce-fragment=\"1\"><\/iframe><\/p>\n<p>V\u011bt\u0161ina guvernor\u00e1tu Idlib a severn\u00ed krajina guvernor\u00e1tu Lattakia jsou sou\u010d\u00e1st\u00ed takzvan\u00e9 oblasti Velk\u00e9ho Idlibu, kterou ovl\u00e1d\u00e1 Hay&#8217;at Tahrir al-Sham (HTS) p\u0159idru\u017een\u00fd k al-K\u00e1id\u011b. Za \u00fatokem dronu s nejv\u011bt\u0161\u00ed pravd\u011bpodobnost\u00ed st\u00e1la teroristick\u00e1 skupina.<\/p>\n<p>HTS a jej\u00ed spojenci eskalovali sv\u00e9 \u00fatoky v posledn\u00edch t\u00fddnech uprost\u0159ed obnoven\u00e9ho \u00fasil\u00ed o renormalizaci vztah\u016f mezi Tureckem, kter\u00e9 udr\u017euje velkou s\u00edlu v Idlibu, a vl\u00e1dou Dama\u0161ku. Tyto snahy \u00fadajn\u011b vede Rusko s pomoc\u00ed \u00cdr\u00e1nu a Ir\u00e1ku.<\/p>\n<p>Tato eskalace, kter\u00e1 ohro\u017euje p\u0159\u00edm\u011b\u0159\u00ed zprost\u0159edkovan\u00e9 Ruskem a Tureckem p\u0159ed v\u00edce ne\u017e \u010dty\u0159mi lety, se zd\u00e1 b\u00fdt pokusem o sabot\u00e1\u017e syrsko-tureck\u00fdch rozhovor\u016f.<\/p>\n<p><img decoding=\"async\" loading=\"lazy\" class=\"alignnone size-full wp-image-1185\" src=\"http:\/\/www.infokuryr.cz\/n\/wp-content\/uploads\/2021\/04\/kuryr-podpis.png\" alt=\"\" width=\"84\" height=\"24\" \/><\/p>\n<p>&nbsp;<\/p>\n","protected":false},"excerpt":{"rendered":"<p>Syrsk\u00e1 protivzdu\u0161n\u00e1 obrana sest\u0159elila dev\u011bt dron\u016f ve sm\u011brech Idlib a Lattakia, ozn\u00e1milo 19. z\u00e1\u0159\u00ed syrsk\u00e9&#8230;<\/p>\n","protected":false},"author":2,"featured_media":62609,"comment_status":"closed","ping_status":"closed","sticky":false,"template":"","format":"standard","meta":[],"categories":[7],"tags":[2856,4380,147],"_links":{"self":[{"href":"https:\/\/www.infokuryr.cz\/n\/wp-json\/wp\/v2\/posts\/62608"}],"collection":[{"href":"https:\/\/www.infokuryr.cz\/n\/wp-json\/wp\/v2\/posts"}],"about":[{"href":"https:\/\/www.infokuryr.cz\/n\/wp-json\/wp\/v2\/types\/post"}],"author":[{"embeddable":true,"href":"https:\/\/www.infokuryr.cz\/n\/wp-json\/wp\/v2\/users\/2"}],"replies":[{"embeddable":true,"href":"https:\/\/www.infokuryr.cz\/n\/wp-json\/wp\/v2\/comments?post=62608"}],"version-history":[{"count":1,"href":"https:\/\/www.infokuryr.cz\/n\/wp-json\/wp\/v2\/posts\/62608\/revisions"}],"predecessor-version":[{"id":62610,"href":"https:\/\/www.infokuryr.cz\/n\/wp-json\/wp\/v2\/posts\/62608\/revisions\/62610"}],"wp:featuredmedia":[{"embeddable":true,"href":"https:\/\/www.infokuryr.cz\/n\/wp-json\/wp\/v2\/media\/62609"}],"wp:attachment":[{"href":"https:\/\/www.infokuryr.cz\/n\/wp-json\/wp\/v2\/media?parent=62608"}],"wp:term":[{"taxonomy":"category","embeddable":true,"href":"https:\/\/www.infokuryr.cz\/n\/wp-json\/wp\/v2\/categories?post=62608"},{"taxonomy":"post_tag","embeddable":true,"href":"https:\/\/www.infokuryr.cz\/n\/wp-json\/wp\/v2\/tags?post=62608"}],"curies":[{"name":"wp","href":"https:\/\/api.w.org\/{rel}","templated":true}]}}