{"id":62607,"date":"2024-09-21T00:42:11","date_gmt":"2024-09-20T22:42:11","guid":{"rendered":"https:\/\/www.infokuryr.cz\/n\/?p=62607"},"modified":"2024-09-20T14:34:02","modified_gmt":"2024-09-20T12:34:02","slug":"pri-intenzivnich-izraelskych-utocich-na-libanon-bylo-zniceno-vice-nez-100-raketometu-hizballahu","status":"publish","type":"post","link":"https:\/\/www.infokuryr.cz\/n\/2024\/09\/21\/pri-intenzivnich-izraelskych-utocich-na-libanon-bylo-zniceno-vice-nez-100-raketometu-hizballahu\/","title":{"rendered":"P\u0159i intenzivn\u00edch izraelsk\u00fdch \u00fatoc\u00edch na Libanon bylo zni\u010deno v\u00edce ne\u017e 100 raketomet\u016f Hizball\u00e1hu"},"content":{"rendered":"<div id=\"fb-root\"><\/div>\n<p><strong><span>S\u00e9rie izraelsk\u00fdch \u00fader\u016f zas\u00e1hla ji\u017en\u00ed Libanon 19. z\u00e1\u0159\u00ed a zni\u010dila v\u00edce ne\u017e 100 raketomet\u016f Hizball\u00e1hu, ozn\u00e1mily izraelsk\u00e9 obrann\u00e9 s\u00edly (IDF).<\/span><\/strong><\/p>\n<p><span>V prohl\u00e1\u0161en\u00ed IDF uvedlo, \u017ee celkem odpalovac\u00ed za\u0159\u00edzen\u00ed obsahovalo kolem 1000 odpalovac\u00edch barel\u016f. Dodalo, \u017ee st\u00e1vky za\u010daly odpoledne a byly provedeny v n\u011bkolika vln\u00e1ch.<\/span><\/p>\n<p><em>&#8222;IDF pokra\u010duje v po\u0161kozov\u00e1n\u00ed a degradaci teroristick\u00fdch schopnost\u00ed a vojensk\u00e9 infrastruktury teroristick\u00e9 organizace Hizball\u00e1h,&#8220; stoj\u00ed v prohl\u00e1\u0161en\u00ed.<\/em><\/p>\n<p><span>Libanonsk\u00e1 N\u00e1rodn\u00ed tiskov\u00e1 agentura informovala o v\u00edce ne\u017e 52 izraelsk\u00fdch \u00faderech na jih. \u00dadery byly podle st\u00e1tn\u00ed tiskov\u00e9 agentury zam\u011b\u0159eny na zalesn\u011bn\u00e9 oblasti pobl\u00ed\u017e m\u011bsta Mahm\u00fad\u00edja, p\u0159edm\u011bst\u00ed m\u011bsta al-Ai\u0161\u00edja, Rayhansk\u00e9 v\u00fd\u0161iny a okol\u00ed \u0159eky Barghaz. Nebyly hl\u00e1\u0161eny \u017e\u00e1dn\u00e9 ob\u011bti.<\/span><\/p>\n<p><iframe loading=\"lazy\" src=\"https:\/\/s5.cdnstatic.space\/wp-content\/uploads\/2024\/09\/twitsave.com_oBml4_vBoYT3e0n3.mp4\" width=\"600\" height=\"338\" data-mce-fragment=\"1\"><\/iframe><\/p>\n<p><iframe loading=\"lazy\" src=\"https:\/\/s5.cdnstatic.space\/wp-content\/uploads\/2024\/09\/twitsave.com_dRSgI7XO8879SGUH.mp4\" width=\"600\" height=\"338\" data-mce-fragment=\"1\"><\/iframe><\/p>\n<p><span>Intenzivn\u00ed \u00fadery p\u0159i\u0161ly po s\u00e9rii 17 \u00fatok\u016f Hizball\u00e1hu, b\u011bhem nich\u017e bylo n\u011bkolik izraelsk\u00fdch vojensk\u00fdch stanovi\u0161\u0165 a osad pod\u00e9l hranice s Libanonem zam\u011b\u0159eno raketami, nav\u00e1d\u011bc\u00edmi st\u0159elami a sebevra\u017eedn\u00fdmi drony. D\u016fstojn\u00edk a voj\u00e1k IDF byli zabiti a dev\u011bt dal\u0161\u00edch voj\u00e1k\u016f bylo zran\u011bno.<\/span><\/p>\n<p><span>Za\u010d\u00e1tkem tohoto t\u00fddne dos\u00e1hlo nap\u011bt\u00ed mezi ob\u011bma stranami vysok\u00e9 \u00farovn\u011b po izraelsk\u00e9m sabot\u00e1\u017en\u00edm \u00fatoku, p\u0159i kter\u00e9m po Libanonu explodovaly tis\u00edce pager\u016f a vys\u00edla\u010dek pou\u017e\u00edvan\u00fdch \u010dleny Hizball\u00e1hu. \u00datok si vy\u017e\u00e1dal \u017eivoty 37 lid\u00ed v\u010detn\u011b dvou d\u011bt\u00ed a v\u00edce ne\u017e 3450 dal\u0161\u00edch bylo zran\u011bno.<\/span><\/p>\n<p><span>Gener\u00e1ln\u00ed tajemn\u00edk Hizball\u00e1hu Hassan Nasrall\u00e1h v projevu z 19. z\u00e1\u0159\u00ed sl\u00edbil odvetu za bezprecedentn\u00ed izraelsk\u00fd sabot\u00e1\u017en\u00ed \u00fatok.<\/span><\/p>\n<p><span>Izraelsk\u00fd ministr obrany Yoav Gallant pozd\u011bji \u0159ekl, \u017ee existuj\u00ed \u201ev\u00fdznamn\u00e9 p\u0159\u00edle\u017eitosti, ale tak\u00e9 velk\u00e1 rizika\u201c, proto\u017ee Izrael vstupuje do nov\u00e9 f\u00e1ze v\u00e1lky.<\/span><\/p>\n<p><em>\u201eToto je nov\u00e1 f\u00e1ze v\u00e1lky, m\u00e1 v\u00fdznamn\u00e9 p\u0159\u00edle\u017eitosti, ale tak\u00e9 velk\u00e1 rizika. Hizball\u00e1h se c\u00edt\u00ed pron\u00e1sledov\u00e1n a sled na\u0161ich vojensk\u00fdch operac\u00ed bude pokra\u010dovat,\u201c \u0159ekl Gallant b\u011bhem setk\u00e1n\u00ed s nejvy\u0161\u0161\u00edmi p\u0159edstaviteli IDF a dal\u0161\u00edmi p\u0159edstaviteli obrany.<\/em><\/p>\n<p><em>\u201eNa\u0161\u00edm c\u00edlem je vr\u00e1tit obyvatele severu bezpe\u010dn\u011b do jejich domov\u016f. Jak \u010das plyne, Hizball\u00e1h bude platit st\u00e1le v\u011bt\u0161\u00ed cenu,\u201c uvedl ministr.<\/em><\/p>\n<p><em>\u201eZ\u00e1rove\u0148 budeme pokra\u010dovat a vynalo\u017eit \u00fasil\u00ed na n\u00e1vrat rukojm\u00edch a rozbit\u00ed Ham\u00e1su,\u201c dodal.<\/em><\/p>\n<p><span>St\u0159ety na hranic\u00edch si dosud vy\u017e\u00e1daly 26 mrtv\u00fdch civilist\u016f v Izraeli a na okupovan\u00fdch syrsk\u00fdch Golansk\u00fdch v\u00fd\u0161in\u00e1ch a tak\u00e9 nejm\u00e9n\u011b 22 voj\u00e1k\u016f a bezpe\u010dnostn\u00edch d\u016fstojn\u00edk\u016f. Na libanonsk\u00e9 stran\u011b bylo zabito v\u00edce ne\u017e 900 lid\u00ed, v\u010detn\u011b 478 bojovn\u00edk\u016f Hizball\u00e1hu a v\u00edce ne\u017e 150 civilist\u016f.<\/span><\/p>\n<p><img decoding=\"async\" loading=\"lazy\" class=\"alignnone size-full wp-image-1185\" src=\"http:\/\/www.infokuryr.cz\/n\/wp-content\/uploads\/2021\/04\/kuryr-podpis.png\" alt=\"\" width=\"84\" height=\"24\" \/><\/p>\n<p>&nbsp;<\/p>\n","protected":false},"excerpt":{"rendered":"<p>S\u00e9rie izraelsk\u00fdch \u00fader\u016f zas\u00e1hla ji\u017en\u00ed Libanon 19. z\u00e1\u0159\u00ed a zni\u010dila v\u00edce ne\u017e 100 raketomet\u016f Hizball\u00e1hu,&#8230;<\/p>\n","protected":false},"author":2,"featured_media":48363,"comment_status":"closed","ping_status":"closed","sticky":false,"template":"","format":"standard","meta":[],"categories":[7],"tags":[6772,107,405,5135],"_links":{"self":[{"href":"https:\/\/www.infokuryr.cz\/n\/wp-json\/wp\/v2\/posts\/62607"}],"collection":[{"href":"https:\/\/www.infokuryr.cz\/n\/wp-json\/wp\/v2\/posts"}],"about":[{"href":"https:\/\/www.infokuryr.cz\/n\/wp-json\/wp\/v2\/types\/post"}],"author":[{"embeddable":true,"href":"https:\/\/www.infokuryr.cz\/n\/wp-json\/wp\/v2\/users\/2"}],"replies":[{"embeddable":true,"href":"https:\/\/www.infokuryr.cz\/n\/wp-json\/wp\/v2\/comments?post=62607"}],"version-history":[{"count":0,"href":"https:\/\/www.infokuryr.cz\/n\/wp-json\/wp\/v2\/posts\/62607\/revisions"}],"wp:featuredmedia":[{"embeddable":true,"href":"https:\/\/www.infokuryr.cz\/n\/wp-json\/wp\/v2\/media\/48363"}],"wp:attachment":[{"href":"https:\/\/www.infokuryr.cz\/n\/wp-json\/wp\/v2\/media?parent=62607"}],"wp:term":[{"taxonomy":"category","embeddable":true,"href":"https:\/\/www.infokuryr.cz\/n\/wp-json\/wp\/v2\/categories?post=62607"},{"taxonomy":"post_tag","embeddable":true,"href":"https:\/\/www.infokuryr.cz\/n\/wp-json\/wp\/v2\/tags?post=62607"}],"curies":[{"name":"wp","href":"https:\/\/api.w.org\/{rel}","templated":true}]}}