{"id":62595,"date":"2024-09-21T00:36:00","date_gmt":"2024-09-20T22:36:00","guid":{"rendered":"https:\/\/www.infokuryr.cz\/n\/?p=62595"},"modified":"2024-09-20T14:13:25","modified_gmt":"2024-09-20T12:13:25","slug":"rusko-reaguje-na-nedavne-usneseni-evropskeho-parlamentu-ktere-umoznuje-pouziti-zapadnich-zbrani-k-utoku-na-ruske-uzemi","status":"publish","type":"post","link":"https:\/\/www.infokuryr.cz\/n\/2024\/09\/21\/rusko-reaguje-na-nedavne-usneseni-evropskeho-parlamentu-ktere-umoznuje-pouziti-zapadnich-zbrani-k-utoku-na-ruske-uzemi\/","title":{"rendered":"Rusko reaguje na ned\u00e1vn\u00e9 usnesen\u00ed Evropsk\u00e9ho parlamentu, kter\u00e9 umo\u017e\u0148uje pou\u017eit\u00ed z\u00e1padn\u00edch zbran\u00ed k \u00fatoku na rusk\u00e9 \u00fazem\u00ed"},"content":{"rendered":"<div id=\"fb-root\"><\/div>\n<div class=\"elementor-element elementor-element-1fb4c2c elementor-widget elementor-widget-theme-post-content\" data-id=\"1fb4c2c\" data-element_type=\"widget\" data-widget_type=\"theme-post-content.default\">\n<div class=\"elementor-widget-container\">\n<p><strong>Vysok\u00fd rusk\u00fd z\u00e1konod\u00e1rce varuje, \u017ee v\u00fdzvy k \u00fader\u016fm na dlouh\u00e9 vzd\u00e1lenosti dl\u00e1\u017ed\u00ed cestu k jadern\u00e9 v\u00e1lce.<\/strong><\/p>\n<p><span>Vja\u010deslav Volodin komentoval ned\u00e1vnou rezoluci Evropsk\u00e9ho parlamentu umo\u017e\u0148uj\u00edc\u00ed \u00fatoky z\u00e1padn\u00edmi zbran\u011bmi uvnit\u0159 Ruska.<\/span><\/p>\n<p><span>Po\u017eadavek Evropsk\u00e9ho parlamentu na zru\u0161en\u00ed omezen\u00ed \u00fatok\u016f z\u00e1padn\u00edmi zbran\u011bmi uvnit\u0159 Ruska dl\u00e1\u017ed\u00ed cestu k jadern\u00e9 sv\u011btov\u00e9 v\u00e1lce, \u0159ekl p\u0159edseda St\u00e1tn\u00ed dumy Vja\u010deslav Volodin.<\/span><\/p>\n<p><span>Komentoval ned\u00e1vn\u00e9 usnesen\u00ed Evropsk\u00e9ho parlamentu povoluj\u00edc\u00ed \u00fatoky z\u00e1padn\u00edmi zbran\u011bmi uvnit\u0159 Ruska. Takov\u00e1 usnesen\u00ed nejsou pr\u00e1vn\u011b z\u00e1vazn\u00e1, ale slou\u017e\u00ed k utv\u00e1\u0159en\u00ed n\u00e1zor\u016f na ur\u010dit\u00e9 politick\u00e9 ot\u00e1zky.<\/span><\/p>\n<p><strong><em><span>\u201eEvropsk\u00fd parlament v\u010dera vyzval \u010dlensk\u00e9 st\u00e1ty EU, aby zru\u0161ily omezen\u00ed Kyjeva v pou\u017e\u00edv\u00e1n\u00ed zbran\u00ed dlouh\u00e9ho doletu pro \u00fatoky v na\u0161\u00ed zemi, zv\u00fd\u0161ily vojenskou podporu Ukrajin\u011b a ozn\u00e1mily dary Evropan\u016fm, aby uspokojily pot\u0159eby ukrajinsk\u00e9ho vojensk\u00e9ho kryt\u00ed. To, co po\u017eaduje Evropsk\u00fd parlament, otev\u00edr\u00e1 cestu k jadern\u00e9 sv\u011btov\u00e9 v\u00e1lce,\u201c napsal Volodin na Telegram.<\/span><\/em><\/strong><\/p>\n<p><span>Vyzval tak\u00e9 Evropsk\u00fd parlament, aby se po schv\u00e1len\u00ed rezoluce s\u00e1m rozpustil. \u0158ekl, \u017ee pokud by byly z\u00e1padn\u00ed zbran\u011b pou\u017eity k \u00fatoku hluboko uvnit\u0159 Ruska, Moskva by tvrd\u011b odpov\u011bd\u011bla \u201esiln\u011bj\u0161\u00edmi zbran\u011bmi\u201c.<\/span><\/p>\n<p><span>&#8222;Nikdo by si o tom nem\u011bl d\u011blat iluze.&#8220; St\u00e1tn\u00ed duma na tom trv\u00e1,\u201c \u0159ekl.<\/span><\/p>\n<\/div>\n<\/div>\n<div class=\"elementor-element elementor-element-8c57238 quelle dc-has-condition dc-condition-empty elementor-widget elementor-widget-heading\" data-id=\"8c57238\" data-element_type=\"widget\" data-widget_type=\"heading.default\">\n<div class=\"elementor-widget-container\">\n<h3 class=\"elementor-heading-title elementor-size-default\"><span style=\"font-size: 10pt;\"><a href=\"https:\/\/tass.com\/politics\/1845365\" target=\"_blank\" rel=\"nofollow noopener\">Zdroj<\/a><\/span><\/h3>\n<p>&nbsp;<\/p>\n<\/div>\n<\/div>\n","protected":false},"excerpt":{"rendered":"<p>Vysok\u00fd rusk\u00fd z\u00e1konod\u00e1rce varuje, \u017ee v\u00fdzvy k \u00fader\u016fm na dlouh\u00e9 vzd\u00e1lenosti dl\u00e1\u017ed\u00ed cestu k jadern\u00e9&#8230;<\/p>\n","protected":false},"author":2,"featured_media":62596,"comment_status":"closed","ping_status":"closed","sticky":false,"template":"","format":"standard","meta":[],"categories":[7],"tags":[292,349,2524,22],"_links":{"self":[{"href":"https:\/\/www.infokuryr.cz\/n\/wp-json\/wp\/v2\/posts\/62595"}],"collection":[{"href":"https:\/\/www.infokuryr.cz\/n\/wp-json\/wp\/v2\/posts"}],"about":[{"href":"https:\/\/www.infokuryr.cz\/n\/wp-json\/wp\/v2\/types\/post"}],"author":[{"embeddable":true,"href":"https:\/\/www.infokuryr.cz\/n\/wp-json\/wp\/v2\/users\/2"}],"replies":[{"embeddable":true,"href":"https:\/\/www.infokuryr.cz\/n\/wp-json\/wp\/v2\/comments?post=62595"}],"version-history":[{"count":0,"href":"https:\/\/www.infokuryr.cz\/n\/wp-json\/wp\/v2\/posts\/62595\/revisions"}],"wp:featuredmedia":[{"embeddable":true,"href":"https:\/\/www.infokuryr.cz\/n\/wp-json\/wp\/v2\/media\/62596"}],"wp:attachment":[{"href":"https:\/\/www.infokuryr.cz\/n\/wp-json\/wp\/v2\/media?parent=62595"}],"wp:term":[{"taxonomy":"category","embeddable":true,"href":"https:\/\/www.infokuryr.cz\/n\/wp-json\/wp\/v2\/categories?post=62595"},{"taxonomy":"post_tag","embeddable":true,"href":"https:\/\/www.infokuryr.cz\/n\/wp-json\/wp\/v2\/tags?post=62595"}],"curies":[{"name":"wp","href":"https:\/\/api.w.org\/{rel}","templated":true}]}}