{"id":62560,"date":"2024-09-20T04:36:17","date_gmt":"2024-09-20T02:36:17","guid":{"rendered":"https:\/\/www.infokuryr.cz\/n\/?p=62560"},"modified":"2024-09-20T04:36:17","modified_gmt":"2024-09-20T02:36:17","slug":"sef-hizballahu-libanon-je-ve-valecnem-stavu","status":"publish","type":"post","link":"https:\/\/www.infokuryr.cz\/n\/2024\/09\/20\/sef-hizballahu-libanon-je-ve-valecnem-stavu\/","title":{"rendered":"\u0160\u00e9f Hizball\u00e1hu: Libanon je ve \u201ev\u00e1le\u010dn\u00e9m stavu\u201c"},"content":{"rendered":"<div id=\"fb-root\"><\/div>\n<p><span style=\"font-size: 18pt;\"><strong>Sabot\u00e1\u017en\u00ed operace z tohoto t\u00fddne byla \u201ebezprecedentn\u00edm\u201c \u00fatokem Izraele, \u0159ekl Hassan Nasrall\u00e1h<\/strong><\/span><\/p>\n<p><span>Izrael sp\u00e1chal\u00a0<\/span><em><span>\u201emasakr\u201c<\/span><\/em><span>\u00a0odp\u00e1len\u00edm tis\u00edc\u016f pager\u016f po cel\u00e9m Libanonu, \u0159ekl v\u016fdce Hizball\u00e1hu Hassan Nasrall\u00e1h a popsal operaci, \u0161iroce p\u0159ipisovanou izraelsk\u00e9mu Mossadu, jako\u00a0<\/span><em><span>\u201evyhl\u00e1\u0161en\u00ed v\u00e1lky\u201c.<\/span><\/em><\/p>\n<p><span>Ve vysoce o\u010dek\u00e1van\u00e9m projevu po \u00fatoc\u00edch z tohoto t\u00fddne Nasrall\u00e1h obvinil Izrael ze sp\u00e1ch\u00e1n\u00ed\u00a0<\/span><em><span>\u201emasakru\u201c<\/span><\/em><span>\u00a0bez ohledu na civiln\u00ed ob\u011bti.<\/span><\/p>\n<p><span>&#8222;Toto je \u010dir\u00fd terorismus.&#8220; Budeme jim \u0159\u00edkat \u00fatern\u00ed masakr a st\u0159ede\u010dn\u00ed masakr. Jsou to v\u00e1le\u010dn\u00e9 zlo\u010diny nebo p\u0159inejmen\u0161\u00edm vyhl\u00e1\u0161en\u00ed v\u00e1lky,\u201c \u0159ekl Nasrall\u00e1h. \u0160\u00e9f Hizball\u00e1hu poznamenal, \u017ee n\u011bkter\u00e1 ze za\u0159\u00edzen\u00ed explodovala ve \u0161kol\u00e1ch, nemocnic\u00edch a obytn\u00fdch budov\u00e1ch, a \u0159ekl, \u017ee operace p\u0159ekro\u010dila\u00a0<\/span><em><span>\u201ev\u0161echna omezen\u00ed a \u010derven\u00e9 \u010d\u00e1ry\u201c.<\/span><\/em><\/p>\n<p><em><span>\u201eNen\u00ed pochyb o tom, \u017ee jsme utrp\u011bli velkou bezpe\u010dnostn\u00ed a humanit\u00e1rn\u00ed r\u00e1nu, bezprecedentn\u00ed v historii na\u0161eho odporu,\u201c<\/span><\/em><span>\u00a0p\u0159ipustil.\u00a0<\/span><em><span>&#8222;Byli jsme tvrd\u011b zasa\u017eeni, ale toto je v\u00e1le\u010dn\u00fd stav a ch\u00e1peme, \u017ee nep\u0159\u00edtel m\u00e1 technologickou p\u0159evahu.&#8220;<\/span><\/em><\/p>\n<p><span>Tis\u00edce pager\u016f \u2013 technicky nen\u00e1ro\u010dn\u00fd a \u00fadajn\u011b bezpe\u010dn\u00fd zp\u016fsob komunikace pou\u017e\u00edvan\u00fd \u010dleny Hizball\u00e1hu \u2013 v \u00fater\u00fd sou\u010dasn\u011b odp\u00e1lily po cel\u00e9m Libanonu, zabily tucet lid\u00ed a zranily 3000 dal\u0161\u00edch. Ve st\u0159edu prob\u011bhla druh\u00e1 vlna v\u00fdbuch\u016f, kter\u00e1 tentokr\u00e1t zas\u00e1hla ru\u010dn\u00ed vys\u00edla\u010dky. Podle libanonsk\u00e9ho ministerstva zdravotnictv\u00ed bylo do \u010dtvrtka zabito celkem 37 lid\u00ed, v\u010detn\u011b nejm\u00e9n\u011b dvou d\u011bt\u00ed.<\/span><\/p>\n<p><span>Zat\u00edmco Izrael se nep\u0159ihl\u00e1sil k odpov\u011bdnosti za v\u00fdbuchy, americk\u00e9, izraelsk\u00e9 a libanonsk\u00e9 zdroje ozna\u010dily za vin\u00edka izraelskou zpravodajskou slu\u017ebu Mossad. New York Times ve \u010dtvrtek s odvol\u00e1n\u00edm na anonymn\u00ed zdroje tvrdily, \u017ee Mossad zalo\u017eil v Ma\u010farsku fale\u0161nou spole\u010dnost na v\u00fdrobu za\u0159\u00edzen\u00ed na z\u00e1klad\u011b licence od tchajwansk\u00e9 firmy. Tyto pagery byly napln\u011bny v\u00fdbu\u0161nou slou\u010deninou zvanou PETN, kterou bylo mo\u017en\u00e9 spustit na d\u00e1lku, a byly do Libanonu dod\u00e1v\u00e1ny od roku 2022, tvrdily noviny.<\/span><\/p>\n<p><span>Ameri\u010dt\u00ed p\u0159edstavitel\u00e9 ve st\u0159edu \u0159ekli Axios, \u017ee Mossad m\u011bl v \u00famyslu spustit pagery jako prvn\u00ed r\u00e1nu v tot\u00e1ln\u00ed v\u00e1lce s Hizball\u00e1hem, ale rozhodl se je odp\u00e1lit brzy pro p\u0159\u00edpad, \u017ee by Hizball\u00e1h odhalil spiknut\u00ed.<\/span><\/p>\n<p><span>Bezprost\u0159edn\u011b po st\u0159ede\u010dn\u00edch exploz\u00edch izraelsk\u00fd ministr obrany Yoav Gallant ozn\u00e1mil, \u017ee za\u010d\u00edn\u00e1\u00a0<\/span><em><span>\u201enov\u00e1 f\u00e1ze\u201c<\/span><\/em><span>\u00a0izraelsk\u00e9 t\u00e9m\u011b\u0159 rok trvaj\u00edc\u00ed v\u00e1lky, tato se zam\u011b\u0159ila sp\u00ed\u0161e na Hizball\u00e1h ne\u017e na Hamas.\u00a0<\/span><em><span>\u201eT\u011b\u017ei\u0161t\u011b se pohybuje na sever. P\u0159esm\u011brov\u00e1v\u00e1me s\u00edly, zdroje a energii sm\u011brem na sever,\u201c<\/span><\/em><span>\u00a0uvedl podle prohl\u00e1\u0161en\u00ed zve\u0159ejn\u011bn\u00e9ho jeho \u00fa\u0159adem na soci\u00e1ln\u00edch s\u00edt\u00edch.<\/span><\/p>\n<p><img decoding=\"async\" loading=\"lazy\" class=\"alignnone size-full wp-image-1185\" src=\"http:\/\/www.infokuryr.cz\/n\/wp-content\/uploads\/2021\/04\/kuryr-podpis.png\" alt=\"\" width=\"84\" height=\"24\" \/><\/p>\n<p>&nbsp;<\/p>\n","protected":false},"excerpt":{"rendered":"<p>Sabot\u00e1\u017en\u00ed operace z tohoto t\u00fddne byla \u201ebezprecedentn\u00edm\u201c \u00fatokem Izraele, \u0159ekl Hassan Nasrall\u00e1h Izrael sp\u00e1chal\u00a0\u201emasakr\u201c\u00a0odp\u00e1len\u00edm tis\u00edc\u016f&#8230;<\/p>\n","protected":false},"author":2,"featured_media":62561,"comment_status":"closed","ping_status":"closed","sticky":false,"template":"","format":"standard","meta":[],"categories":[7],"tags":[6772,107,405,40],"_links":{"self":[{"href":"https:\/\/www.infokuryr.cz\/n\/wp-json\/wp\/v2\/posts\/62560"}],"collection":[{"href":"https:\/\/www.infokuryr.cz\/n\/wp-json\/wp\/v2\/posts"}],"about":[{"href":"https:\/\/www.infokuryr.cz\/n\/wp-json\/wp\/v2\/types\/post"}],"author":[{"embeddable":true,"href":"https:\/\/www.infokuryr.cz\/n\/wp-json\/wp\/v2\/users\/2"}],"replies":[{"embeddable":true,"href":"https:\/\/www.infokuryr.cz\/n\/wp-json\/wp\/v2\/comments?post=62560"}],"version-history":[{"count":0,"href":"https:\/\/www.infokuryr.cz\/n\/wp-json\/wp\/v2\/posts\/62560\/revisions"}],"wp:featuredmedia":[{"embeddable":true,"href":"https:\/\/www.infokuryr.cz\/n\/wp-json\/wp\/v2\/media\/62561"}],"wp:attachment":[{"href":"https:\/\/www.infokuryr.cz\/n\/wp-json\/wp\/v2\/media?parent=62560"}],"wp:term":[{"taxonomy":"category","embeddable":true,"href":"https:\/\/www.infokuryr.cz\/n\/wp-json\/wp\/v2\/categories?post=62560"},{"taxonomy":"post_tag","embeddable":true,"href":"https:\/\/www.infokuryr.cz\/n\/wp-json\/wp\/v2\/tags?post=62560"}],"curies":[{"name":"wp","href":"https:\/\/api.w.org\/{rel}","templated":true}]}}