{"id":62522,"date":"2024-09-20T00:39:01","date_gmt":"2024-09-19T22:39:01","guid":{"rendered":"https:\/\/www.infokuryr.cz\/n\/?p=62522"},"modified":"2024-09-19T16:01:48","modified_gmt":"2024-09-19T14:01:48","slug":"spolecnost-ktera-stoji-za-vysilackami-premenenymi-na-bomby-dodava-zarizeni-i-americke-armade","status":"publish","type":"post","link":"https:\/\/www.infokuryr.cz\/n\/2024\/09\/20\/spolecnost-ktera-stoji-za-vysilackami-premenenymi-na-bomby-dodava-zarizeni-i-americke-armade\/","title":{"rendered":"Spole\u010dnost, kter\u00e1 stoj\u00ed za vys\u00edla\u010dkami p\u0159em\u011bn\u011bn\u00fdmi na bomby, dod\u00e1v\u00e1 za\u0159\u00edzen\u00ed i americk\u00e9 arm\u00e1d\u011b"},"content":{"rendered":"<div id=\"fb-root\"><\/div>\n<p><span style=\"font-size: 14pt;\"><strong>Druh\u00e9 kolo v\u00fdbu\u0161n\u00fdch za\u0159\u00edzen\u00ed bylo spojeno s ICOM, japonsk\u00fdm v\u00fdrobcem, kter\u00fd dod\u00e1v\u00e1 Pentagonu.<\/strong><\/span><\/p>\n<div class=\"elementor-element elementor-element-1fb4c2c elementor-widget elementor-widget-theme-post-content\" data-id=\"1fb4c2c\" data-element_type=\"widget\" data-widget_type=\"theme-post-content.default\">\n<div class=\"elementor-widget-container\">\n<p>Druh\u00e1 vlna v\u00fdbuch\u016f byla hl\u00e1\u0161ena po cel\u00e9 zemi den pot\u00e9, co v Libanonu explodovaly pagery, kter\u00e9 \u00fadajn\u011b zabily 12 lid\u00ed, v\u010detn\u011b nejm\u00e9n\u011b dvou d\u011bt\u00ed a \u010dty\u0159 zdravotn\u00edk\u016f. Dne\u0161n\u00ed detonace byly \u00fadajn\u011b vyvol\u00e1ny manipulac\u00ed s obousm\u011brn\u00fdmi vys\u00edla\u010dkami japonsk\u00e9 spole\u010dnosti ICOM, jej\u00ed\u017e americk\u00e1 pobo\u010dka je tak\u00e9 v\u00fdznamn\u00fdm dodavatelem pro americkou arm\u00e1du. Potvrzen\u00fd po\u010det ob\u011bt\u00ed ji\u017e dos\u00e1hl 26 a hl\u00e1\u0161eno je kolem 3000 zran\u011bn\u00fdch.<\/p>\n<p>St\u0159ede\u010dn\u00ed v\u00fdbuchy souvisej\u00ed p\u0159edev\u0161\u00edm s ICOM IC-V82, elektronick\u00fdm p\u0159ij\u00edma\u010dem pou\u017e\u00edvan\u00fdm pro vojensk\u00e9 i civiln\u00ed \u00fa\u010dely.<\/p>\n<p>ICOM s\u00eddl\u00ed v japonsk\u00e9 \u00d3sace a m\u00e1 glob\u00e1ln\u00ed zastoupen\u00ed. Zpr\u00e1vy americk\u00e9 vl\u00e1dy nazna\u010duj\u00ed, \u017ee americk\u00e1 pobo\u010dka spole\u010dnosti obdr\u017eela od roku 2008 feder\u00e1ln\u00ed vl\u00e1dn\u00ed zak\u00e1zky ve v\u00fd\u0161i nejm\u00e9n\u011b 8,2 milionu dolar\u016f.<\/p>\n<p>Pat\u0159\u00ed mezi n\u011b \u201erychl\u00e1 smlouva\u201c s US General Services Administration, aktualizovan\u00e1 p\u0159ed 12 dny, m\u00edsto vedle Motorola Solutions v potenci\u00e1ln\u00ed smlouv\u011b za 495 milion\u016f dolar\u016f na prodej \u201edod\u00e1vek pozemn\u00edch r\u00e1di\u00ed\u201c americk\u00e9 arm\u00e1d\u011b v \u010dervnu 2018, jako\u017e i subdod\u00e1vky s jak zbrojn\u00edho giganta Lockheed Martin, tak i kontroverzn\u00ed obrann\u00e9 spole\u010dnosti Atlantic Diving Supply (ADS).<\/p>\n<p>S\u00e9rie v\u00fdbuch\u016f v Libanonu vyvolala obavy o budoucnost v\u00e1lky, kter\u00e1 zahrnuje infiltraci dodavatelsk\u00fdch \u0159et\u011bzc\u016f a \u00fatoky bez hranic prost\u0159ednictv\u00edm elektronicky propojen\u00fdch za\u0159\u00edzen\u00ed.<\/p>\n<p>\u00datoky pravd\u011bpodobn\u011b zv\u00fd\u0161\u00ed kontrolu bezpe\u010dnosti vojensk\u00fdch a civiln\u00edch dodavatelsk\u00fdch \u0159et\u011bzc\u016f, kter\u00e9 jsou ji\u017e dlouho potenci\u00e1ln\u00ed zranitelnost\u00ed.<\/p>\n<p>Pentagon a ICOM byly kontaktov\u00e1ny za \u00fa\u010delem vyj\u00e1d\u0159en\u00ed, ale nemohly b\u00fdt okam\u017eit\u011b zasti\u017eeny. Pokud bude p\u0159id\u00e1n koment\u00e1\u0159, bude tento p\u0159\u00edsp\u011bvek aktualizov\u00e1n.<\/p>\n<p>Krom\u011b sv\u00fdch prodej\u016f americk\u00e9 arm\u00e1d\u011b je ICOM America tak\u00e9 hlavn\u00edm dodavatelem americk\u00e9 pob\u0159e\u017en\u00ed str\u00e1\u017ee, a to i prost\u0159ednictv\u00edm subdod\u00e1vky 2,2 milionu dolar\u016f od General Dynamics v roce 2015. Ned\u00e1vno v \u0159\u00edjnu ICOM prodal sv\u00e9 r\u00e1dia tak\u00e9 civiln\u00edmu Federal Aviation Spr\u00e1va.<\/p>\n<p>Za\u0159\u00edzen\u00ed ICOM nakupuj\u00ed i \u200b\u200bdal\u0161\u00ed vl\u00e1dy po cel\u00e9m sv\u011bt\u011b. Z\u00e1znamy ve Spojen\u00e9m kr\u00e1lovstv\u00ed ukazuj\u00ed, \u017ee britsk\u00e1 vl\u00e1da loni koupila r\u00e1dia od spole\u010dnosti.<\/p>\n<p>O exploduj\u00edc\u00edch r\u00e1di\u00edch poprv\u00e9 informovalo n\u011bkolik libanonsk\u00fdch m\u00e9di\u00ed, NBC News a Associated Press. AP uvedla, \u017ee jej\u00ed novin\u00e1\u0159i dnes sly\u0161eli exploduj\u00edc\u00ed vys\u00edla\u010dky na poh\u0159bu \u010dty\u0159 lid\u00ed, kter\u00e9 v\u010dera zabily pagery. Jin\u00e1 m\u00e9dia uvedla, \u017ee za\u0159\u00edzen\u00ed explodovala v rukou lid\u00ed, kte\u0159\u00ed dosud nebyli jmenov\u00e1ni.<\/p>\n<div class=\"wp-block-image\">\n<figure class=\"aligncenter size-large\"><img decoding=\"async\" loading=\"lazy\" class=\"aligncenter\" src=\"https:\/\/i0.wp.com\/substackcdn.com\/image\/fetch\/w_1456,c_limit,f_webp,q_auto:good,fl_progressive:steep\/https%3A%2F%2Fsubstack-post-media.s3.amazonaws.com%2Fpublic%2Fimages%2Fe2c4a14a-c08c-4cc1-9362-12d29eabebc1_1024x777.jpeg?w=800&amp;ssl=1\" alt=\"\" width=\"604\" height=\"458\" data-recalc-dims=\"1\" \/><\/figure>\n<\/div>\n<p>Ke dv\u011bma bombov\u00fdm \u00fatok\u016fm do\u0161lo den pot\u00e9, co izraelsk\u00fd ministr obrany Yoav Gallant \u00fadajn\u011b zes\u00edlil v\u00fdzvy, aby USA podpo\u0159ily \u201evojenskou akci\u201c proti Hizball\u00e1hu, siln\u00e9 libanonsk\u00e9 milici s vazbami na \u00cdr\u00e1n. Agentura Reuters dnes citovala vysok\u00e9ho libanonsk\u00e9ho bezpe\u010dnostn\u00edho \u010dinitele, kter\u00fd \u0159ekl, \u017ee \u00fatern\u00ed \u00fatoky na pagery provedla izraelsk\u00e1 zahrani\u010dn\u00ed zpravodajsk\u00e1 slu\u017eba Mossad, u kter\u00e9 bylo prok\u00e1z\u00e1no, \u017ee nastra\u017eila v\u00fdbu\u0161niny do mobiln\u00edch telefon\u016f.<\/p>\n<p>Soci\u00e1ln\u00ed s\u00edt\u011b tak\u00e9 tvrdily, \u017ee v Libanonu dnes explodovaly bankomaty, sol\u00e1rn\u00ed panely a dal\u0161\u00ed elektronick\u00e1 za\u0159\u00edzen\u00ed, co\u017e vyvolalo obavy, \u017ee dal\u0161\u00ed elektronick\u00e1 za\u0159\u00edzen\u00ed byla tajn\u011b p\u0159em\u011bn\u011bna na improvizovan\u00e1 v\u00fdbu\u0161n\u00e1 za\u0159\u00edzen\u00ed kontrolovan\u00e1 izraelskou rozv\u011bdkou.<\/p>\n<p><em>Autor: Lee Fang a Jack Poulson<\/em><\/p>\n<\/div>\n<\/div>\n<div class=\"elementor-element elementor-element-8c57238 quelle dc-has-condition dc-condition-empty elementor-widget elementor-widget-heading\" data-id=\"8c57238\" data-element_type=\"widget\" data-widget_type=\"heading.default\">\n<div class=\"elementor-widget-container\">\n<h3 class=\"elementor-heading-title elementor-size-default\"><span style=\"font-size: 10pt;\"><a href=\"https:\/\/www.leefang.com\/p\/company-behind-walkie-talkie-devices\" target=\"_blank\" rel=\"nofollow noopener\">Zdroj<\/a><\/span><\/h3>\n<p>&nbsp;<\/p>\n<\/div>\n<\/div>\n","protected":false},"excerpt":{"rendered":"<p>Druh\u00e9 kolo v\u00fdbu\u0161n\u00fdch za\u0159\u00edzen\u00ed bylo spojeno s ICOM, japonsk\u00fdm v\u00fdrobcem, kter\u00fd dod\u00e1v\u00e1 Pentagonu. Druh\u00e1 vlna&#8230;<\/p>\n","protected":false},"author":2,"featured_media":62523,"comment_status":"closed","ping_status":"closed","sticky":false,"template":"","format":"standard","meta":[],"categories":[7],"tags":[107,105,1146,3533],"_links":{"self":[{"href":"https:\/\/www.infokuryr.cz\/n\/wp-json\/wp\/v2\/posts\/62522"}],"collection":[{"href":"https:\/\/www.infokuryr.cz\/n\/wp-json\/wp\/v2\/posts"}],"about":[{"href":"https:\/\/www.infokuryr.cz\/n\/wp-json\/wp\/v2\/types\/post"}],"author":[{"embeddable":true,"href":"https:\/\/www.infokuryr.cz\/n\/wp-json\/wp\/v2\/users\/2"}],"replies":[{"embeddable":true,"href":"https:\/\/www.infokuryr.cz\/n\/wp-json\/wp\/v2\/comments?post=62522"}],"version-history":[{"count":0,"href":"https:\/\/www.infokuryr.cz\/n\/wp-json\/wp\/v2\/posts\/62522\/revisions"}],"wp:featuredmedia":[{"embeddable":true,"href":"https:\/\/www.infokuryr.cz\/n\/wp-json\/wp\/v2\/media\/62523"}],"wp:attachment":[{"href":"https:\/\/www.infokuryr.cz\/n\/wp-json\/wp\/v2\/media?parent=62522"}],"wp:term":[{"taxonomy":"category","embeddable":true,"href":"https:\/\/www.infokuryr.cz\/n\/wp-json\/wp\/v2\/categories?post=62522"},{"taxonomy":"post_tag","embeddable":true,"href":"https:\/\/www.infokuryr.cz\/n\/wp-json\/wp\/v2\/tags?post=62522"}],"curies":[{"name":"wp","href":"https:\/\/api.w.org\/{rel}","templated":true}]}}