{"id":62516,"date":"2024-09-20T00:36:21","date_gmt":"2024-09-19T22:36:21","guid":{"rendered":"https:\/\/www.infokuryr.cz\/n\/?p=62516"},"modified":"2024-09-19T15:52:47","modified_gmt":"2024-09-19T13:52:47","slug":"ministri-g20-se-setkavaji-v-brazilii-aby-projednali-agendu-cenzury-a-dezinformace","status":"publish","type":"post","link":"https:\/\/www.infokuryr.cz\/n\/2024\/09\/20\/ministri-g20-se-setkavaji-v-brazilii-aby-projednali-agendu-cenzury-a-dezinformace\/","title":{"rendered":"Minist\u0159i G20 se setk\u00e1vaj\u00ed v Braz\u00edlii, aby projednali agendu cenzury a \u201edezinformace\u201c"},"content":{"rendered":"<div id=\"fb-root\"><\/div>\n<div class=\"elementor-element elementor-element-1fb4c2c elementor-widget elementor-widget-theme-post-content\" data-id=\"1fb4c2c\" data-element_type=\"widget\" data-widget_type=\"theme-post-content.default\">\n<div class=\"elementor-widget-container\">\n<p><span>\u0160patn\u00fd \u010das, \u0161patn\u00e9 m\u00edsto, \u0161patn\u00e1 skupina \u2013 nebo\u00a0<\/span><a href=\"https:\/\/reclaimthenet.org\/sao-paulo-streets-surged-with-protesters-after-supreme-court-suspends-musks-x\" target=\"_blank\" rel=\"noreferrer noopener\"><span>naopak, v z\u00e1vislosti na \u00fahlu pohledu<\/span><\/a><span>\u00a0. Minist\u0159i G20 se ale minul\u00fd t\u00fdden se\u0161li v Braz\u00edlii, kde zem\u011b\u00a0testuje svou vlastn\u00ed demokracii a z\u00e1kony v eskaluj\u00edc\u00ed \u201ev\u00e1lce\u00a0<a>\u201c\u00a0<\/a><\/span><a href=\"https:\/\/reclaimthenet.org\/brazil-supreme-court-seizes-3m-from-starlink-in-retaliation-over-xs-refusal-to-censor-speech\" target=\"_blank\" rel=\"noreferrer noopener\"><span>s Elonem Muskem X.<\/span><\/a><\/p>\n<p><span>Netrvalo dlouho a G20 uk\u00e1zala, na jak\u00e9 stran\u011b stoj\u00ed v bitv\u011b mezi vl\u00e1dou oddanou online cenzu\u0159e a pot\u0159ebou kontrolovat politick\u00e9 a medi\u00e1ln\u00ed narativy a hlavn\u00ed soci\u00e1ln\u00ed platformou, kter\u00e1 se postavila jako poslu\u0161n\u00fd vymaha\u010d cenzury. tak\u00e9 jm\u00e9nem r\u016fzn\u00fdch vl\u00e1d, byla sesazena sv\u00fdmi kolegy.<\/span><\/p>\n<p><span>Minist\u0159i G20, kte\u0159\u00ed se koncem minul\u00e9ho t\u00fddne se\u0161li v Maceiu v severn\u00ed Braz\u00edlii, nem\u011bli \u00fapln\u011b jasno (mluv\u00ed u\u017e v\u016fbec n\u011bkdo jasn\u011b? \u010c\u00edm v\u00fd\u0161e, t\u00edm m\u00e9n\u011b, jak se \u0159\u00edk\u00e1).<\/span><\/p>\n<p><span>Zn\u00e1mky v\u0161ak jasn\u011b ukazuj\u00ed na bou\u0159i: prohl\u00e1\u0161en\u00ed zve\u0159ejn\u011bn\u00e9 v p\u00e1tek hovo\u0159\u00ed o \u201edezinformac\u00edch\u201c, \u201eAI\u201c (a v\u00fdvoji nov\u00fdch p\u0159edpis\u016f v t\u00e9to oblasti) a \u201eodpov\u011bdnosti\u201c digit\u00e1ln\u00edch platforem.<\/span><\/p>\n<p><span>Hovo\u0159\u00ed se dokonce o nutnosti, aby se online platformy uvedly \u201ev soulad s p\u0159\u00edslu\u0161n\u00fdmi politikami a platn\u00fdm pr\u00e1vn\u00edm r\u00e1mcem\u201c.<\/span><\/p>\n<p><span>Napsala to brazilsk\u00e1 vl\u00e1da nebo G20, n\u011bkte\u0159\u00ed se mohou nap\u016fl pobaven\u011b pt\u00e1t? P\u0159\u00edb\u011bh v\u0161ak nen\u00ed z\u00e1bavn\u00fd \u2013 jedn\u00edm z vytrval\u00fdch argument\u016f X je, \u017ee zd\u00e1nliv\u011b\u00a0<\/span><a href=\"https:\/\/reclaimthenet.org\/x-draws-the-line-in-brazil-shuts-down-local-operations-amid-censorship-clash\" target=\"_blank\" rel=\"noreferrer noopener\"><span>neust\u00e1l\u00fd proud po\u017eadavk\u016f cenzury<\/span><\/a><span>\u00a0ve skute\u010dnosti\u00a0<\/span><a href=\"https:\/\/reclaimthenet.org\/brazils-high-stakes-battle-over-x-fuels-international-backlash-rights-groups-press-for-legal-action\" target=\"_blank\" rel=\"noreferrer noopener\"><span>poru\u0161uje brazilskou \u00fastavu a platn\u00e9 z\u00e1kony.<\/span><\/a><\/p>\n<p><span>Proto tento bod ve \u010dten\u00ed G20 nejen zn\u00ed, jako by samotn\u00e1 organizace byla v souladu s Braz\u00edli\u00ed \u2013 a dal\u0161\u00edmi autokratick\u00fdmi vl\u00e1dami \u2013, ale tak\u00e9 jako by p\u0159edv\u00e1d\u011bla zna\u010dnou d\u00e1vku pokrytectv\u00ed.<\/span><\/p>\n<p><span>Ne nadarmo jsou brazilsk\u00e9 \u00fa\u0159ady s t\u00edmto v\u00fdvojem spokojeny.<\/span><\/p>\n<p><span>Tajemn\u00edk p\u0159edsednictva pro digit\u00e1ln\u00ed politiku Joao Brant v prohl\u00e1\u0161en\u00edch pro telekomunika\u010dn\u00ed slu\u017eby nazna\u010dil, \u017ee tento okam\u017eik m\u016f\u017ee b\u00fdt velmi d\u016fle\u017eit\u00fd.<\/span><\/p>\n<p><span>\u201eJe to poprv\u00e9 v historii G20, kdy skupina uznala probl\u00e9m dezinformac\u00ed a vyzvala digit\u00e1ln\u00ed platformy k transparentnosti a odpov\u011bdnosti,\u201c citovala Branta agentura AP.<\/span><\/p>\n<p><span>A je toho v\u00edc: zem\u011b G-20 p\u0159ijaly \u201esm\u011brnice\u201c pro rozvoj \u201eAI\u201c, kter\u00e9 tak\u00e9 pravideln\u011b rozes\u00edlaj\u00ed vl\u00e1dy a instituce n\u00e1chyln\u00e9 k online cenzu\u0159e.<\/span><\/p>\n<p><span>Je to skoro jako naj\u00edt zp\u016fsob, jak zajistit, aby cenzura pokra\u010dovala a zes\u00edlila v budouc\u00ed \u00e9\u0159e um\u011bl\u00e9 inteligence.<\/span><\/p>\n<\/div>\n<\/div>\n<div class=\"elementor-element elementor-element-8c57238 quelle dc-has-condition dc-condition-empty elementor-widget elementor-widget-heading\" data-id=\"8c57238\" data-element_type=\"widget\" data-widget_type=\"heading.default\">\n<div class=\"elementor-widget-container\">\n<h3 class=\"elementor-heading-title elementor-size-default\"><span style=\"font-size: 10pt;\"><a href=\"https:\/\/reclaimthenet.org\/g20-ministers-meet-in-brazil-to-discuss-disinformation-censorship-agenda\" target=\"_blank\" rel=\"nofollow noopener\">Zdroj<\/a><\/span><\/h3>\n<p>&nbsp;<\/p>\n<\/div>\n<\/div>\n","protected":false},"excerpt":{"rendered":"<p>\u0160patn\u00fd \u010das, \u0161patn\u00e9 m\u00edsto, \u0161patn\u00e1 skupina \u2013 nebo\u00a0naopak, v z\u00e1vislosti na \u00fahlu pohledu\u00a0. Minist\u0159i G20&#8230;<\/p>\n","protected":false},"author":2,"featured_media":62517,"comment_status":"closed","ping_status":"closed","sticky":false,"template":"","format":"standard","meta":[],"categories":[7],"tags":[63,28,50],"_links":{"self":[{"href":"https:\/\/www.infokuryr.cz\/n\/wp-json\/wp\/v2\/posts\/62516"}],"collection":[{"href":"https:\/\/www.infokuryr.cz\/n\/wp-json\/wp\/v2\/posts"}],"about":[{"href":"https:\/\/www.infokuryr.cz\/n\/wp-json\/wp\/v2\/types\/post"}],"author":[{"embeddable":true,"href":"https:\/\/www.infokuryr.cz\/n\/wp-json\/wp\/v2\/users\/2"}],"replies":[{"embeddable":true,"href":"https:\/\/www.infokuryr.cz\/n\/wp-json\/wp\/v2\/comments?post=62516"}],"version-history":[{"count":0,"href":"https:\/\/www.infokuryr.cz\/n\/wp-json\/wp\/v2\/posts\/62516\/revisions"}],"wp:featuredmedia":[{"embeddable":true,"href":"https:\/\/www.infokuryr.cz\/n\/wp-json\/wp\/v2\/media\/62517"}],"wp:attachment":[{"href":"https:\/\/www.infokuryr.cz\/n\/wp-json\/wp\/v2\/media?parent=62516"}],"wp:term":[{"taxonomy":"category","embeddable":true,"href":"https:\/\/www.infokuryr.cz\/n\/wp-json\/wp\/v2\/categories?post=62516"},{"taxonomy":"post_tag","embeddable":true,"href":"https:\/\/www.infokuryr.cz\/n\/wp-json\/wp\/v2\/tags?post=62516"}],"curies":[{"name":"wp","href":"https:\/\/api.w.org\/{rel}","templated":true}]}}