{"id":62515,"date":"2024-09-20T00:35:09","date_gmt":"2024-09-19T22:35:09","guid":{"rendered":"https:\/\/www.infokuryr.cz\/n\/?p=62515"},"modified":"2024-09-19T15:46:25","modified_gmt":"2024-09-19T13:46:25","slug":"izrael-existuje-aby-pomohl-zapadu-drancovat-a-ovladnout-blizky-vychod","status":"publish","type":"post","link":"https:\/\/www.infokuryr.cz\/n\/2024\/09\/20\/izrael-existuje-aby-pomohl-zapadu-drancovat-a-ovladnout-blizky-vychod\/","title":{"rendered":"Izrael existuje, aby pomohl Z\u00e1padu drancovat a ovl\u00e1dnout Bl\u00edzk\u00fd v\u00fdchod"},"content":{"rendered":"<div id=\"fb-root\"><\/div>\n<div class=\"elementor-element elementor-element-1fb4c2c elementor-widget elementor-widget-theme-post-content\" data-id=\"1fb4c2c\" data-element_type=\"widget\" data-widget_type=\"theme-post-content.default\">\n<div class=\"elementor-widget-container\">\n<p><span>A\u010dkoli modern\u00ed obr\u00e1nci Izraele ospravedl\u0148uj\u00ed jeho existenci pod z\u00e1minkou \u201e\u017eidovsk\u00e9ho sebeur\u010den\u00ed\u201c nebo \u201edekolonizace\u201c, ideologi\u010dt\u00ed p\u0159edch\u016fdci st\u00e1tu jasn\u011b r\u00e1movali sionismus jako koloni\u00e1ln\u00ed projekt.<\/span><\/p>\n<p><span>Balfourova deklarace, kterou vydala britsk\u00e1 vl\u00e1da v roce 1917, je \u010dasto pova\u017eov\u00e1na za za\u010d\u00e1tek z\u00e1padn\u00ed podpory pro z\u0159\u00edzen\u00ed modern\u00edho st\u00e1tu Izrael.<\/span><\/p>\n<p><span>Deklarace, nechvaln\u011b zn\u00e1m\u00e1 mezi Palestinci a jejich p\u0159\u00edznivci, zav\u00e1zala Spojen\u00e9 kr\u00e1lovstv\u00ed k vytvo\u0159en\u00ed \u201en\u00e1rodn\u00edho domova pro \u017eidovsk\u00fd lid\u201c v Levant\u011b. N\u011bkte\u0159\u00ed sionist\u00e9 pova\u017eovali vytvo\u0159en\u00ed Izraele za progresivn\u00ed akt nezbytn\u00fd pro boj s rostouc\u00edmi p\u0159edsudky v Evrop\u011b. Historici v\u0161ak pouk\u00e1zali na zjevn\u011b antisemitsk\u00e9\u00a0<\/span><a href=\"https:\/\/www.palestine-studies.org\/en\/node\/232119\" target=\"_blank\" rel=\"noreferrer noopener\"><span>motivy<\/span><\/a><span>\u00a0ministra zahrani\u010d\u00ed Arthura Balfoura, kter\u00fd cht\u011bl uklidnit britskou ve\u0159ejnost, kter\u00e1 se ob\u00e1vala rostouc\u00ed \u017eidovsk\u00e9 imigrace do Spojen\u00e9ho kr\u00e1lovstv\u00ed.<\/span><\/p>\n<p><strong><span>A\u010dkoli Z\u00e1pad v posledn\u00edch desetilet\u00edch formuloval svou podporu Izraeli jazykem liber\u00e1ln\u00edho antirasismu, jeho motivy jsou v\u0161echno, jen ne altruistick\u00e9, \u0159\u00edk\u00e1 politick\u00e1 aktivistka Joti Brarov\u00e1.<\/span><\/strong><span>\u00a0Z\u00e1stupce v\u016fdce Komunistick\u00e9 strany Velk\u00e9 Brit\u00e1nie, marxista-leninista, se\u00a0<\/span><a href=\"https:\/\/rumble.com\/v5eosil-president-xi-to-attend-brics-summit-uhuru-3-trial-goes-to-jury-jamaican-sol.html?start=4659\" target=\"_blank\" rel=\"noreferrer noopener\"><span>ve \u010dtvrtek z\u00fa\u010dastnil po\u0159adu Sputniku \u201eKritick\u00e1 hodina\u201c,<\/span><\/a><span>\u00a0aby hovo\u0159il o neochv\u011bjn\u00e9 podpo\u0159e Spojen\u00fdch st\u00e1t\u016f pro zemi, kter\u00e1 pokra\u010duje ve smrt\u00edc\u00ed vojensk\u00e9 operaci v oble\u017een\u00e9 zemi. P\u00e1smo Gazy.<\/span><\/p>\n<p><span>&#8222;Vid\u00edme zoufalstv\u00ed, navzdory skute\u010dnosti, \u017ee\u00a0<\/span><strong><span>tato genocida se odehr\u00e1v\u00e1 na o\u010d\u00edch ve\u0159ejnosti,&#8220;<\/span><\/strong><span>\u00a0\u0159ekl Brar. &#8222;Rovnov\u00e1ha sil se \u00fapln\u011b posunula&#8230; Pokud cht\u011bj\u00ed p\u0159e\u017e\u00edt, mus\u00ed naj\u00edt jin\u00fd zp\u016fsob.&#8220;<\/span><\/p>\n<p><em><span>&#8222;Pravdou ale je, \u017ee nelze naj\u00edt \u017e\u00e1dnou jinou cestu vp\u0159ed, proto\u017ee pokud jde o pravdu o Izraeli, Izrael je v\u00fdspou anglo-americk\u00e9ho imperialismu na Bl\u00edzk\u00e9m v\u00fdchod\u011b, aby mohl kontrolovat zdroje regionu,&#8220; pokra\u010dovala. &#8222;Pot\u0159ebuje\u0161 to tam.&#8220; Je to jejich ozbrojen\u00e1 z\u00e1kladna uprost\u0159ed arabsk\u00e9ho sv\u011bta, aby kontrolovala arabsk\u00fd sv\u011bt a udr\u017eovala proud\u011bn\u00ed ko\u0159isti.&#8220;<\/span><\/em><\/p>\n<p><span>A\u010dkoli modern\u00ed obr\u00e1nci Izraele ospravedl\u0148uj\u00ed jeho existenci pod z\u00e1minkou \u201e\u017eidovsk\u00e9ho sebeur\u010den\u00ed\u201c nebo \u201edekolonizace\u201c, ideologi\u010dt\u00ed p\u0159edch\u016fdci st\u00e1tu jasn\u011b r\u00e1movali sionismus jako koloni\u00e1ln\u00ed projekt.<\/span><\/p>\n<p><span>\u201e\u00a0<\/span><strong><span>Jste zv\u00e1ni, abyste se zapsali do historie,\u201c\u00a0<\/span><\/strong><a href=\"https:\/\/mondoweiss.net\/2010\/09\/actually-herzl-was-a-colonialist\/\" target=\"_blank\" rel=\"noreferrer noopener\"><span>napsal<\/span><\/a><span>\u00a0Theodor Herzl, zakladatel ideologie, v dopise z roku 1902 Cecilu Rhodesovi, nechvaln\u011b zn\u00e1m\u00e9mu jmenovci b\u00edl\u00e9 rasistick\u00e9 Africk\u00e9 republiky Rhodesie. \u201eNejde o Afriku, ale o kus Mal\u00e9 Asie; ne o Angli\u010danech, ale o \u017didech&#8230; Jak v\u00e1s tedy mohu kontaktovat, kdy\u017e pro v\u00e1s tato z\u00e1le\u017eitost nep\u0159ipad\u00e1 v \u00favahu? jak to?\u00a0<\/span><strong><span>Proto\u017ee je to n\u011bco koloni\u00e1ln\u00edho.&#8220;<\/span><\/strong><\/p>\n<p><span>\u017didovsk\u00e1 imigrace do Palestiny po Balfourov\u011b deklaraci raketov\u011b vzrostla a z \u0159ad p\u0159ist\u011bhovalc\u016f se objevily n\u00e1silnick\u00e9 polovojensk\u00e9 gangy. Teroristick\u00e9 skupiny jako Lehi a Irgun za\u00fato\u010dily na p\u016fvodn\u00ed palestinsk\u00e9 obyvatelstvo a vytvo\u0159ily z\u00e1klad izraelsk\u00fdch obrann\u00fdch sil [sic] po z\u0159\u00edzen\u00ed etnicko-suprematistick\u00e9ho st\u00e1tu v roce 1948. Od t\u00e9 doby Izrael marginalizuje ne\u017eidovsk\u00e9 obyvatele oblasti a provozuje st\u00e1t\u00a0<a href=\"https:\/\/www.ohchr.org\/en\/press-releases\/2024\/07\/experts-hail-icj-declaration-illegality-israels-presence-occupied\" target=\"_blank\" rel=\"noreferrer noopener\">klasifikovan\u00fd\u00a0<\/a><\/span><a href=\"https:\/\/www.hrw.org\/news\/2021\/07\/19\/israeli-apartheid-threshold-crossed\" target=\"_blank\" rel=\"noreferrer noopener\"><span>\u0159adou\u00a0<\/span><\/a><a href=\"https:\/\/www.amnesty.org\/en\/latest\/campaigns\/2022\/02\/israels-system-of-apartheid\/\" target=\"_blank\" rel=\"noreferrer noopener\"><span>mezin\u00e1rodn\u00edch\u00a0<\/span><\/a><a href=\"https:\/\/www.btselem.org\/publications\/fulltext\/202101_this_is_apartheid\" target=\"_blank\" rel=\"noreferrer noopener\"><span>organizac\u00ed<\/span><\/a><span>\u00a0jako st\u00e1t apartheidu\u00a0.<\/span><\/p>\n<p><em><span>\u201eRopa je st\u00e1le nejd\u016fle\u017eit\u011bj\u0161\u00ed surovinou na sv\u011bt\u011b,\u201c \u0159ekl Brar. \u201eJe to nejd\u016fle\u017eit\u011bj\u0161\u00ed zdroj energie pro sv\u011bt, pro pr\u016fmysl i pro v\u00e1lku, a proto je to nejd\u016fle\u017eit\u011bj\u0161\u00ed geopolitick\u00e1 komodita. A bez kontroly nad ropou a schopnosti ji drancovat za nejni\u017e\u0161\u00ed ceny, jak to d\u011blaj\u00ed kv\u016fli sv\u00e9 koloni\u00e1ln\u00ed pozici v regionu, by byl imperialismus v hlubok\u00fdch pot\u00ed\u017e\u00edch. To, co zbylo z jejich ekonomik, by se zhroutilo.&#8220;<\/span><\/em><\/p>\n<p><span>\u201eA tak dost\u00e1v\u00e1me skute\u010dn\u011b existenci\u00e1ln\u00ed ztoto\u017en\u011bn\u00ed z\u00e1padn\u00edho imperialismu s Izraelem, kter\u00e9 mnoh\u00fdm lidem ned\u00e1v\u00e1 smysl. Nedok\u00e1\u017eou pochopit, pro\u010d nem\u016f\u017ee b\u00fdt Izraeli jednodu\u0161e dovoleno bojovat sv\u00e9 vlastn\u00ed bitvy a bojovat a um\u00edrat nebo \u017e\u00edt a um\u00edrat, v z\u00e1vislosti na jeho vlastn\u00edch schopnostech. Pro\u010d do toho v\u0161ichni zasahuj\u00ed? Pro\u010d je sionismus pro Z\u00e1pad tak d\u016fle\u017eit\u00fd?<\/span><\/p>\n<p><span>&#8220;\u00a0<\/span><strong><span>D\u016fvodem je, \u017ee jim to umo\u017e\u0148uje ovl\u00e1dat region a jeho zdroje,&#8220;<\/span><\/strong><span>\u00a0vysv\u011btlil Brar. \u201eBez t\u011bchto zdroj\u016f budou m\u00edt obrovsk\u00e9 pot\u00ed\u017ee.<\/span><\/p>\n<p><em>John Miles<\/em><\/p>\n<\/div>\n<\/div>\n<div class=\"elementor-element elementor-element-8c57238 quelle dc-has-condition dc-condition-empty elementor-widget elementor-widget-heading\" data-id=\"8c57238\" data-element_type=\"widget\" data-widget_type=\"heading.default\">\n<div class=\"elementor-widget-container\">\n<h3 class=\"elementor-heading-title elementor-size-default\"><span style=\"font-size: 10pt;\"><a href=\"http:\/\/xn--israel%20exists%20to%20help%20west%20loot,%20dominate%20middle%20east%20%20analyst-lz16c\/\" target=\"_blank\" rel=\"nofollow noopener\">Zdroj<\/a><\/span><\/h3>\n<p>&nbsp;<\/p>\n<\/div>\n<\/div>\n","protected":false},"excerpt":{"rendered":"<p>A\u010dkoli modern\u00ed obr\u00e1nci Izraele ospravedl\u0148uj\u00ed jeho existenci pod z\u00e1minkou \u201e\u017eidovsk\u00e9ho sebeur\u010den\u00ed\u201c nebo \u201edekolonizace\u201c, ideologi\u010dt\u00ed p\u0159edch\u016fdci&#8230;<\/p>\n","protected":false},"author":2,"featured_media":53395,"comment_status":"closed","ping_status":"closed","sticky":false,"template":"","format":"standard","meta":[],"categories":[7],"tags":[1042,7383,107,365],"_links":{"self":[{"href":"https:\/\/www.infokuryr.cz\/n\/wp-json\/wp\/v2\/posts\/62515"}],"collection":[{"href":"https:\/\/www.infokuryr.cz\/n\/wp-json\/wp\/v2\/posts"}],"about":[{"href":"https:\/\/www.infokuryr.cz\/n\/wp-json\/wp\/v2\/types\/post"}],"author":[{"embeddable":true,"href":"https:\/\/www.infokuryr.cz\/n\/wp-json\/wp\/v2\/users\/2"}],"replies":[{"embeddable":true,"href":"https:\/\/www.infokuryr.cz\/n\/wp-json\/wp\/v2\/comments?post=62515"}],"version-history":[{"count":0,"href":"https:\/\/www.infokuryr.cz\/n\/wp-json\/wp\/v2\/posts\/62515\/revisions"}],"wp:featuredmedia":[{"embeddable":true,"href":"https:\/\/www.infokuryr.cz\/n\/wp-json\/wp\/v2\/media\/53395"}],"wp:attachment":[{"href":"https:\/\/www.infokuryr.cz\/n\/wp-json\/wp\/v2\/media?parent=62515"}],"wp:term":[{"taxonomy":"category","embeddable":true,"href":"https:\/\/www.infokuryr.cz\/n\/wp-json\/wp\/v2\/categories?post=62515"},{"taxonomy":"post_tag","embeddable":true,"href":"https:\/\/www.infokuryr.cz\/n\/wp-json\/wp\/v2\/tags?post=62515"}],"curies":[{"name":"wp","href":"https:\/\/api.w.org\/{rel}","templated":true}]}}