{"id":62503,"date":"2024-09-19T06:38:16","date_gmt":"2024-09-19T04:38:16","guid":{"rendered":"https:\/\/www.infokuryr.cz\/n\/?p=62503"},"modified":"2024-09-19T06:38:16","modified_gmt":"2024-09-19T04:38:16","slug":"venezuela-zada-o-zatykac-na-argentinskeho-prezidenta-mileie","status":"publish","type":"post","link":"https:\/\/www.infokuryr.cz\/n\/2024\/09\/19\/venezuela-zada-o-zatykac-na-argentinskeho-prezidenta-mileie\/","title":{"rendered":"Venezuela \u017e\u00e1d\u00e1 o zatyka\u010d na argentinsk\u00e9ho prezidenta Mileie"},"content":{"rendered":"<div id=\"fb-root\"><\/div>\n<p><span style=\"font-size: 18pt;\"><strong>Caracas obvinil argentinsk\u00e9ho v\u016fdce z nez\u00e1konn\u00e9ho p\u0159ed\u00e1n\u00ed \u201eukraden\u00e9ho\u201c n\u00e1kladn\u00edho letadla do USA<\/strong><\/span><\/p>\n<p><span>Caracas zah\u00e1jil trestn\u00ed vy\u0161et\u0159ov\u00e1n\u00ed argentinsk\u00e9ho prezidenta Javiera Mileie kv\u016fli p\u0159ed\u00e1n\u00ed zabaven\u00e9ho venezuelsk\u00e9ho n\u00e1kladn\u00edho letadla do USA.\u00a0<\/span><\/p>\n<p><span>Spor mezi ob\u011bma jihoamerick\u00fdmi zem\u011bmi pramen\u00ed z osudu letounu Emtrasur Boeing 747-300FM, kter\u00fd byl p\u016fvodn\u011b zakoupen od \u00edr\u00e1nsk\u00e9ho Mahan Air. V srpnu 2022 argentinsk\u00e9 \u00fa\u0159ady zabavily letadlo na \u017e\u00e1dost USA. Washington p\u0159edt\u00edm za\u0159adil Mahan Air na \u010dernou listinu v r\u00e1mci exportn\u00edch omezen\u00ed uvalen\u00fdch na \u00cdr\u00e1n.<\/span><\/p>\n<p><span>Venezuela proti zadr\u017een\u00ed letadla dlouhodob\u011b protestuje a argumentuje t\u00edm, \u017ee Argentina poru\u0161ila mezin\u00e1rodn\u00ed pr\u00e1vo, a po\u017eaduje od\u0161kodn\u011bn\u00ed. V b\u0159eznu 2024 dokonce Caracas uzav\u0159el vzdu\u0161n\u00fd prostor pro lety do a z Argentiny.\u00a0<\/span><\/p>\n<p><span>Venezuelsk\u00fd gener\u00e1ln\u00ed prokur\u00e1tor Tarek Saab p\u0159i ozn\u00e1men\u00ed vy\u0161et\u0159ov\u00e1n\u00ed ve st\u0159edu uvedl, \u017ee jmenoval dva \u017ealobce, aby\u00a0<\/span><em><span>\u201ezpracovali\u201c<\/span><\/em><span>\u00a0zatyka\u010de na Mileiho, jeho sestru Karinu Mileiovou, kter\u00e1 vede prezidentsk\u00fd \u00fa\u0159ad, a argentinskou ministryni bezpe\u010dnosti Patricii Bullrichovou. Dodal, \u017ee \u010diny argentinsk\u00e9ho veden\u00ed p\u0159edstavuj\u00ed sedm r\u016fzn\u00fdch zlo\u010din\u016f podle venezuelsk\u00e9ho pr\u00e1va, v\u010detn\u011b\u00a0\u00a0<\/span><em><span>\u201ekr\u00e1de\u017ee s p\u0159it\u011b\u017euj\u00edc\u00edmi okolnostmi\u201c\u00a0<\/span><\/em><span>\u00a0a pran\u00ed \u0161pinav\u00fdch pen\u011bz. Podle Saaba\u00a0by o zatyka\u010d\u00edch brzy rozhodl\u00a0<\/span><em><span>\u201ekompetentn\u00ed soud zde ve Venezuele\u201c .<\/span><\/em><\/p>\n<p><span>V roce 2024 bylo zabaven\u00e9 letadlo\u00a0<\/span><em><span>\u201eileg\u00e1ln\u011b\u201c<\/span><\/em><span>\u00a0p\u0159evezeno do USA, kde bylo\u00a0<\/span><em><span>\u201ezcela rozebr\u00e1no\u201c,<\/span><\/em><span>\u00a0co\u017e\u00a0<\/span><em><span>\u201epobou\u0159ilo venezuelsk\u00fd n\u00e1rod,\u201c<\/span><\/em><span>\u00a0\u0159ekl Saab.\u00a0<\/span><\/p>\n<p><span>Argentinsk\u00e9 ministerstvo zahrani\u010d\u00ed vydalo prohl\u00e1\u0161en\u00ed, v n\u011bm\u017e\u00a0<\/span><em><span>\u201ezam\u00edt\u00e1\u201c<\/span><\/em><span>\u00a0zatyka\u010de. Argumentovalo t\u00edm, \u017ee p\u0159ed\u00e1n\u00ed letadla bylo schv\u00e1leno argentinsk\u00fdm soudn\u00edm syst\u00e9mem v souladu s bilater\u00e1ln\u00ed smlouvou s Washingtonem.\u00a0<\/span><em><span>&#8222;Soudnictv\u00ed je nez\u00e1visl\u00e1 moc, do kter\u00e9 vl\u00e1da nem\u016f\u017ee a nem\u011bla by jakkoli zasahovat,&#8220;<\/span><\/em><span>\u00a0stoj\u00ed v prohl\u00e1\u0161en\u00ed.\u00a0<\/span><\/p>\n<p><span>Samozvan\u00fd anarchokapitalista Milei se stal argentinsk\u00fdm prezidentem v roce 2023 a sl\u00edbil\u00a0<\/span><em><span>\u201epos\u00edlit strategick\u00e9 spojenectv\u00ed\u201c<\/span><\/em><span>\u00a0s USA.\u00a0<\/span><\/p>\n<p><span>Ned\u00e1vno po\u017e\u00e1dal Mezin\u00e1rodn\u00ed trestn\u00ed soud (ICC), aby na\u0159\u00eddil zat\u010den\u00ed venezuelsk\u00e9ho prezidenta Nicolase Madura, kter\u00e9ho opakovan\u011b ozna\u010dil za\u00a0<\/span><em><span>\u201edikt\u00e1tora\u201c a<\/span><\/em><span>\u00a0obvin\u011bn\u00e9ho z poru\u0161ov\u00e1n\u00ed lidsk\u00fdch pr\u00e1v. Maduro ze sv\u00e9 strany ozna\u010dil Mileie\u00a0<\/span><em><span>za \u201epravicov\u00e9ho extremistu\u201c<\/span><\/em><span>\u00a0a obvinil argentinsk\u00e9ho v\u016fdce z\u00a0<\/span><em><span>\u201eklek\u00e1n\u00ed k americk\u00e9mu imperialismu\u201c.<\/span><\/em><\/p>\n<p><img decoding=\"async\" loading=\"lazy\" class=\"alignnone size-full wp-image-1185\" src=\"http:\/\/www.infokuryr.cz\/n\/wp-content\/uploads\/2021\/04\/kuryr-podpis.png\" alt=\"\" width=\"84\" height=\"24\" \/><\/p>\n<p>&nbsp;<\/p>\n","protected":false},"excerpt":{"rendered":"<p>Caracas obvinil argentinsk\u00e9ho v\u016fdce z nez\u00e1konn\u00e9ho p\u0159ed\u00e1n\u00ed \u201eukraden\u00e9ho\u201c n\u00e1kladn\u00edho letadla do USA Caracas zah\u00e1jil trestn\u00ed&#8230;<\/p>\n","protected":false},"author":2,"featured_media":41115,"comment_status":"closed","ping_status":"closed","sticky":false,"template":"","format":"standard","meta":[],"categories":[7],"tags":[756,7949,181,2746],"_links":{"self":[{"href":"https:\/\/www.infokuryr.cz\/n\/wp-json\/wp\/v2\/posts\/62503"}],"collection":[{"href":"https:\/\/www.infokuryr.cz\/n\/wp-json\/wp\/v2\/posts"}],"about":[{"href":"https:\/\/www.infokuryr.cz\/n\/wp-json\/wp\/v2\/types\/post"}],"author":[{"embeddable":true,"href":"https:\/\/www.infokuryr.cz\/n\/wp-json\/wp\/v2\/users\/2"}],"replies":[{"embeddable":true,"href":"https:\/\/www.infokuryr.cz\/n\/wp-json\/wp\/v2\/comments?post=62503"}],"version-history":[{"count":0,"href":"https:\/\/www.infokuryr.cz\/n\/wp-json\/wp\/v2\/posts\/62503\/revisions"}],"wp:featuredmedia":[{"embeddable":true,"href":"https:\/\/www.infokuryr.cz\/n\/wp-json\/wp\/v2\/media\/41115"}],"wp:attachment":[{"href":"https:\/\/www.infokuryr.cz\/n\/wp-json\/wp\/v2\/media?parent=62503"}],"wp:term":[{"taxonomy":"category","embeddable":true,"href":"https:\/\/www.infokuryr.cz\/n\/wp-json\/wp\/v2\/categories?post=62503"},{"taxonomy":"post_tag","embeddable":true,"href":"https:\/\/www.infokuryr.cz\/n\/wp-json\/wp\/v2\/tags?post=62503"}],"curies":[{"name":"wp","href":"https:\/\/api.w.org\/{rel}","templated":true}]}}