{"id":62501,"date":"2024-09-19T06:35:06","date_gmt":"2024-09-19T04:35:06","guid":{"rendered":"https:\/\/www.infokuryr.cz\/n\/?p=62501"},"modified":"2024-09-19T06:35:06","modified_gmt":"2024-09-19T04:35:06","slug":"izraelska-valecna-letadla-utoci-na-cile-v-jiznim-libanonu","status":"publish","type":"post","link":"https:\/\/www.infokuryr.cz\/n\/2024\/09\/19\/izraelska-valecna-letadla-utoci-na-cile-v-jiznim-libanonu\/","title":{"rendered":"Izraelsk\u00e1 v\u00e1le\u010dn\u00e1 letadla \u00fato\u010d\u00ed na c\u00edle v ji\u017en\u00edm Libanonu"},"content":{"rendered":"<div id=\"fb-root\"><\/div>\n<p><span style=\"font-size: 18pt;\"><strong>IDF uvedla, \u017ee se zam\u011b\u0159ovala na budovy pou\u017e\u00edvan\u00e9 agenty Hizball\u00e1hu<\/strong><\/span><\/p>\n<p><span>Izraelsk\u00e9 obrann\u00e9 s\u00edly (IDF) uvedly, \u017ee ve st\u0159edu provedly n\u00e1lety na c\u00edle Hizball\u00e1hu v ji\u017en\u00edm Libanonu. Akce p\u0159ich\u00e1z\u00ed pot\u00e9, co ministr obrany Yoav Gallant ozn\u00e1mil\u00a0<\/span><em><span>\u201enovou f\u00e1zi\u201c<\/span><\/em><span>\u00a0izraelsk\u00e9 v\u00e1lky proti Hamasu v Gaze a propalestinsk\u00fdm bojovn\u00edk\u016fm v Libanonu.<\/span><\/p>\n<p><span>Podle IDF v\u00e1le\u010dn\u00e1 letadla zas\u00e1hla raketomet a n\u011bkolik budov pou\u017e\u00edvan\u00fdch agenty Hizball\u00e1hu v Jebbaynu, Haltam Kafr Kila, Odaisseh a Chama.<\/span><\/p>\n<p><span>IDF zve\u0159ejnilo video ze st\u00e1vek.<\/span><\/p>\n<div class=\"rtcode\">\n<div class=\"twitter-tweet twitter-tweet-rendered\"><iframe id=\"twitter-widget-0\" class=\"\" title=\"P\u0159\u00edsp\u011bvek X\" src=\"https:\/\/platform.twitter.com\/embed\/Tweet.html?creatorScreenName=RT_com&amp;dnt=false&amp;embedId=twitter-widget-0&amp;features=eyJ0ZndfdGltZWxpbmVfbGlzdCI6eyJidWNrZXQiOltdLCJ2ZXJzaW9uIjpudWxsfSwidGZ3X2ZvbGxvd2VyX2NvdW50X3N1bnNldCI6eyJidWNrZXQiOnRydWUsInZlcnNpb24iOm51bGx9LCJ0ZndfdHdlZXRfZWRpdF9iYWNrZW5kIjp7ImJ1Y2tldCI6Im9uIiwidmVyc2lvbiI6bnVsbH0sInRmd19yZWZzcmNfc2Vzc2lvbiI6eyJidWNrZXQiOiJvbiIsInZlcnNpb24iOm51bGx9LCJ0ZndfZm9zbnJfc29mdF9pbnRlcnZlbnRpb25zX2VuYWJsZWQiOnsiYnVja2V0Ijoib24iLCJ2ZXJzaW9uIjpudWxsfSwidGZ3X21peGVkX21lZGlhXzE1ODk3Ijp7ImJ1Y2tldCI6InRyZWF0bWVudCIsInZlcnNpb24iOm51bGx9LCJ0ZndfZXhwZXJpbWVudHNfY29va2llX2V4cGlyYXRpb24iOnsiYnVja2V0IjoxMjA5NjAwLCJ2ZXJzaW9uIjpudWxsfSwidGZ3X3Nob3dfYmlyZHdhdGNoX3Bpdm90c19lbmFibGVkIjp7ImJ1Y2tldCI6Im9uIiwidmVyc2lvbiI6bnVsbH0sInRmd19kdXBsaWNhdGVfc2NyaWJlc190b19zZXR0aW5ncyI6eyJidWNrZXQiOiJvbiIsInZlcnNpb24iOm51bGx9LCJ0ZndfdXNlX3Byb2ZpbGVfaW1hZ2Vfc2hhcGVfZW5hYmxlZCI6eyJidWNrZXQiOiJvbiIsInZlcnNpb24iOm51bGx9LCJ0ZndfdmlkZW9faGxzX2R5bmFtaWNfbWFuaWZlc3RzXzE1MDgyIjp7ImJ1Y2tldCI6InRydWVfYml0cmF0ZSIsInZlcnNpb24iOm51bGx9LCJ0ZndfbGVnYWN5X3RpbWVsaW5lX3N1bnNldCI6eyJidWNrZXQiOnRydWUsInZlcnNpb24iOm51bGx9LCJ0ZndfdHdlZXRfZWRpdF9mcm9udGVuZCI6eyJidWNrZXQiOiJvbiIsInZlcnNpb24iOm51bGx9fQ%3D%3D&amp;frame=false&amp;hideCard=false&amp;hideThread=false&amp;id=1836481587531464906&amp;lang=cs&amp;maxWidth=560px&amp;origin=https%3A%2F%2Fswentr.site%2Fnews%2F604254-israel-lebanon-strike-hezbollah%2F&amp;sessionId=cfeb084021264f49fc7734d99a6fa73c6c6d3b3f&amp;siteScreenName=RT_com&amp;theme=light&amp;widgetsVersion=2615f7e52b7e0%3A1702314776716&amp;width=550px\" frameborder=\"0\" scrolling=\"no\" allowfullscreen=\"allowfullscreen\" data-tweet-id=\"1836481587531464906\" data-mce-fragment=\"1\"><\/iframe><\/div>\n<\/div>\n<p><span>K n\u00e1let\u016fm do\u0161lo pot\u00e9, co ozbrojenci ve st\u0159edu odp\u00e1lili z Libanonu na sever Izraele v\u00edce ne\u017e 40 raket, uv\u00e1d\u00ed Times of Israel.<\/span><\/p>\n<p><span>Hizball\u00e1h sl\u00edbil odvetu proti Izraeli pot\u00e9, co v \u00fater\u00fd a ve st\u0159edu v Libanonu spont\u00e1nn\u011b explodovaly stovky ru\u010dn\u00edch pager\u016f a vys\u00edla\u010dek pou\u017e\u00edvan\u00fdch militanty, zabily nejm\u00e9n\u011b 32 lid\u00ed a zranily asi 3200 dal\u0161\u00edch.<\/span><\/p>\n<p><span>A\u010dkoli \u017eidovsk\u00fd st\u00e1t odm\u00edtl uznat svou podez\u0159elou roli v incidentu, n\u011bkolik zpravodajsk\u00fdch organizac\u00ed uvedlo, \u017ee izraelsk\u00e1 \u0161pion\u00e1\u017en\u00ed agentura Mossad byla zodpov\u011bdn\u00e1 za vybaven\u00ed za\u0159\u00edzen\u00ed v\u00fdbu\u0161ninami.<\/span><\/p>\n<p><span>V reakci na eskalaci nap\u011bt\u00ed s Hizball\u00e1hem IDF p\u0159esunula svou elitn\u00ed 98. v\u00fdsadkovou divizi ze severn\u00ed Gazy k hranici s Libanonem, \u0159ekl ve st\u0159edu n\u00e1\u010deln\u00edk gener\u00e1ln\u00edho \u0161t\u00e1bu Herzi Halevi.<\/span><\/p>\n<p><img decoding=\"async\" loading=\"lazy\" class=\"alignnone size-full wp-image-1185\" src=\"http:\/\/www.infokuryr.cz\/n\/wp-content\/uploads\/2021\/04\/kuryr-podpis.png\" alt=\"\" width=\"84\" height=\"24\" \/><\/p>\n<p>&nbsp;<\/p>\n","protected":false},"excerpt":{"rendered":"<p>IDF uvedla, \u017ee se zam\u011b\u0159ovala na budovy pou\u017e\u00edvan\u00e9 agenty Hizball\u00e1hu Izraelsk\u00e9 obrann\u00e9 s\u00edly (IDF) uvedly,&#8230;<\/p>\n","protected":false},"author":2,"featured_media":62502,"comment_status":"closed","ping_status":"closed","sticky":false,"template":"","format":"standard","meta":[],"categories":[7],"tags":[6772,107,457,405,723],"_links":{"self":[{"href":"https:\/\/www.infokuryr.cz\/n\/wp-json\/wp\/v2\/posts\/62501"}],"collection":[{"href":"https:\/\/www.infokuryr.cz\/n\/wp-json\/wp\/v2\/posts"}],"about":[{"href":"https:\/\/www.infokuryr.cz\/n\/wp-json\/wp\/v2\/types\/post"}],"author":[{"embeddable":true,"href":"https:\/\/www.infokuryr.cz\/n\/wp-json\/wp\/v2\/users\/2"}],"replies":[{"embeddable":true,"href":"https:\/\/www.infokuryr.cz\/n\/wp-json\/wp\/v2\/comments?post=62501"}],"version-history":[{"count":0,"href":"https:\/\/www.infokuryr.cz\/n\/wp-json\/wp\/v2\/posts\/62501\/revisions"}],"wp:featuredmedia":[{"embeddable":true,"href":"https:\/\/www.infokuryr.cz\/n\/wp-json\/wp\/v2\/media\/62502"}],"wp:attachment":[{"href":"https:\/\/www.infokuryr.cz\/n\/wp-json\/wp\/v2\/media?parent=62501"}],"wp:term":[{"taxonomy":"category","embeddable":true,"href":"https:\/\/www.infokuryr.cz\/n\/wp-json\/wp\/v2\/categories?post=62501"},{"taxonomy":"post_tag","embeddable":true,"href":"https:\/\/www.infokuryr.cz\/n\/wp-json\/wp\/v2\/tags?post=62501"}],"curies":[{"name":"wp","href":"https:\/\/api.w.org\/{rel}","templated":true}]}}