{"id":62498,"date":"2024-09-19T06:00:08","date_gmt":"2024-09-19T04:00:08","guid":{"rendered":"https:\/\/www.infokuryr.cz\/n\/?p=62498"},"modified":"2024-09-19T06:00:08","modified_gmt":"2024-09-19T04:00:08","slug":"nova-vlna-vybuchu-zasahla-vysilacky-v-libanonu","status":"publish","type":"post","link":"https:\/\/www.infokuryr.cz\/n\/2024\/09\/19\/nova-vlna-vybuchu-zasahla-vysilacky-v-libanonu\/","title":{"rendered":"Nov\u00e1 vlna v\u00fdbuch\u016f zas\u00e1hla vys\u00edla\u010dky v Libanonu"},"content":{"rendered":"<div id=\"fb-root\"><\/div>\n<p><span style=\"font-size: 18pt;\"><strong>V\u00fdbuchy p\u0159ich\u00e1zej\u00ed den pot\u00e9, co p\u0159i zjevn\u00e9 izraelsk\u00e9 operaci explodovaly tis\u00edce pager\u016f pou\u017e\u00edvan\u00fdch Hizball\u00e1hem<\/strong><\/span><\/p>\n<p><span>Vys\u00edla\u010dky pou\u017e\u00edvan\u00e9 polovojenskou skupinou Hizball\u00e1h ve st\u0159edu sou\u010dasn\u011b explodovaly po cel\u00e9m Libanonu ve zjevn\u00e9m pokra\u010dov\u00e1n\u00ed \u00fadajn\u00e9 izraelsk\u00e9 sabot\u00e1\u017en\u00ed operace, kter\u00e1 v \u00fater\u00fd zabila 12 lid\u00ed a zranila tis\u00edce.<\/span><\/p>\n<p><span>O v\u00fdbuchu poprv\u00e9 informovala libanonsk\u00e1 m\u00e9dia ve st\u0159edu, p\u0159i\u010dem\u017e N\u00e1rodn\u00ed tiskov\u00e1 agentura tvrdila, \u017ee byli zabiti nejm\u00e9n\u011b t\u0159i lid\u00e9. Televizn\u00ed s\u00ed\u0165 al-Hadath uvedla, \u017ee nejm\u00e9n\u011b 100 lid\u00ed bylo zran\u011bno. Libanonsk\u00fd bezpe\u010dnostn\u00ed zdroj \u0159ekl agentu\u0159e Reuters, \u017ee exploze zas\u00e1hly ru\u010dn\u00ed vys\u00edla\u010dky pou\u017e\u00edvan\u00e9 \u010dleny Hizball\u00e1hu a odehr\u00e1ly se v Bejr\u00fatu a v cel\u00e9m ji\u017en\u00edm Libanonu, regionu kontrolovan\u00e9m polovojensk\u00fdmi silami.<\/span><\/p>\n<p><span>Nejm\u00e9n\u011b jeden z v\u00fdbuch\u016f se odehr\u00e1l p\u0159i smute\u010dn\u00edm pr\u016fvodu \u010dty\u0159 lid\u00ed, kte\u0159\u00ed byli v \u00fater\u00fd zabiti p\u0159i explozi jejich pager\u016f, uvedla agentura Reuters.\u00a0<\/span><\/p>\n<p><span>Nejm\u00e9n\u011b tucet lid\u00ed bylo zabito, v\u010detn\u011b dvou d\u011bt\u00ed, a v\u00edce ne\u017e 3000 bylo zran\u011bno, kdy\u017e jejich pagery \u2013 technicky nen\u00e1ro\u010dn\u00fd a \u00fadajn\u011b bezpe\u010dn\u00fd zp\u016fsob komunikace \u2013 v \u00fater\u00fd spont\u00e1nn\u011b explodovaly. Libanon\u0161t\u00ed bezpe\u010dnostn\u00ed \u010dinitel\u00e9 obvinili izraelskou zpravodajskou slu\u017ebu Mossad, zat\u00edmco americk\u00e9 a izraelsk\u00e9 zdroje \u0159ekly Axios, \u017ee Mossad skute\u010dn\u011b p\u0159ed n\u011bkolika m\u011bs\u00edci zmanipuloval za\u0159\u00edzen\u00ed k v\u00fdbuchu.<\/span><\/p>\n<p><span>Mossad pl\u00e1noval vyhodit pagery do pov\u011bt\u0159\u00ed v p\u0159\u00edpad\u011b tot\u00e1ln\u00ed v\u00e1lky s Hizball\u00e1hem, ale rozhodl se je odp\u00e1lit brzy v p\u0159\u00edpad\u011b, \u017ee by byly objeveny v\u00fdbu\u0161n\u00e9 n\u00e1lo\u017ee, \u0159ekl americk\u00fd \u00fa\u0159edn\u00edk Axios.<\/span><\/p>\n<p><span>Ru\u010dn\u00ed vys\u00edla\u010dky, kter\u00e9 ve st\u0159edu explodovaly, byly hromadn\u011b nakoupeny ve stejnou dobu jako pagery, kter\u00e9 v \u00fater\u00fd vybuchly, \u0159ekl agentu\u0159e Reuters bezpe\u010dnostn\u00ed zdroj.<\/span><\/p>\n<p><span>Videoz\u00e1znamy zve\u0159ejn\u011bn\u00e9 na soci\u00e1ln\u00edch s\u00edt\u00edch uk\u00e1zaly zni\u010den\u00e1 vozidla a po\u017e\u00e1ry ho\u0159\u00edc\u00ed na zjevn\u00fdch m\u00edstech st\u0159ede\u010dn\u00edch v\u00fdbuch\u016f.<\/span><\/p>\n<div class=\"rtcode\">\n<div class=\"twitter-tweet twitter-tweet-rendered\"><iframe id=\"twitter-widget-0\" class=\"\" title=\"P\u0159\u00edsp\u011bvek X\" src=\"https:\/\/platform.twitter.com\/embed\/Tweet.html?creatorScreenName=RT_com&amp;dnt=false&amp;embedId=twitter-widget-0&amp;features=eyJ0ZndfdGltZWxpbmVfbGlzdCI6eyJidWNrZXQiOltdLCJ2ZXJzaW9uIjpudWxsfSwidGZ3X2ZvbGxvd2VyX2NvdW50X3N1bnNldCI6eyJidWNrZXQiOnRydWUsInZlcnNpb24iOm51bGx9LCJ0ZndfdHdlZXRfZWRpdF9iYWNrZW5kIjp7ImJ1Y2tldCI6Im9uIiwidmVyc2lvbiI6bnVsbH0sInRmd19yZWZzcmNfc2Vzc2lvbiI6eyJidWNrZXQiOiJvbiIsInZlcnNpb24iOm51bGx9LCJ0ZndfZm9zbnJfc29mdF9pbnRlcnZlbnRpb25zX2VuYWJsZWQiOnsiYnVja2V0Ijoib24iLCJ2ZXJzaW9uIjpudWxsfSwidGZ3X21peGVkX21lZGlhXzE1ODk3Ijp7ImJ1Y2tldCI6InRyZWF0bWVudCIsInZlcnNpb24iOm51bGx9LCJ0ZndfZXhwZXJpbWVudHNfY29va2llX2V4cGlyYXRpb24iOnsiYnVja2V0IjoxMjA5NjAwLCJ2ZXJzaW9uIjpudWxsfSwidGZ3X3Nob3dfYmlyZHdhdGNoX3Bpdm90c19lbmFibGVkIjp7ImJ1Y2tldCI6Im9uIiwidmVyc2lvbiI6bnVsbH0sInRmd19kdXBsaWNhdGVfc2NyaWJlc190b19zZXR0aW5ncyI6eyJidWNrZXQiOiJvbiIsInZlcnNpb24iOm51bGx9LCJ0ZndfdXNlX3Byb2ZpbGVfaW1hZ2Vfc2hhcGVfZW5hYmxlZCI6eyJidWNrZXQiOiJvbiIsInZlcnNpb24iOm51bGx9LCJ0ZndfdmlkZW9faGxzX2R5bmFtaWNfbWFuaWZlc3RzXzE1MDgyIjp7ImJ1Y2tldCI6InRydWVfYml0cmF0ZSIsInZlcnNpb24iOm51bGx9LCJ0ZndfbGVnYWN5X3RpbWVsaW5lX3N1bnNldCI6eyJidWNrZXQiOnRydWUsInZlcnNpb24iOm51bGx9LCJ0ZndfdHdlZXRfZWRpdF9mcm9udGVuZCI6eyJidWNrZXQiOiJvbiIsInZlcnNpb24iOm51bGx9fQ%3D%3D&amp;frame=false&amp;hideCard=false&amp;hideThread=false&amp;id=1836413304857608308&amp;lang=cs&amp;origin=https%3A%2F%2Fswentr.site%2Fnews%2F604243-lebanon-explosion-second-beirut%2F&amp;sessionId=ca4067afa2589f2ae875ccffe932590e3ef3e8ee&amp;siteScreenName=RT_com&amp;theme=light&amp;widgetsVersion=2615f7e52b7e0%3A1702314776716&amp;width=550px\" frameborder=\"0\" scrolling=\"no\" allowfullscreen=\"allowfullscreen\" data-tweet-id=\"1836413304857608308\" data-mce-fragment=\"1\"><\/iframe><\/div>\n<\/div>\n<p><span>Hizball\u00e1h vedl vojenskou kampa\u0148 n\u00edzk\u00e9 intenzity proti Izraeli od t\u00e9 doby, co Izraelsk\u00e9 obrann\u00e9 s\u00edly (IDF) t\u00e9m\u011b\u0159 p\u0159ed rokem za\u010daly bombardovat Gazu. Kampa\u0148, o n\u00ed\u017e v\u016fdce Hizball\u00e1hu Hassan Nasrall\u00e1h \u0159\u00edk\u00e1, \u017ee je zam\u011b\u0159ena na sv\u00e1z\u00e1n\u00ed izraelsk\u00fdch sil pobl\u00ed\u017e izraelsko-libanonsk\u00fdch hranic, vyvolala p\u0159i n\u011bkolika p\u0159\u00edle\u017eitostech obavy z tot\u00e1ln\u00ed v\u00e1lky, jako tomu bylo po \u00fatern\u00edch exploz\u00edch.<\/span><\/p>\n<p><span>Ve st\u0159ede\u010dn\u00edm prohl\u00e1\u0161en\u00ed Hizball\u00e1h uvedl, \u017ee\u00a0<\/span><em><span>\u201eza tuto zlo\u010dinnou agresi pln\u011b odpov\u00edd\u00e1 izraelsk\u00e9mu nep\u0159\u00edteli\u201c.<\/span><\/em><span>\u00a0Skupina ve st\u0159edu vyp\u00e1lila p\u0159\u00edval raket na izraelsk\u00e9 pozice, n\u011bkolik hodin p\u0159edt\u00edm, ne\u017e jej\u00ed vys\u00edla\u010dky explodovaly.<\/span><\/p>\n<p><img decoding=\"async\" loading=\"lazy\" class=\"alignnone size-full wp-image-1185\" src=\"http:\/\/www.infokuryr.cz\/n\/wp-content\/uploads\/2021\/04\/kuryr-podpis.png\" alt=\"\" width=\"84\" height=\"24\" \/><\/p>\n<p>&nbsp;<\/p>\n","protected":false},"excerpt":{"rendered":"<p>V\u00fdbuchy p\u0159ich\u00e1zej\u00ed den pot\u00e9, co p\u0159i zjevn\u00e9 izraelsk\u00e9 operaci explodovaly tis\u00edce pager\u016f pou\u017e\u00edvan\u00fdch Hizball\u00e1hem Vys\u00edla\u010dky&#8230;<\/p>\n","protected":false},"author":2,"featured_media":62499,"comment_status":"closed","ping_status":"closed","sticky":false,"template":"","format":"standard","meta":[],"categories":[7],"tags":[7085,107,405,3533],"_links":{"self":[{"href":"https:\/\/www.infokuryr.cz\/n\/wp-json\/wp\/v2\/posts\/62498"}],"collection":[{"href":"https:\/\/www.infokuryr.cz\/n\/wp-json\/wp\/v2\/posts"}],"about":[{"href":"https:\/\/www.infokuryr.cz\/n\/wp-json\/wp\/v2\/types\/post"}],"author":[{"embeddable":true,"href":"https:\/\/www.infokuryr.cz\/n\/wp-json\/wp\/v2\/users\/2"}],"replies":[{"embeddable":true,"href":"https:\/\/www.infokuryr.cz\/n\/wp-json\/wp\/v2\/comments?post=62498"}],"version-history":[{"count":0,"href":"https:\/\/www.infokuryr.cz\/n\/wp-json\/wp\/v2\/posts\/62498\/revisions"}],"wp:featuredmedia":[{"embeddable":true,"href":"https:\/\/www.infokuryr.cz\/n\/wp-json\/wp\/v2\/media\/62499"}],"wp:attachment":[{"href":"https:\/\/www.infokuryr.cz\/n\/wp-json\/wp\/v2\/media?parent=62498"}],"wp:term":[{"taxonomy":"category","embeddable":true,"href":"https:\/\/www.infokuryr.cz\/n\/wp-json\/wp\/v2\/categories?post=62498"},{"taxonomy":"post_tag","embeddable":true,"href":"https:\/\/www.infokuryr.cz\/n\/wp-json\/wp\/v2\/tags?post=62498"}],"curies":[{"name":"wp","href":"https:\/\/api.w.org\/{rel}","templated":true}]}}