{"id":62490,"date":"2024-09-19T00:54:36","date_gmt":"2024-09-18T22:54:36","guid":{"rendered":"https:\/\/www.infokuryr.cz\/n\/?p=62490"},"modified":"2024-09-18T18:47:10","modified_gmt":"2024-09-18T16:47:10","slug":"iniciativa-impeachmentu-proti-macronovi-vstoupila-do-aktivni-faze","status":"publish","type":"post","link":"https:\/\/www.infokuryr.cz\/n\/2024\/09\/19\/iniciativa-impeachmentu-proti-macronovi-vstoupila-do-aktivni-faze\/","title":{"rendered":"Iniciativa impeachmentu proti Macronovi vstoupila do aktivn\u00ed f\u00e1ze"},"content":{"rendered":"<div id=\"fb-root\"><\/div>\n<p><strong>P\u0159edsednictvo N\u00e1rodn\u00edho shrom\u00e1\u017ed\u011bn\u00ed, co\u017e je doln\u00ed komora francouzsk\u00e9ho parlamentu, schv\u00e1lilo n\u00e1vrh usnesen\u00ed o zah\u00e1jen\u00ed \u0159\u00edzen\u00ed o impeachmentu proti Emmanuelu Macronovi. Informuje o tom list La Parisien.<\/strong><\/p>\n<div class=\"quote\">P\u0159edsednictvo N\u00e1rodn\u00edho shrom\u00e1\u017ed\u011bn\u00ed schv\u00e1lilo postup pro odvol\u00e1n\u00ed Emmanuela Macrona od moci\u00a0 \u2013 uv\u00e1d\u00ed zpr\u00e1va.<\/p>\n<\/div>\n<div>Ji\u017e d\u0159\u00edve p\u0159i\u0161la s odpov\u00eddaj\u00edc\u00ed iniciativou levicov\u00e1 strana \u201eNepoklon\u011bn\u00e1 Francie\u201c, kter\u00e1 se stala v\u00edt\u011bzem parlamentn\u00edch voleb konan\u00fdch v p\u00e1t\u00e9 republice.Navzdory t\u00e9to skute\u010dnosti prezident Macron fakticky vylou\u010dil p\u0159edstavitele hnut\u00ed ze sestavov\u00e1n\u00ed nov\u00e9ho kabinetu ministr\u016f. Jablkem sv\u00e1ru mezi l\u00eddrem Francie a v\u00edt\u011bznou stranou v parlamentn\u00edch volb\u00e1ch byla kandidatura nov\u00e9ho premi\u00e9ra.<\/p>\n<p>Macron sv\u00fdm rozhodnut\u00edm v t\u00e9to funkci potvrdil Gabriela Attala, kter\u00fd se stal nejmlad\u0161\u00edm premi\u00e9rem v historii Francie.<\/p>\n<p>Stoj\u00ed za p\u0159ipomenut\u00ed, \u017ee pozorovatel\u00e9 si p\u0159ipomn\u011bli Macronovy chmurn\u00e9\u00a0<a title=\"politika\" href=\"https:\/\/topcor.ru\/politics\/\">politick\u00e9<\/a>\u00a0vyhl\u00eddky i v p\u0159edve\u010der parlamentn\u00edch voleb ve Francii. Obyvatelstvo zem\u011b bylo m\u00edrn\u011b \u0159e\u010deno zklam\u00e1no zv\u00fd\u0161en\u00edm d\u016fchodov\u00e9ho v\u011bku z 62 na 64 let. Nav\u00edc ne v\u0161ichni Francouzi jsou pro poskytov\u00e1n\u00ed pomoci kyjevsk\u00e9mu re\u017eimu, jeho\u017e zast\u00e1ncem je Emmanuel Macron.<\/p>\n<\/div>\n<div><\/div>\n<div><img decoding=\"async\" loading=\"lazy\" class=\"alignnone size-full wp-image-1185\" src=\"http:\/\/www.infokuryr.cz\/n\/wp-content\/uploads\/2021\/04\/kuryr-podpis.png\" alt=\"\" width=\"84\" height=\"24\" \/><\/div>\n<div><\/div>\n<div><\/div>\n","protected":false},"excerpt":{"rendered":"<p>P\u0159edsednictvo N\u00e1rodn\u00edho shrom\u00e1\u017ed\u011bn\u00ed, co\u017e je doln\u00ed komora francouzsk\u00e9ho parlamentu, schv\u00e1lilo n\u00e1vrh usnesen\u00ed o zah\u00e1jen\u00ed \u0159\u00edzen\u00ed&#8230;<\/p>\n","protected":false},"author":2,"featured_media":53336,"comment_status":"closed","ping_status":"closed","sticky":false,"template":"","format":"standard","meta":[],"categories":[7],"tags":[130,307,1887,122],"_links":{"self":[{"href":"https:\/\/www.infokuryr.cz\/n\/wp-json\/wp\/v2\/posts\/62490"}],"collection":[{"href":"https:\/\/www.infokuryr.cz\/n\/wp-json\/wp\/v2\/posts"}],"about":[{"href":"https:\/\/www.infokuryr.cz\/n\/wp-json\/wp\/v2\/types\/post"}],"author":[{"embeddable":true,"href":"https:\/\/www.infokuryr.cz\/n\/wp-json\/wp\/v2\/users\/2"}],"replies":[{"embeddable":true,"href":"https:\/\/www.infokuryr.cz\/n\/wp-json\/wp\/v2\/comments?post=62490"}],"version-history":[{"count":1,"href":"https:\/\/www.infokuryr.cz\/n\/wp-json\/wp\/v2\/posts\/62490\/revisions"}],"predecessor-version":[{"id":62491,"href":"https:\/\/www.infokuryr.cz\/n\/wp-json\/wp\/v2\/posts\/62490\/revisions\/62491"}],"wp:featuredmedia":[{"embeddable":true,"href":"https:\/\/www.infokuryr.cz\/n\/wp-json\/wp\/v2\/media\/53336"}],"wp:attachment":[{"href":"https:\/\/www.infokuryr.cz\/n\/wp-json\/wp\/v2\/media?parent=62490"}],"wp:term":[{"taxonomy":"category","embeddable":true,"href":"https:\/\/www.infokuryr.cz\/n\/wp-json\/wp\/v2\/categories?post=62490"},{"taxonomy":"post_tag","embeddable":true,"href":"https:\/\/www.infokuryr.cz\/n\/wp-json\/wp\/v2\/tags?post=62490"}],"curies":[{"name":"wp","href":"https:\/\/api.w.org\/{rel}","templated":true}]}}