{"id":62468,"date":"2024-09-19T00:33:28","date_gmt":"2024-09-18T22:33:28","guid":{"rendered":"https:\/\/www.infokuryr.cz\/n\/?p=62468"},"modified":"2024-09-18T17:40:02","modified_gmt":"2024-09-18T15:40:02","slug":"otevreny-dopis-kandidatky-dsz-za-prava-zvirat-do-zpk-zuzany-andelove","status":"publish","type":"post","link":"https:\/\/www.infokuryr.cz\/n\/2024\/09\/19\/otevreny-dopis-kandidatky-dsz-za-prava-zvirat-do-zpk-zuzany-andelove\/","title":{"rendered":"Otev\u0159en\u00fd dopis kandid\u00e1tky DSZ &#8211; ZA PR\u00c1VA ZV\u00cd\u0158AT do ZPK Zuzany Andelov\u00e9"},"content":{"rendered":"<div id=\"fb-root\"><\/div>\n<p>Jmenuji se Zuzana a jsem zakladatelkou organizace \u017divot zv\u00ed\u0159ete z.s., kterou jsem p\u0159ed lety zalo\u017eila prim\u00e1rn\u011b proto, aby bylo mo\u017en\u00e9 l\u00e9pe \u0161\u00ed\u0159it informace o tom, jak\u00e9 jsou v \u010cesk\u00e9 republice povoleny podm\u00ednky \u017eit\u00ed a zp\u016fsoby zach\u00e1zen\u00ed se zv\u00ed\u0159aty. Vedle toho poskytujeme domov dom\u00e1c\u00edm i hospod\u00e1\u0159sk\u00fdm zv\u00ed\u0159at\u016fm. M\u00e1m tedy mo\u017enost b\u00fdt denn\u011b sv\u011bdkem toho, jak\u00e9 to je:<\/p>\n<p>&#8211; kdy\u017e n\u00e1m n\u011bkte\u0159\u00ed v\u00fdrobci potravin l\u017eou o tom, za jak\u00fdch podm\u00ednek \u017eivo\u010di\u0161n\u00e9 produkty z\u00edsk\u00e1vaj\u00ed<\/p>\n<p>&#8211; kdy\u017e n\u00e1m politici l\u017eou o tom, \u017ee nepodporuj\u00ed t\u00fdr\u00e1n\u00ed zv\u00ed\u0159at<\/p>\n<p>&#8211; kdy\u017e n\u00e1m majitel\u00e9 chov\u016f zv\u00ed\u0159at l\u017eou o tom, jak dodr\u017euj\u00ed welfare (dobr\u00e9 \u017eivotn\u00ed podm\u00ednky) zv\u00ed\u0159at<\/p>\n<p>&#8211; kdy\u017e n\u00e1m veterin\u00e1rn\u00ed spr\u00e1va l\u017ee o tom, jak jsou chovy zv\u00ed\u0159at kontrolov\u00e1ny a zv\u00ed\u0159ata v nich jsou zdrav\u00e1 a maj\u00ed se dob\u0159e<\/p>\n<p>&#8211; kdy\u017e selh\u00e1v\u00e1 z\u00e1kon na ochranu zv\u00ed\u0159at, nebo takov\u00fd z\u00e1kon \u00fapln\u011b chyb\u00ed<\/p>\n<p>&#8211; kdy\u017e spole\u010dnost toleruje brut\u00e1ln\u00ed zach\u00e1zen\u00ed se zv\u00ed\u0159aty.<\/p>\n<p><img decoding=\"async\" loading=\"lazy\" class=\"wp-image-62469 alignleft\" src=\"http:\/\/www.infokuryr.cz\/n\/wp-content\/uploads\/2024\/09\/ZK-2.-misto-DSZ-ZA-PRAVA-ZVIRAT-pro-Plzensky-kraj-Zuzana-Andelova-212x300.jpeg\" alt=\"\" width=\"355\" height=\"502\" srcset=\"https:\/\/www.infokuryr.cz\/n\/wp-content\/uploads\/2024\/09\/ZK-2.-misto-DSZ-ZA-PRAVA-ZVIRAT-pro-Plzensky-kraj-Zuzana-Andelova-212x300.jpeg 212w, https:\/\/www.infokuryr.cz\/n\/wp-content\/uploads\/2024\/09\/ZK-2.-misto-DSZ-ZA-PRAVA-ZVIRAT-pro-Plzensky-kraj-Zuzana-Andelova.jpeg 707w\" sizes=\"(max-width: 355px) 100vw, 355px\" \/><\/p>\n<p>\u010casto se m\u011b lid\u00e9 ptaj\u00ed, co konkr\u00e9tn\u011b mohou pomoci ud\u011blat, jak m\u016f\u017ee jednotlivec ovlivnit zm\u011bnu. TAKOV\u00c1 MO\u017dNOST JE PR\u00c1V\u011a TE\u010e. VOLTE DSZ &#8211; ZA PR\u00c1VA ZV\u00cd\u0158AT.<\/p>\n<p>M\u00e1te volbu si vybrat a podpo\u0159it ty, kte\u0159\u00ed se ji\u017e zapojili a za zv\u00ed\u0159ata se sna\u017e\u00ed bojovat.<\/p>\n<p>J\u00e1 jsem si nikdy nemyslela, \u017ee se budu anga\u017eovat do politiky. Ale v\u0161echno, co d\u011bl\u00e1m, d\u011bl\u00e1m pro zv\u00ed\u0159ata a \u010d\u00edm d\u00e9le to d\u011bl\u00e1m, t\u00edm v\u00edce hr\u016fz\u00e1m jsem musela \u010delit, a hlavn\u011b, NIC SE NEZM\u011aNILO.<\/p>\n<p>Zat\u00edmco si politici v obleku v \u010dist\u00e9 kancel\u00e1\u0159i diskutovali o tom, jak zv\u00ed\u0159ata v chovech za\u017e\u00edvaj\u00ed pohodu, j\u00e1 jsem v roce 2021 opustila sv\u00e9 zam\u011bstn\u00e1n\u00ed, nasadila si gumovky a \u0161la jsem se na ka\u017edodenn\u00ed \u017eivot zv\u00ed\u0159at pod\u00edvat do ml\u00e9\u010dn\u00fdch krav\u00edn\u016f jako zam\u011bstnankyn\u011b &#8211; doji\u010dka. Jak vypad\u00e1 skute\u010dn\u00e9 welfare krav? Bytost\u00ed, z jejich\u017e ml\u00e9ka se vyr\u00e1b\u00ed m\u00e1slo, s\u00fdry, jogurty a dal\u0161\u00ed potraviny, kter\u00e9 jsou b\u011b\u017enou polo\u017ekou t\u00e9m\u011b\u0159 ka\u017ed\u00e9 dom\u00e1cnosti? P\u0159esv\u011bd\u010dte se sami, sv\u00e9 sv\u011bdectv\u00ed ze 4 takov\u00fdch chov\u016f v\u010detn\u011b fotodokumentace jsem sepisovala do knihy Krav\u00edn na konci pekla. Opravdu chceme tolerovat, v jak\u00fdch podm\u00ednk\u00e1ch ta zv\u00ed\u0159ata \u017eij\u00ed, a p\u0159ehl\u00ed\u017eet, jak se takov\u00e9 produkty vyr\u00e1b\u00ed, kdy\u017e POTRAVINY JSOU Z VELK\u00c9 \u010c\u00c1STI I T\u00cdM, CO OVLIVNUJE NA\u0160E ZDRAV\u00cd, NEBO DOKONCE M\u016e\u017dE OVLIVNIT I \u017dIVOT?<\/p>\n<p>Bojujme za lep\u0161\u00ed podm\u00ednky a zdrav\u00e9 potraviny. Zastavme utrpen\u00ed a le\u017e. Nastavme spravedliv\u00e9 z\u00e1kony nejen pro zv\u00ed\u0159ata, ale i pro n\u00e1s. Netolerujme vin\u00edky a tyrany. Cht\u011bjme d\u016fslednou kontrolu \u017eivotn\u00edch podm\u00ednek zv\u00ed\u0159at a vy\u0161\u0161\u00ed tresty pro ty, kte\u0159\u00ed se zv\u00ed\u0159aty \u0161patn\u011b zach\u00e1zej\u00ed. Poj\u010fme zak\u00e1zat krut\u00e9 norov\u00e1n\u00ed li\u0161ek. Cht\u011bjme z\u00e1kaz mno\u017e\u00edren a pokus\u016f na zv\u00ed\u0159atech. Bojujme za lep\u0161\u00ed SPOLE\u010cNOST.<\/p>\n<p>A SPOLE\u010cN\u011a TO POJ\u010eME ZM\u011aNIT.<\/p>\n<p>ZASTAVME TO.<\/p>\n<p>D\u011aKUJI<\/p>\n<p>Zuzana Andelov\u00e1 \/kandid\u00e1tka \u010d. 2 do ZPK\/<\/p>\n<p>www.zivotzvirete.cz<\/p>\n<p>***<\/p>\n<p>DSZ &#8211; ZA PR\u00c1VA ZV\u00cd\u0158AT bude kandidovat v nadch\u00e1zej\u00edc\u00edch volb\u00e1ch do zastupitelstev kraj\u016f s volebn\u00edm \u010d\u00edslem 15, kter\u00e9 j\u00ed vylosovala St\u00e1tn\u00ed volebn\u00ed komise. Celkem v nadch\u00e1zej\u00edc\u00edch krajsk\u00fdch volb\u00e1ch kandiduje 95 stran, hnut\u00ed a koalic. Kandid\u00e1tn\u00ed listiny DSZ &#8211; ZA PR\u00c1VA ZV\u00cd\u0158AT byly \u00fasp\u011b\u0161n\u011b zaregistrov\u00e1ny na v\u0161ech 13 krajsk\u00fdch \u00fa\u0159adech \u010cR.<\/p>\n<p>DSZ &#8211; ZA PR\u00c1VA ZV\u00cd\u0158AT dos\u00e1hla podle pr\u016fzkumu dvou agentur (Kantar CZ a Data Collect), kter\u00fd si zadala \u010cesk\u00e1 televize (ve v\u0161ech 13 kraj\u00edch kde samostatn\u011b kandiduje) 6 a\u017e 10 % volebn\u00edho potenci\u00e1lu. Pr\u016fzkum prob\u00edhal od 6. srpna do 27. srpna 2024 a ukazuje kolik procent by strany, hnut\u00ed a koalice z\u00edskaly, kdyby obdr\u017eely hlasy voli\u010d\u016f, kte\u0159\u00ed jej\u00ed volbu nyn\u00ed zva\u017euj\u00ed. Ve v\u011bt\u0161in\u011b kraj\u016f odpov\u00eddalo 1000 respondent\u016f, resp. opr\u00e1vn\u011bn\u00fdch voli\u010d\u016f v dan\u00e9m kraji star\u0161\u00edch 18 let. Jedn\u00e1 se o tedy reprezentativn\u00ed vzorek voli\u010d\u016f. DSZ &#8211; ZA PR\u00c1VA ZV\u00cd\u0158AT se potvrzuj\u00ed informace o velk\u00e9 podpo\u0159e \u010d\u00e1sti ve\u0159ejnosti, kter\u00e9 ji\u017e nen\u00ed lhostejn\u00e9, jak se se zv\u00ed\u0159aty zach\u00e1z\u00ed a jak n\u00edzk\u00e9 tresty jsou ud\u011blov\u00e1ny, nap\u0159. za t\u00fdr\u00e1n\u00ed zv\u00ed\u0159at.<\/p>\n<p>Volebn\u00ed potenci\u00e1l DSZ &#8211; ZA PR\u00c1VA ZV\u00cd\u0158AT v jednotliv\u00fdch kraj\u00edch zve\u0159ejn\u011bn\u00fd \u010ceskou televiz\u00ed dne 30. srpna 2024: Kr\u00e1lov\u00e9hradeck\u00fd 10 %, Pardubick\u00fd 9 %, Jiho\u010desk\u00fd 8,5 %, Plze\u0148sk\u00fd 8,5 %, \u00dasteck\u00fd 8,5 %, St\u0159edo\u010desk\u00fd 7,5 %, Karlovarsk\u00fd 7 %, Olomouck\u00fd 7 %, Zl\u00ednsk\u00fd 7 %, Vyso\u010dina 6,5 %, Moravskoslezsk\u00fd 6,4 %, Libereck\u00fd 6 %, Jihomoravsk\u00fd 6 %.<\/p>\n<p>DSZ &#8211; ZA PR\u00c1VA ZV\u00cd\u0158AT pat\u0159\u00ed spolu s hnut\u00edm ANO 2011 k jedin\u00fdm dv\u011bma volebn\u00edm subjekt\u016fm z devades\u00e1tip\u011bti, kter\u00e9 kandiduj\u00ed ve v\u0161ech kraj\u00edch \/St\u0159edo\u010desk\u00fd, Jiho\u010desk\u00fd, Plze\u0148sk\u00fd, Karlovarsk\u00fd, \u00dasteck\u00fd, Libereck\u00fd, Kr\u00e1lov\u00e9hradeck\u00fd, Pardubick\u00fd, Vyso\u010dina, Jihomoravsk\u00fd, Olomouck\u00fd, Zl\u00ednsk\u00fd, Moravskoslezsk\u00fd\/.<\/p>\n<p>DSZ &#8211; ZA PR\u00c1VA ZV\u00cd\u0158AT slo\u017eila kandid\u00e1tku ze sv\u00fdch \u010dlen\u016f a dal\u0161\u00edch osobnost\u00ed z \u0159ad ochr\u00e1nc\u016f zv\u00ed\u0159at, kte\u0159\u00ed se dlouhodob\u011b a aktivn\u011b v\u011bnuj\u00ed z\u00e1chran\u011b a ochran\u011b zv\u00ed\u0159at, pop\u0159. i p\u0159\u00edrody a \u017eivotn\u00edho prost\u0159ed\u00ed.<\/p>\n<p>DSZ &#8211; ZA PR\u00c1VA ZV\u00cd\u0158AT konstatuje, \u017ee m\u00e1 na sv\u00fdch kandid\u00e1tn\u00edch listin\u00e1ch v\u00edce jak t\u0159i \u010dtvrtiny \u017een, tj. 76 %, a 24 % mu\u017e\u016f.<\/p>\n<p>DSZ &#8211; ZA PR\u00c1VA ZV\u00cd\u0158AT je politickou stranou, kter\u00e1 zapojuje do politiky nejv\u00edce \u017een a to bez um\u011ble vytvo\u0159en\u00fdch tzv. kv\u00f3t. T\u011bchto kv\u00f3t n\u011bkter\u00e9 strany vyu\u017e\u00edvaj\u00ed, aby opticky vylep\u0161ily sv\u00e9 kandid\u00e1tky o \u017eeny, ani\u017e by se tyto kandid\u00e1tky aktivn\u011b zab\u00fdvaly politikou takov\u00e9 strany. K DSZ &#8211; ZA PR\u00c1VA ZV\u00cd\u0158AT se \u017eeny hl\u00e1s\u00ed i bez t\u011bchto kv\u00f3t, nebo\u0165 DSZ &#8211; ZA PR\u00c1VA ZV\u00cd\u0158AT vn\u00edmaj\u00ed jako modern\u00ed stranu, kter\u00e1 nab\u00edz\u00ed mo\u017enost ovlivnit d\u011bn\u00ed v tomto st\u00e1t\u011b, resp. v t\u011bchto volb\u00e1ch i EU a jako stranu, j\u00ed\u017e nen\u00ed lhostejn\u00e9, jak se \u017eije nejen lidem, ale i zv\u00ed\u0159at\u016fm.<\/p>\n<p>DSZ &#8211; ZA PR\u00c1VA ZV\u00cd\u0158AT kandiduje v bl\u00ed\u017e\u00edc\u00edch se volb\u00e1ch do krajsk\u00fdch zastupitelstev se z\u00e1m\u011brem bojovat za ochranu zv\u00ed\u0159at, lid\u00ed, p\u0159\u00edrody, \u017eivotn\u00edho prost\u0159ed\u00ed, ovzdu\u0161\u00ed a podneb\u00ed, resp. klimatu, krajiny a kulturn\u00edho d\u011bdictv\u00ed.<\/p>\n<p>DSZ &#8211; ZA PR\u00c1VA ZV\u00cd\u0158AT si klade za c\u00edl prosadit d\u016fsledn\u011bj\u0161\u00ed ochranu zv\u00ed\u0159at, lid\u00ed, p\u0159\u00edrody, vody, ovzdu\u0161\u00ed, podneb\u00ed, \u017eivotn\u00edho prost\u0159ed\u00ed, ale t\u00e9\u017e v\u011bt\u0161\u00ed pr\u00e1va pro zv\u00ed\u0159ata, resp. jejich v\u011bt\u0161\u00ed pr\u00e1vn\u00ed ochranu.<\/p>\n<p>DSZ &#8211; ZA PR\u00c1VA ZV\u00cd\u0158AT vystupuje proti v\u0161em druh\u016fm t\u00fdr\u00e1n\u00ed zv\u00ed\u0159at \u010di krut\u00e9mu zach\u00e1zen\u00ed s nimi. Odsuzuje ka\u017edou \u010dinnost, kter\u00e1 zp\u016fsobuje utrpen\u00ed zv\u00ed\u0159at.<\/p>\n<p>DSZ &#8211; ZA PR\u00c1VA ZV\u00cd\u0158AT se zasazuje o d\u016fsledn\u011bj\u0161\u00ed ochranu zv\u00ed\u0159at, p\u0159\u00edsn\u011bj\u0161\u00ed tresty za t\u00fdr\u00e1n\u00ed a zlep\u0161en\u00ed podm\u00ednek chovu.<\/p>\n<p>DSZ &#8211; ZA PR\u00c1VA ZV\u00cd\u0158AT je dvac\u00e1tou registrovanou politickou stranou za pr\u00e1va zv\u00ed\u0159at ve sv\u011bt\u011b, resp. \u010cesk\u00e1 republika je dvac\u00e1tou zem\u00ed, ve kter\u00e9 existuje strana zam\u011b\u0159en\u00e1 prim\u00e1rn\u011b na obranu pr\u00e1v zv\u00ed\u0159at.<\/p>\n<p>\u0158V DSZ &#8211; ZA PR\u00c1VA ZV\u00cd\u0158AT<\/p>\n<p>V Doma\u017elic\u00edch 18. 9. 2024<\/p>\n<p><img decoding=\"async\" loading=\"lazy\" class=\"alignnone size-medium wp-image-14353\" src=\"http:\/\/www.infokuryr.cz\/n\/wp-content\/uploads\/2022\/08\/demokraticka-strana-zelenych-300x172.jpg\" alt=\"\" width=\"300\" height=\"172\" srcset=\"https:\/\/www.infokuryr.cz\/n\/wp-content\/uploads\/2022\/08\/demokraticka-strana-zelenych-300x172.jpg 300w, https:\/\/www.infokuryr.cz\/n\/wp-content\/uploads\/2022\/08\/demokraticka-strana-zelenych-768x441.jpg 768w, https:\/\/www.infokuryr.cz\/n\/wp-content\/uploads\/2022\/08\/demokraticka-strana-zelenych.jpg 838w\" sizes=\"(max-width: 300px) 100vw, 300px\" \/><\/p>\n<p>&nbsp;<\/p>\n<p>&nbsp;<\/p>\n","protected":false},"excerpt":{"rendered":"<p>Jmenuji se Zuzana a jsem zakladatelkou organizace \u017divot zv\u00ed\u0159ete z.s., kterou jsem p\u0159ed lety zalo\u017eila&#8230;<\/p>\n","protected":false},"author":2,"featured_media":60225,"comment_status":"closed","ping_status":"closed","sticky":false,"template":"","format":"standard","meta":[],"categories":[6],"tags":[645,331,27],"_links":{"self":[{"href":"https:\/\/www.infokuryr.cz\/n\/wp-json\/wp\/v2\/posts\/62468"}],"collection":[{"href":"https:\/\/www.infokuryr.cz\/n\/wp-json\/wp\/v2\/posts"}],"about":[{"href":"https:\/\/www.infokuryr.cz\/n\/wp-json\/wp\/v2\/types\/post"}],"author":[{"embeddable":true,"href":"https:\/\/www.infokuryr.cz\/n\/wp-json\/wp\/v2\/users\/2"}],"replies":[{"embeddable":true,"href":"https:\/\/www.infokuryr.cz\/n\/wp-json\/wp\/v2\/comments?post=62468"}],"version-history":[{"count":1,"href":"https:\/\/www.infokuryr.cz\/n\/wp-json\/wp\/v2\/posts\/62468\/revisions"}],"predecessor-version":[{"id":62470,"href":"https:\/\/www.infokuryr.cz\/n\/wp-json\/wp\/v2\/posts\/62468\/revisions\/62470"}],"wp:featuredmedia":[{"embeddable":true,"href":"https:\/\/www.infokuryr.cz\/n\/wp-json\/wp\/v2\/media\/60225"}],"wp:attachment":[{"href":"https:\/\/www.infokuryr.cz\/n\/wp-json\/wp\/v2\/media?parent=62468"}],"wp:term":[{"taxonomy":"category","embeddable":true,"href":"https:\/\/www.infokuryr.cz\/n\/wp-json\/wp\/v2\/categories?post=62468"},{"taxonomy":"post_tag","embeddable":true,"href":"https:\/\/www.infokuryr.cz\/n\/wp-json\/wp\/v2\/tags?post=62468"}],"curies":[{"name":"wp","href":"https:\/\/api.w.org\/{rel}","templated":true}]}}