{"id":62425,"date":"2024-09-18T04:57:37","date_gmt":"2024-09-18T02:57:37","guid":{"rendered":"https:\/\/www.infokuryr.cz\/n\/?p=62425"},"modified":"2024-09-18T04:57:37","modified_gmt":"2024-09-18T02:57:37","slug":"michael-svatos-tenka-cervena-linie-jaderne-valky-se-hrouti-eu-fanatici-utoci-na-us-realisty","status":"publish","type":"post","link":"https:\/\/www.infokuryr.cz\/n\/2024\/09\/18\/michael-svatos-tenka-cervena-linie-jaderne-valky-se-hrouti-eu-fanatici-utoci-na-us-realisty\/","title":{"rendered":"Michael Svato\u0161: Tenk\u00e1 \u010derven\u00e1 linie jadern\u00e9 v\u00e1lky se hrout\u00ed!? EU fanatici \u00fato\u010d\u00ed na US realisty!"},"content":{"rendered":"<div id=\"fb-root\"><\/div>\n<p><span style=\"font-size: 14pt;\"><strong>Tenk\u00e1 \u010derven\u00e1 linie jadern\u00e9 v\u00e1lky se hrout\u00ed!? EU fanatici \u00fato\u010d\u00ed na US realisty! Nov\u00fd naprosto \u0161\u00edlen\u00fd v\u00e1le\u010dn\u00fd komisa\u0159 EU Andrius Kubillius kontra ost\u0159\u00edlen\u00fd admir\u00e1l John Kirby z B\u00edl\u00e9ho domu! Vyvolaj\u00ed snad brusel\u0161t\u00ed bigotn\u00ed vyznava\u010di tot\u00e1ln\u00ed v\u00e1lky s Ruskem kone\u010dnou nukle\u00e1rn\u00ed apokalypsu ve\u0161ker\u00e9ho evropsk\u00e9ho obyvatelstva? P\u00e1r slov p\u0159ed dne\u0161n\u00edm po\u0159adem u Petra H\u00e1jka na Protiproudu!<\/strong><\/span><\/p>\n<p>Za p\u00e1r dn\u00ed odcestuje ukrajinsk\u00fd v\u016fdce Zelenskyj do Ameriky na Valn\u00e9 shrom\u00e1\u017ed\u011bn\u00ed OSN a u t\u00e9 p\u0159\u00edle\u017eitosti se sejde s US prezidentem Bidenem. Tato sch\u016fzka bude kl\u00ed\u010dov\u00e1 pro udr\u017een\u00ed m\u00edru v Evrop\u011b. Nen\u00ed toti\u017e \u017e\u00e1dn\u00fdm tajemstv\u00edm, \u017ee jde o posledn\u00ed pokus velk\u00e9 kliky m\u00e9dii zfanatizovan\u00fdch evropsk\u00fdch p\u0159\u00edznivc\u016f tot\u00e1ln\u00ed v\u00e1lky s Ruskem, jak odvr\u00e1tit bl\u00ed\u017e\u00edc\u00ed se nevyhnutelnou por\u00e1\u017eku Kyjeva zata\u017een\u00edm aliance NATO do p\u0159\u00edm\u00e9 v\u00e1lky s Ruskem. Kl\u00ed\u010dem k jej\u00edmu rozpout\u00e1n\u00ed maj\u00ed b\u00fdt dod\u00e1vky raket dalek\u00e9ho doletu Zelensk\u00e9ho Soldatesce, a povolen\u00ed, aby s nimi okam\u017eit\u011b za\u010dala ost\u0159elovat Rusko.<\/p>\n<p>Putin p\u0159itom jasn\u011b sd\u011blil, \u017ee to znamen\u00e1 vyhl\u00e1\u0161en\u00ed v\u00e1lky Rusku, a odvetu. Pokud tedy Biden Zelensk\u00e9mu za p\u00e1r dn\u00ed k\u00fdvne, jsou USA dle Putinov\u00fdch slov v okam\u017eit\u00e9m v\u00e1le\u010dn\u00e9m konfliktu s Ruskem, jakmile Zelenskyj rakety odp\u00e1l\u00ed. Nebo\u0165, jak Rusov\u00e9 mnohokr\u00e1te zd\u016fraznili, nelze zjistit, zda US raketa odp\u00e1len\u00e1 Zelensk\u00fdm do Ruska nese, nebo nenese US jadernou hlavici, a hroz\u00ed nejhor\u0161\u00ed mo\u017en\u00fd odvetn\u00fd sc\u00e9n\u00e1\u0159.<\/p>\n<p>Proto\u017ee v\u0161ak existuje jist\u00e1 nad\u011bje, \u017ee Biden bruselsk\u00e9 fanatiky ani kyjevsk\u00e9ho komedianta nijak sv\u00fdm rozhodnut\u00edm nepot\u011b\u0161\u00ed, a proto\u017ee situace je v\u00e1\u017en\u00e1, dnes v\u0161e podrobn\u011b rozebereme na Protipoudu s Petrem H\u00e1jkem.\u00a0<a href=\"https:\/\/www.youtube.com\/@protiproudtv8090\">Po\u0159ad najdete n\u011bkdy ve\u010der zde<\/a>. Budu se na V\u00e1s t\u011b\u0161it. Odkazy na tvrzen\u00ed v dne\u0161n\u00edm po\u0159adu u H\u00e1jka, budou zve\u0159ejn\u011bny v z\u00edt\u0159ej\u0161\u00ed anal\u00fdze.<\/p>\n<p><a href=\"https:\/\/www.michalapetr.com\/map-2098-tenka-cervena-linie-jaderne-valky-se-hrouti-eu-fanatici-utoci-na-us-realisty-novy-naprosto-sileny-valecny-komisar-eu-andrius-kubillius-kontra-ostrileny-admiral-john-kirby-z-bileho-domu-ro\/\">Michael Svato\u0161<\/a><\/p>\n<p><img decoding=\"async\" loading=\"lazy\" class=\"alignnone size-full wp-image-27204\" src=\"http:\/\/www.infokuryr.cz\/n\/wp-content\/uploads\/2023\/05\/Michael_Svatos.png\" alt=\"\" width=\"180\" height=\"180\" srcset=\"https:\/\/www.infokuryr.cz\/n\/wp-content\/uploads\/2023\/05\/Michael_Svatos.png 180w, https:\/\/www.infokuryr.cz\/n\/wp-content\/uploads\/2023\/05\/Michael_Svatos-150x150.png 150w\" sizes=\"(max-width: 180px) 100vw, 180px\" \/><\/p>\n<p><a href=\"https:\/\/stranapro.cz\/\"><img decoding=\"async\" loading=\"lazy\" class=\"wp-image-40286 aligncenter\" src=\"http:\/\/www.infokuryr.cz\/n\/wp-content\/uploads\/2023\/11\/12pro-300x87.png\" alt=\"\" width=\"945\" height=\"274\" srcset=\"https:\/\/www.infokuryr.cz\/n\/wp-content\/uploads\/2023\/11\/12pro-300x87.png 300w, https:\/\/www.infokuryr.cz\/n\/wp-content\/uploads\/2023\/11\/12pro.png 366w\" sizes=\"(max-width: 945px) 100vw, 945px\" \/><\/a><\/p>\n<p>&nbsp;<\/p>\n","protected":false},"excerpt":{"rendered":"<p>Tenk\u00e1 \u010derven\u00e1 linie jadern\u00e9 v\u00e1lky se hrout\u00ed!? EU fanatici \u00fato\u010d\u00ed na US realisty! Nov\u00fd naprosto&#8230;<\/p>\n","protected":false},"author":2,"featured_media":62426,"comment_status":"closed","ping_status":"closed","sticky":false,"template":"","format":"standard","meta":[],"categories":[6],"tags":[1042,41,39,22,40],"_links":{"self":[{"href":"https:\/\/www.infokuryr.cz\/n\/wp-json\/wp\/v2\/posts\/62425"}],"collection":[{"href":"https:\/\/www.infokuryr.cz\/n\/wp-json\/wp\/v2\/posts"}],"about":[{"href":"https:\/\/www.infokuryr.cz\/n\/wp-json\/wp\/v2\/types\/post"}],"author":[{"embeddable":true,"href":"https:\/\/www.infokuryr.cz\/n\/wp-json\/wp\/v2\/users\/2"}],"replies":[{"embeddable":true,"href":"https:\/\/www.infokuryr.cz\/n\/wp-json\/wp\/v2\/comments?post=62425"}],"version-history":[{"count":0,"href":"https:\/\/www.infokuryr.cz\/n\/wp-json\/wp\/v2\/posts\/62425\/revisions"}],"wp:featuredmedia":[{"embeddable":true,"href":"https:\/\/www.infokuryr.cz\/n\/wp-json\/wp\/v2\/media\/62426"}],"wp:attachment":[{"href":"https:\/\/www.infokuryr.cz\/n\/wp-json\/wp\/v2\/media?parent=62425"}],"wp:term":[{"taxonomy":"category","embeddable":true,"href":"https:\/\/www.infokuryr.cz\/n\/wp-json\/wp\/v2\/categories?post=62425"},{"taxonomy":"post_tag","embeddable":true,"href":"https:\/\/www.infokuryr.cz\/n\/wp-json\/wp\/v2\/tags?post=62425"}],"curies":[{"name":"wp","href":"https:\/\/api.w.org\/{rel}","templated":true}]}}