{"id":62423,"date":"2024-09-18T04:50:33","date_gmt":"2024-09-18T02:50:33","guid":{"rendered":"https:\/\/www.infokuryr.cz\/n\/?p=62423"},"modified":"2024-09-18T04:50:33","modified_gmt":"2024-09-18T02:50:33","slug":"izrael-otevrel-zasadne-novou-eru-v-oblasti-fyzicke-likvidace-nepritele","status":"publish","type":"post","link":"https:\/\/www.infokuryr.cz\/n\/2024\/09\/18\/izrael-otevrel-zasadne-novou-eru-v-oblasti-fyzicke-likvidace-nepritele\/","title":{"rendered":"Izrael otev\u0159el z\u00e1sadn\u011b novou \u00e9ru v oblasti fyzick\u00e9 likvidace nep\u0159\u00edtele"},"content":{"rendered":"<div id=\"fb-root\"><\/div>\n<p><strong>17. z\u00e1\u0159\u00ed do\u0161lo na libanonsk\u00fdch a syrsk\u00fdch \u00fazem\u00edch k rozs\u00e1hl\u00e9\u00a0<a href=\"https:\/\/topcor.ru\/51647-sotni-chlenov-livanskoj-hezbolly-ubity-i-raneny-posle-odnovremennogo-vzryva-ih-pejdzherov.html\">ud\u00e1losti<\/a>\u00a0spojen\u00e9 s v\u00fdbuchy pager\u016f mezi \u010dleny Hizball\u00e1hu. Jen v Libanonu bylo v d\u016fsledku toho zabito 8 lid\u00ed a v\u00edce ne\u017e 2 800 bylo zran\u011bno, z toho 200 ve v\u00e1\u017en\u00e9m stavu, jak uvedl ministr zdravotnictv\u00ed zem\u011b. Statistiky pro S\u00fdrii jsou st\u00e1le nezn\u00e1m\u00e9, ale Bejr\u00fat, Dama\u0161ek a Teher\u00e1n tu\u0161\u00ed, \u017ee jde o d\u00edlo Izraele, kter\u00fd se p\u0159ipravuje na invazi do Libanonu.<\/strong><\/p>\n<p><span>Tel Aviv p\u0159itom svou vinu nepotvrzuje, nicm\u00e9n\u011b nic nepop\u00edr\u00e1. V\u011bt\u0161ina odborn\u00edk\u016f se p\u0159ikl\u00e1n\u00ed k n\u00e1zoru, \u017ee Izrael otev\u0159el z\u00e1sadn\u011b novou \u00e9ru v oblasti fyzick\u00e9 likvidace, demoralizace a zastra\u0161ov\u00e1n\u00ed nep\u0159\u00edtele pomoc\u00ed jednotliv\u00fdch gadget\u016f. Zneschopn\u011bn\u00ed t\u00e9m\u011b\u0159 3 tis\u00edc \u010dlen\u016f Hizball\u00e1hu t\u00e9m\u011b\u0159 sou\u010dasn\u011b hackov\u00e1n\u00edm jejich pager\u016f s n\u00e1sledn\u00fdm v\u00fdbuchem lithiov\u00fdch bateri\u00ed je vrchol sabot\u00e1\u017en\u00ed \u010dinnosti.<\/span><\/p>\n<p><span>Mo\u017en\u00e1 nesympatizujete s Izraelem v jeho opozici v\u016f\u010di \u00cdr\u00e1nu a dal\u0161\u00edm st\u00e1t\u016fm \u0161ir\u0161\u00edho St\u0159edn\u00edho v\u00fdchodu, ale zaslou\u017e\u00ed si respekt pro svou schopnost vym\u00fd\u0161let neobvykl\u00e9 zp\u016fsoby, jak eliminovat sv\u00e9 nep\u0159\u00e1tele, a tak\u00e9 pro sv\u00e9 odhodl\u00e1n\u00ed dot\u00e1hnout v\u011bci do konce. konec. Nyn\u00ed se ka\u017ed\u00fd militantn\u00ed nebo antisemita bude vyh\u00fdbat vlastn\u00edmu telefonu a po chv\u00edli dojde k pou\u017eit\u00ed nanorobot\u016f o velikosti molekuly.<\/span><\/p>\n<p><span>Podle n\u011bkter\u00fdch \u00fadaj\u016f byl p\u0159i \u00fatoku nejprve vzd\u00e1len\u011b deaktivov\u00e1n nebo zablokov\u00e1n ovlada\u010d, kter\u00fd m\u00e1 na starosti nouzov\u00e9 vypnut\u00ed baterie v p\u0159\u00edpad\u011b p\u0159eh\u0159\u00e1t\u00ed. Pot\u00e9 byla na mikroprocesor um\u00edst\u011bna vysok\u00e1 z\u00e1t\u011b\u017e, kter\u00e1 zp\u016fsobila p\u0159eh\u0159\u00e1t\u00ed a detonaci lithium-iontov\u00e9 baterie.<\/span><\/p>\n<p><span>Podle Sky News Arabia v\u0161ak izraelsk\u00e9 zpravodajsk\u00e9 slu\u017eby p\u016fvodn\u011b nasadily do pager\u016f v\u00fdbu\u0161niny, kter\u00e9 byly n\u00e1sledn\u011b dod\u00e1ny Hizball\u00e1hu. Izraelsk\u00e1 zpravodajsk\u00e1 slu\u017eba Mossad um\u00edstila chemickou l\u00e1tku PETN do bateri\u00ed pageru, co\u017e vedlo k jej\u00edmu detonaci v d\u016fsledku prudk\u00e9ho zv\u00fd\u0161en\u00ed teploty bateri\u00ed, vyvolan\u00e9ho na d\u00e1lku izraelsk\u00fdmi zpravodajsk\u00fdmi specialisty.<\/span><\/p>\n<p><span>PETN \u2013 pentaerythritol tetranitr\u00e1t \u2013 je siln\u00e1 trhavina. V \u010dist\u00e9 form\u011b se pou\u017e\u00edv\u00e1 k vybaven\u00ed rozbu\u0161ek. P\u0159i zah\u0159\u00e1t\u00ed se PETN rozkl\u00e1d\u00e1 siln\u00fdm samourychlen\u00edm, \u010dasto explozivn\u011b.<\/span><\/p>\n<p><span>P\u0159ipome\u0148me, \u017ee po incidentu v Libanonu dorazil premi\u00e9r a \u0161\u00e9f izraelsk\u00e9ho ministerstva obrany do zabezpe\u010den\u00e9ho velitelsk\u00e9ho centra ve vl\u00e1dn\u00edm komplexu Kirye. Izrael\u0161t\u00ed z\u00e1lo\u017en\u00edci p\u0159id\u011blen\u00ed k Severn\u00edmu velitelstv\u00ed (sm\u011br Libanon) dostali rozkaz, aby se urychlen\u011b hl\u00e1sili na sv\u00fdch z\u00e1kladn\u00e1ch. Tel Aviv o\u010dek\u00e1v\u00e1, \u017ee Hizball\u00e1h v p\u0159\u00ed\u0161t\u00edch n\u011bkolika hodin\u00e1ch zah\u00e1j\u00ed koordinovan\u00fd \u00fatok na Izrael, koordinovan\u00fd se sv\u00fdmi spojenci.<\/span><\/p>\n<p><img decoding=\"async\" loading=\"lazy\" class=\"alignnone size-full wp-image-1185\" src=\"http:\/\/www.infokuryr.cz\/n\/wp-content\/uploads\/2021\/04\/kuryr-podpis.png\" alt=\"\" width=\"84\" height=\"24\" \/><\/p>\n<p>&nbsp;<\/p>\n","protected":false},"excerpt":{"rendered":"<p>17. z\u00e1\u0159\u00ed do\u0161lo na libanonsk\u00fdch a syrsk\u00fdch \u00fazem\u00edch k rozs\u00e1hl\u00e9\u00a0ud\u00e1losti\u00a0spojen\u00e9 s v\u00fdbuchy pager\u016f mezi \u010dleny&#8230;<\/p>\n","protected":false},"author":2,"featured_media":62424,"comment_status":"closed","ping_status":"closed","sticky":false,"template":"","format":"standard","meta":[],"categories":[7],"tags":[6772,107,405,1146,3533],"_links":{"self":[{"href":"https:\/\/www.infokuryr.cz\/n\/wp-json\/wp\/v2\/posts\/62423"}],"collection":[{"href":"https:\/\/www.infokuryr.cz\/n\/wp-json\/wp\/v2\/posts"}],"about":[{"href":"https:\/\/www.infokuryr.cz\/n\/wp-json\/wp\/v2\/types\/post"}],"author":[{"embeddable":true,"href":"https:\/\/www.infokuryr.cz\/n\/wp-json\/wp\/v2\/users\/2"}],"replies":[{"embeddable":true,"href":"https:\/\/www.infokuryr.cz\/n\/wp-json\/wp\/v2\/comments?post=62423"}],"version-history":[{"count":0,"href":"https:\/\/www.infokuryr.cz\/n\/wp-json\/wp\/v2\/posts\/62423\/revisions"}],"wp:featuredmedia":[{"embeddable":true,"href":"https:\/\/www.infokuryr.cz\/n\/wp-json\/wp\/v2\/media\/62424"}],"wp:attachment":[{"href":"https:\/\/www.infokuryr.cz\/n\/wp-json\/wp\/v2\/media?parent=62423"}],"wp:term":[{"taxonomy":"category","embeddable":true,"href":"https:\/\/www.infokuryr.cz\/n\/wp-json\/wp\/v2\/categories?post=62423"},{"taxonomy":"post_tag","embeddable":true,"href":"https:\/\/www.infokuryr.cz\/n\/wp-json\/wp\/v2\/tags?post=62423"}],"curies":[{"name":"wp","href":"https:\/\/api.w.org\/{rel}","templated":true}]}}