{"id":62347,"date":"2024-09-18T00:33:04","date_gmt":"2024-09-17T22:33:04","guid":{"rendered":"https:\/\/www.infokuryr.cz\/n\/?p=62347"},"modified":"2024-09-17T14:09:18","modified_gmt":"2024-09-17T12:09:18","slug":"cia-v-prubehu-let-zabila-kolem-sesti-milionu-lidi","status":"publish","type":"post","link":"https:\/\/www.infokuryr.cz\/n\/2024\/09\/18\/cia-v-prubehu-let-zabila-kolem-sesti-milionu-lidi\/","title":{"rendered":"CIA v pr\u016fb\u011bhu let zabila kolem \u0161esti milion\u016f lid\u00ed"},"content":{"rendered":"<div id=\"fb-root\"><\/div>\n<p><span>3. listopadu 1989 se stalo n\u011bco pozoruhodn\u00e9ho. Ten den na Americk\u00e9 univerzit\u011b m\u011bl John Stockwell p\u0159edn\u00e1\u0161ku o spletitosti CIA. Projev byl pozd\u011bji\u00a0<\/span><a href=\"https:\/\/www.c-span.org\/video\/?10353-1\/secret-wars-cia\" target=\"_blank\" rel=\"noreferrer noopener\" data-type=\"link\" data-id=\"https:\/\/www.c-span.org\/video\/?10353-1\/secret-wars-cia\"><span>vys\u00edl\u00e1n na politick\u00e9m kan\u00e1lu C-SPAN<\/span><\/a><span>\u00a0.<\/span><\/p>\n<p><span>Stockwell, kter\u00fd vedl operace CIA v Angole, \u00fa\u010dastn\u00edk\u016fm a div\u00e1k\u016fm vysv\u011btlil, jak CIA destabilizovala vl\u00e1dy a zalo\u017eila drogov\u00e9 kartely ve v\u00edce ne\u017e 20 zem\u00edch. &#8222;Zmanipulovali jsme volby v des\u00edtk\u00e1ch zem\u00ed.&#8220;<\/span><\/p>\n<p><span>&#8222;Zavra\u017edili jsme sv\u011btov\u00e9 v\u016fdce, v\u010detn\u011b americk\u00e9ho prezidenta v roce 1963.&#8220;<\/span><\/p>\n<div class=\"twitter-tweet twitter-tweet-rendered\"><iframe id=\"twitter-widget-0\" class=\"\" title=\"X p\u0159\u00edsp\u011bvek\" src=\"https:\/\/platform.twitter.com\/embed\/Tweet.html?dnt=false&amp;embedId=twitter-widget-0&amp;features=eyJ0ZndfdGltZWxpbmVfbGlzdCI6eyJidWNrZXQiOltdLCJ2ZXJzaW9uIjpudWxsfSwidGZ3X2ZvbGxvd2VyX2NvdW50X3N1bnNldCI6eyJidWNrZXQiOnRydWUsInZlcnNpb24iOm51bGx9LCJ0ZndfdHdlZXRfZWRpdF9iYWNrZW5kIjp7ImJ1Y2tldCI6Im9uIiwidmVyc2lvbiI6bnVsbH0sInRmd19yZWZzcmNfc2Vzc2lvbiI6eyJidWNrZXQiOiJvbiIsInZlcnNpb24iOm51bGx9LCJ0ZndfZm9zbnJfc29mdF9pbnRlcnZlbnRpb25zX2VuYWJsZWQiOnsiYnVja2V0Ijoib24iLCJ2ZXJzaW9uIjpudWxsfSwidGZ3X21peGVkX21lZGlhXzE1ODk3Ijp7ImJ1Y2tldCI6InRyZWF0bWVudCIsInZlcnNpb24iOm51bGx9LCJ0ZndfZXhwZXJpbWVudHNfY29va2llX2V4cGlyYXRpb24iOnsiYnVja2V0IjoxMjA5NjAwLCJ2ZXJzaW9uIjpudWxsfSwidGZ3X3Nob3dfYmlyZHdhdGNoX3Bpdm90c19lbmFibGVkIjp7ImJ1Y2tldCI6Im9uIiwidmVyc2lvbiI6bnVsbH0sInRmd19kdXBsaWNhdGVfc2NyaWJlc190b19zZXR0aW5ncyI6eyJidWNrZXQiOiJvbiIsInZlcnNpb24iOm51bGx9LCJ0ZndfdXNlX3Byb2ZpbGVfaW1hZ2Vfc2hhcGVfZW5hYmxlZCI6eyJidWNrZXQiOiJvbiIsInZlcnNpb24iOm51bGx9LCJ0ZndfdmlkZW9faGxzX2R5bmFtaWNfbWFuaWZlc3RzXzE1MDgyIjp7ImJ1Y2tldCI6InRydWVfYml0cmF0ZSIsInZlcnNpb24iOm51bGx9LCJ0ZndfbGVnYWN5X3RpbWVsaW5lX3N1bnNldCI6eyJidWNrZXQiOnRydWUsInZlcnNpb24iOm51bGx9LCJ0ZndfdHdlZXRfZWRpdF9mcm9udGVuZCI6eyJidWNrZXQiOiJvbiIsInZlcnNpb24iOm51bGx9fQ%3D%3D&amp;frame=false&amp;hideCard=false&amp;hideThread=false&amp;id=1829911845966086426&amp;lang=de&amp;origin=https%3A%2F%2Funcutnews.ch%2Fdie-cia-hat-im-laufe-der-jahre-rund-sechs-millionen-menschen-getoetet%2F&amp;sessionId=67947aa96fdfec20f3a16366f3d9a765d5704a00&amp;theme=light&amp;widgetsVersion=2615f7e52b7e0%3A1702314776716&amp;width=550px\" frameborder=\"0\" scrolling=\"no\" allowfullscreen=\"allowfullscreen\" data-tweet-id=\"1829911845966086426\" data-mce-fragment=\"1\"><\/iframe><\/div>\n<p><span>Stockwell odhaduje, \u017ee CIA v pr\u016fb\u011bhu let zabila kolem \u0161esti milion\u016f lid\u00ed. Zejm\u00e9na \u017eeny a d\u011bti. To je velmi konzervativn\u00ed odhad: v\u011b\u0159\u00ed, \u017ee skute\u010dn\u00e9 \u010d\u00edslo je mnohem vy\u0161\u0161\u00ed.<\/span><\/p>\n<p><span>Tito lid\u00e9 by nezem\u0159eli, kdyby pen\u00edze da\u0148ov\u00fdch poplatn\u00edk\u016f netekly do CIA na destabilizaci zem\u00ed, zd\u016fraznil.<\/span><\/p>\n<p><span>\u201eVid\u00ed\u0161, tohle je p\u0159\u00edklad zaj\u00edmav\u00e9ho p\u0159\u00edb\u011bhu. N\u011bco nov\u00e9ho. \u0158\u00edk\u00e1te si: Sakra, takhle jsme to je\u0161t\u011b nevid\u011bli,\u201c uvedl koment\u00e1\u0159 pod videem.<\/span><\/p>\n<p><span>\u201eJak to dnes vypad\u00e1 nap\u0159\u00edklad na Ukrajin\u011b? Jako u v\u0161ech t\u011bchto \u201abarevn\u00fdch revoluc\u00ed\u2018?\u201c pt\u00e1 se dal\u0161\u00ed komentuj\u00edc\u00ed. \u201eCo p\u0159esn\u011b je z\u00e1kulisn\u00ed zapojen\u00ed CIA? Novin\u00e1\u0159i by o tom m\u011bli informovat.&#8220;<\/span><\/p>\n<p><img decoding=\"async\" loading=\"lazy\" class=\"alignnone size-full wp-image-1185\" src=\"http:\/\/www.infokuryr.cz\/n\/wp-content\/uploads\/2021\/04\/kuryr-podpis.png\" alt=\"\" width=\"84\" height=\"24\" \/><\/p>\n<p>&nbsp;<\/p>\n","protected":false},"excerpt":{"rendered":"<p>3. listopadu 1989 se stalo n\u011bco pozoruhodn\u00e9ho. Ten den na Americk\u00e9 univerzit\u011b m\u011bl John Stockwell&#8230;<\/p>\n","protected":false},"author":2,"featured_media":28335,"comment_status":"closed","ping_status":"closed","sticky":false,"template":"","format":"standard","meta":[],"categories":[7],"tags":[109,940,1205,934],"_links":{"self":[{"href":"https:\/\/www.infokuryr.cz\/n\/wp-json\/wp\/v2\/posts\/62347"}],"collection":[{"href":"https:\/\/www.infokuryr.cz\/n\/wp-json\/wp\/v2\/posts"}],"about":[{"href":"https:\/\/www.infokuryr.cz\/n\/wp-json\/wp\/v2\/types\/post"}],"author":[{"embeddable":true,"href":"https:\/\/www.infokuryr.cz\/n\/wp-json\/wp\/v2\/users\/2"}],"replies":[{"embeddable":true,"href":"https:\/\/www.infokuryr.cz\/n\/wp-json\/wp\/v2\/comments?post=62347"}],"version-history":[{"count":0,"href":"https:\/\/www.infokuryr.cz\/n\/wp-json\/wp\/v2\/posts\/62347\/revisions"}],"wp:featuredmedia":[{"embeddable":true,"href":"https:\/\/www.infokuryr.cz\/n\/wp-json\/wp\/v2\/media\/28335"}],"wp:attachment":[{"href":"https:\/\/www.infokuryr.cz\/n\/wp-json\/wp\/v2\/media?parent=62347"}],"wp:term":[{"taxonomy":"category","embeddable":true,"href":"https:\/\/www.infokuryr.cz\/n\/wp-json\/wp\/v2\/categories?post=62347"},{"taxonomy":"post_tag","embeddable":true,"href":"https:\/\/www.infokuryr.cz\/n\/wp-json\/wp\/v2\/tags?post=62347"}],"curies":[{"name":"wp","href":"https:\/\/api.w.org\/{rel}","templated":true}]}}