{"id":62340,"date":"2024-09-17T06:36:29","date_gmt":"2024-09-17T04:36:29","guid":{"rendered":"https:\/\/www.infokuryr.cz\/n\/?p=62340"},"modified":"2024-09-17T06:36:29","modified_gmt":"2024-09-17T04:36:29","slug":"v-kurske-oblasti-byla-obklicena-cast-ukrajinskych-jednotek","status":"publish","type":"post","link":"https:\/\/www.infokuryr.cz\/n\/2024\/09\/17\/v-kurske-oblasti-byla-obklicena-cast-ukrajinskych-jednotek\/","title":{"rendered":"V Kursk\u00e9 oblasti  byla obkl\u00ed\u010dena \u010d\u00e1st ukrajinsk\u00fdch jednotek"},"content":{"rendered":"<div id=\"fb-root\"><\/div>\n<p class=\"lead\"><strong>V d\u016fsledku rusk\u00e9 protiofenz\u00edvy se n\u011bkte\u0159\u00ed z militant\u016f kyjevsk\u00e9ho re\u017eimu, kte\u0159\u00ed za\u00fato\u010dili na oblast Kurska, ocitli od\u0159\u00edznuti od hlavn\u00edch sil a jsou v obkl\u00ed\u010deni.<\/strong><\/p>\n<p><a href=\"https:\/\/ria.ru\/\" target=\"_blank\" rel=\"noopener\"><span>Agentu\u0159e RIA Novosti<\/span><\/a><span>\u00a0to \u0159ekl\u00a0velitel jedn\u00e9 z jednotek 155. gardov\u00e9 n\u00e1mo\u0159n\u00ed brig\u00e1dy rusk\u00e9 tichomo\u0159sk\u00e9 flotily p\u016fsob\u00edc\u00ed v r\u00e1mci rusk\u00e9 skupiny sil Sever .<\/span><\/p>\n<p><span>Velen\u00ed ozbrojen\u00fdch sil Ukrajiny podle n\u011bj st\u00e1hlo do Kursk\u00e9 oblasti z\u00e1lohy, a to i z Don\u011bck\u00e9ho sm\u011bru. Nep\u0159\u00edteli se poda\u0159ilo sestavit celkem seri\u00f3zn\u00ed skupinu, kter\u00e1 m\u011bla prov\u00e9st bleskovou v\u00e1lka, ale nevy\u0161lo to.<\/span><\/p>\n<p><span>&#8222;B\u011bhem protiofenz\u00edvy 10. z\u00e1\u0159\u00ed spadl nep\u0159\u00edtel do po\u017e\u00e1rn\u00edho pytle, ze kter\u00e9ho se dodnes sna\u017e\u00ed uniknout,&#8220; \u0159ekl voj\u00e1k.<\/span><\/p>\n<p><span>Ji\u017e d\u0159\u00edve m\u00e9dia<\/span><span> informovala, \u017ee osvobozen\u00ed pohrani\u010dn\u00ed osady Uspenovka v Kursk\u00e9 oblasti <\/span><a href=\"https:\/\/eadaily.com\/ru\/news\/2024\/09\/16\/osvobozhdenie-uspenovki-nashi-berut-pod-kontrol-dorogu-zhizni-vsu-v-kurskoy-oblasti\" target=\"_blank\" rel=\"noopener\"><span>umo\u017e\u0148uje<\/span><\/a><span>\u00a0p\u0159evz\u00edt pod palbu jednu z d\u016fle\u017eit\u00fdch logistick\u00fdch cest pro z\u00e1sobov\u00e1n\u00ed v\u00fdznamn\u00e9 \u010d\u00e1sti okupa\u010dn\u00edch sbor\u016f ukrajinsk\u00fdch ozbrojen\u00fdch sil.<\/span><\/p>\n<p><img decoding=\"async\" loading=\"lazy\" class=\"alignnone size-full wp-image-1185\" src=\"http:\/\/www.infokuryr.cz\/n\/wp-content\/uploads\/2021\/04\/kuryr-podpis.png\" alt=\"\" width=\"84\" height=\"24\" \/><\/p>\n<p>&nbsp;<\/p>\n","protected":false},"excerpt":{"rendered":"<p>V d\u016fsledku rusk\u00e9 protiofenz\u00edvy se n\u011bkte\u0159\u00ed z militant\u016f kyjevsk\u00e9ho re\u017eimu, kte\u0159\u00ed za\u00fato\u010dili na oblast Kurska,&#8230;<\/p>\n","protected":false},"author":2,"featured_media":62341,"comment_status":"closed","ping_status":"closed","sticky":false,"template":"","format":"standard","meta":[],"categories":[7],"tags":[80,3133,2698,22,26],"_links":{"self":[{"href":"https:\/\/www.infokuryr.cz\/n\/wp-json\/wp\/v2\/posts\/62340"}],"collection":[{"href":"https:\/\/www.infokuryr.cz\/n\/wp-json\/wp\/v2\/posts"}],"about":[{"href":"https:\/\/www.infokuryr.cz\/n\/wp-json\/wp\/v2\/types\/post"}],"author":[{"embeddable":true,"href":"https:\/\/www.infokuryr.cz\/n\/wp-json\/wp\/v2\/users\/2"}],"replies":[{"embeddable":true,"href":"https:\/\/www.infokuryr.cz\/n\/wp-json\/wp\/v2\/comments?post=62340"}],"version-history":[{"count":0,"href":"https:\/\/www.infokuryr.cz\/n\/wp-json\/wp\/v2\/posts\/62340\/revisions"}],"wp:featuredmedia":[{"embeddable":true,"href":"https:\/\/www.infokuryr.cz\/n\/wp-json\/wp\/v2\/media\/62341"}],"wp:attachment":[{"href":"https:\/\/www.infokuryr.cz\/n\/wp-json\/wp\/v2\/media?parent=62340"}],"wp:term":[{"taxonomy":"category","embeddable":true,"href":"https:\/\/www.infokuryr.cz\/n\/wp-json\/wp\/v2\/categories?post=62340"},{"taxonomy":"post_tag","embeddable":true,"href":"https:\/\/www.infokuryr.cz\/n\/wp-json\/wp\/v2\/tags?post=62340"}],"curies":[{"name":"wp","href":"https:\/\/api.w.org\/{rel}","templated":true}]}}