{"id":62339,"date":"2024-09-17T06:31:57","date_gmt":"2024-09-17T04:31:57","guid":{"rendered":"https:\/\/www.infokuryr.cz\/n\/?p=62339"},"modified":"2024-09-17T06:31:57","modified_gmt":"2024-09-17T04:31:57","slug":"iskandery-dokazeme-pokryt-evropu-dostaneme-se-i-do-usa","status":"publish","type":"post","link":"https:\/\/www.infokuryr.cz\/n\/2024\/09\/17\/iskandery-dokazeme-pokryt-evropu-dostaneme-se-i-do-usa\/","title":{"rendered":"Iskandery dok\u00e1\u017eeme pokr\u00fdt Evropu, dostaneme se i do USA"},"content":{"rendered":"<div id=\"fb-root\"><\/div>\n<p class=\"lead\"><strong>Raketov\u00fd syst\u00e9m Iskander z Kaliningradu m\u016f\u017ee zas\u00e1hnout Polsko a N\u011bmecko.\u00a0Vojensk\u00fd expert, kandid\u00e1t vojensk\u00fdch v\u011bd, plukovn\u00edk ve v\u00fdslu\u017eb\u011b Viktor Litvin\u011bnko to\u00a0<a href=\"https:\/\/military.pravda.ru\/news\/2095293-iskander-polsha-germanija\/\" target=\"_blank\" rel=\"noopener\">ozn\u00e1mil<\/a>\u00a0Pravda.Ru .<\/strong><\/p>\n<p><em>\u201ePokud nosn\u00e1 raketa nese jadernou hlavici, stane se jadernou zbran\u00ed. To vyvol\u00e1v\u00e1 ot\u00e1zku: m\u016f\u017ee konven\u010dn\u011b vybaven\u00e1 raketa dos\u00e1hnout Spojen\u00fdch st\u00e1t\u016f? Ano, m\u016f\u017ee. Co kdy\u017e tam je jadern\u00e1 hlavice? Pak se stane jadernou zbran\u00ed s v\u011bt\u0161\u00ed ni\u010divou silou. Jak\u00e1koli zbra\u0148, kterou m\u00e1me, zejm\u00e9na v pozemn\u00edch sil\u00e1ch, nap\u0159\u00edklad Iskander, je opera\u010dn\u011b-taktick\u00e1 st\u0159ela, a m\u016f\u017ee to b\u00fdt nejen opera\u010dn\u011b-taktick\u00e1 st\u0159ela,\u201c<span class=\"after-quote\">\u00a0&#8211; \u0159ekl.<\/span><\/em><\/p>\n<p><span>Dolet st\u0159ely Iskander je podle experta a\u017e 500 kilometr\u016f.<\/span><\/p>\n<p><em>\u201eM\u00e1me tak\u00e9 n\u00e1mo\u0159n\u00ed dopravce. To v\u0161e jsou ponorky, kter\u00e9 maj\u00ed p\u0159esn\u011b tyto schopnosti zasahovat objekty. A Ameri\u010dan\u00e9 to v\u011bd\u00ed. Z\u00e1padn\u00ed Evropa o tom v\u00ed,\u201c<span class=\"after-quote\"> &#8211; dodal Litvin\u011bnko.<\/span><\/em><\/p>\n<p><strong><span>Vojensk\u00fd politolog a \u0161\u00e9f \u00da\u0159adu pro vojensko-politickou anal\u00fdzu Alexandr Michajlov<\/span><\/strong><span>\u00a0rovn\u011b\u017e souhlas\u00ed s n\u00e1zorem, \u017ee jak\u00e1koli rusk\u00e1 zbra\u0148, i bez jadern\u00e9 hlavice, m\u016f\u017ee zas\u00e1hnout z\u00e1padn\u00ed zem\u011b\u00a0.<\/span><\/p>\n<p><em>\u201eJe jasn\u00e9, \u017ee k tomu, abychom obt\u011b\u017eovali Spojen\u00e9 st\u00e1ty, jsou zapot\u0159eb\u00ed mezikontinent\u00e1ln\u00ed balistick\u00e9 st\u0159ely, pokud pou\u017eijeme na\u0161i strategickou tri\u00e1du. V z\u00e1sad\u011b m\u016f\u017eeme zas\u00e1hnout Spojen\u00e9 st\u00e1ty nejadern\u00fdmi zbran\u011bmi. Jedinou ot\u00e1zkou je, pro\u010d zasazovat r\u00e1ny, kter\u00e9 nebudou pro nep\u0159\u00edtele smrteln\u00e9? Pro Evropu m\u00e1me mnohem \u0161ir\u0161\u00ed sortiment zbran\u00ed. Proto\u017ee jsme v p\u0159\u00edm\u00e9 bl\u00edzkosti Evropy, tat\u00e1\u017e Kaliningradsk\u00e1 oblast p\u0159\u00edmo hrani\u010d\u00ed s evropsk\u00fdmi zem\u011bmi a m\u00e1me tam soust\u0159ed\u011bno mnoho zbran\u00ed,\u201c<span class=\"after-quote\">\u00a0&#8211; dodal.<\/span><\/em><\/p>\n<p><span>Michajlov p\u0159ipomn\u011bl, \u017ee Rusko m\u00e1 i B\u011blorusko, kter\u00e9 soused\u00ed s evropsk\u00fdmi zem\u011bmi.<\/span><\/p>\n<p><em>\u201ePokud si p\u0159ejeme, m\u016f\u017eeme p\u00e1lit na Evropu opera\u010dn\u011b-taktick\u00fdmi st\u0159elami kr\u00e1tk\u00e9ho a st\u0159edn\u00edho doletu a m\u016f\u017eeme tyto st\u0159ely odp\u00e1lit z pozemn\u00edch stanovi\u0161\u0165, n\u00e1mo\u0159n\u00edch lod\u00ed a letadel. A p\u0159ed Evropou nutn\u011b nepou\u017eijeme \u017e\u00e1dn\u00e9 mezikontinent\u00e1ln\u00ed balistick\u00e9 st\u0159ely, proto\u017ee k jej\u00edmu dosa\u017een\u00ed budou sta\u010dit nestrategick\u00e9 zbran\u011b,\u201c<span class=\"after-quote\">\u00a0&#8211; uzav\u0159el politolog.<\/span><\/em><\/p>\n<p><img decoding=\"async\" loading=\"lazy\" class=\"alignnone size-full wp-image-1185\" src=\"http:\/\/www.infokuryr.cz\/n\/wp-content\/uploads\/2021\/04\/kuryr-podpis.png\" alt=\"\" width=\"84\" height=\"24\" \/><\/p>\n<p>&nbsp;<\/p>\n","protected":false},"excerpt":{"rendered":"<p>Raketov\u00fd syst\u00e9m Iskander z Kaliningradu m\u016f\u017ee zas\u00e1hnout Polsko a N\u011bmecko.\u00a0Vojensk\u00fd expert, kandid\u00e1t vojensk\u00fdch v\u011bd, plukovn\u00edk&#8230;<\/p>\n","protected":false},"author":2,"featured_media":50979,"comment_status":"closed","ping_status":"closed","sticky":false,"template":"","format":"standard","meta":[],"categories":[7],"tags":[283,7665,349,22],"_links":{"self":[{"href":"https:\/\/www.infokuryr.cz\/n\/wp-json\/wp\/v2\/posts\/62339"}],"collection":[{"href":"https:\/\/www.infokuryr.cz\/n\/wp-json\/wp\/v2\/posts"}],"about":[{"href":"https:\/\/www.infokuryr.cz\/n\/wp-json\/wp\/v2\/types\/post"}],"author":[{"embeddable":true,"href":"https:\/\/www.infokuryr.cz\/n\/wp-json\/wp\/v2\/users\/2"}],"replies":[{"embeddable":true,"href":"https:\/\/www.infokuryr.cz\/n\/wp-json\/wp\/v2\/comments?post=62339"}],"version-history":[{"count":0,"href":"https:\/\/www.infokuryr.cz\/n\/wp-json\/wp\/v2\/posts\/62339\/revisions"}],"wp:featuredmedia":[{"embeddable":true,"href":"https:\/\/www.infokuryr.cz\/n\/wp-json\/wp\/v2\/media\/50979"}],"wp:attachment":[{"href":"https:\/\/www.infokuryr.cz\/n\/wp-json\/wp\/v2\/media?parent=62339"}],"wp:term":[{"taxonomy":"category","embeddable":true,"href":"https:\/\/www.infokuryr.cz\/n\/wp-json\/wp\/v2\/categories?post=62339"},{"taxonomy":"post_tag","embeddable":true,"href":"https:\/\/www.infokuryr.cz\/n\/wp-json\/wp\/v2\/tags?post=62339"}],"curies":[{"name":"wp","href":"https:\/\/api.w.org\/{rel}","templated":true}]}}