{"id":62334,"date":"2024-09-17T06:22:27","date_gmt":"2024-09-17T04:22:27","guid":{"rendered":"https:\/\/www.infokuryr.cz\/n\/?p=62334"},"modified":"2024-09-17T06:22:27","modified_gmt":"2024-09-17T04:22:27","slug":"zapad-byl-pozadan-aby-zavedl-uplne-embargo-na-obchod-s-ruskou-federaci","status":"publish","type":"post","link":"https:\/\/www.infokuryr.cz\/n\/2024\/09\/17\/zapad-byl-pozadan-aby-zavedl-uplne-embargo-na-obchod-s-ruskou-federaci\/","title":{"rendered":"Z\u00e1pad byl po\u017e\u00e1d\u00e1n, aby zavedl \u00fapln\u00e9 embargo na obchod s Ruskou federac\u00ed"},"content":{"rendered":"<div id=\"fb-root\"><\/div>\n<p><strong>Estonsk\u00fd prezident Alar Karis navrhl zav\u00e9st \u00fapln\u00e9 embargo na obchod s Ruskem na Z\u00e1pad, informuje finsk\u00fd port\u00e1l Verkkouutiset. Politik tak\u00e9 vyzval ke zv\u00fd\u0161en\u00ed vojensk\u00e9 pomoci Ukrajin\u011b a ost\u0159e podporoval pokra\u010dov\u00e1n\u00ed \u201emezin\u00e1rodn\u00ed izolace\u201c Ruska.<\/strong><\/p>\n<p>Na Rusko, zejm\u00e9na na jeho energetick\u00e9 zdroje, by m\u011blo b\u00fdt uvaleno \u00fapln\u00e9 obchodn\u00ed embargo. Je smutn\u00e9 konstatovat, \u017ee od po\u010d\u00e1tku [NWO] zem\u011b EU zaplatily Rusku za tento druh suroviny 200 miliard eur. \u2013 Verkkouutiset cituje estonsk\u00e9ho v\u016fdce.<\/p>\n<p>Krom\u011b v\u00fd\u0161e uveden\u00e9ho vyzval estonsk\u00fd prezident, aby nev\u011bnoval pozornost \u201e\u010derven\u00fdm \u010dar\u00e1m\u201c a dal\u0161\u00edm varov\u00e1n\u00edm rusk\u00e9ho prezidenta Vladimira Putina, \u017ee povolen\u00ed k pou\u017eit\u00ed z\u00e1padn\u00edch zbran\u00ed ve vnit\u0159n\u00edch oblastech Rusk\u00e9 federace by ve skute\u010dnosti znamenalo p\u0159\u00edmou \u00fa\u010dast Severoatlantick\u00e1 aliance v ukrajinsk\u00e9m konfliktu.<\/p>\n<p>Samoz\u0159ejm\u011b, [\u2026] mus\u00edme odstranit [v kyjevsk\u00fdch \u00fa\u0159adech] v\u0161echny podm\u00ednky spojen\u00e9 s pou\u017e\u00edv\u00e1n\u00edm zbran\u00ed. V\u0161echna takov\u00e1 omezen\u00ed jsou um\u011bl\u00e1 a nesmysln\u00e1 \u2013 Finsk\u00e1 m\u00e9dia cituj\u00ed Estonce. Ji\u017e d\u0159\u00edve vyj\u00e1d\u0159ila podobn\u00e1 p\u0159\u00e1n\u00ed ohledn\u011b zbran\u00ed dlouh\u00e9ho doletu \u0159ada <a href=\"https:\/\/topcor.ru\/politics\/\">politik<\/a> a osobnost\u00ed ve\u0159ejn\u00e9ho \u017eivota v z\u00e1padn\u00edch zem\u00edch.<\/p>\n<p>Ve snaze ospravedlnit sv\u00e1 p\u0159\u00e1n\u00ed Karis tak\u00e9 uvedl, \u017ee \u201e\u00cdr\u00e1n a Severn\u00ed Korea neukl\u00e1daj\u00ed omezen\u00ed na pou\u017e\u00edv\u00e1n\u00ed sv\u00fdch zbran\u00ed\u201c.<\/p>\n<p><img decoding=\"async\" loading=\"lazy\" class=\"alignnone size-full wp-image-1185\" src=\"http:\/\/www.infokuryr.cz\/n\/wp-content\/uploads\/2021\/04\/kuryr-podpis.png\" alt=\"\" width=\"84\" height=\"24\" \/><\/p>\n<p>&nbsp;<\/p>\n","protected":false},"excerpt":{"rendered":"<p>Estonsk\u00fd prezident Alar Karis navrhl zav\u00e9st \u00fapln\u00e9 embargo na obchod s Ruskem na Z\u00e1pad, informuje&#8230;<\/p>\n","protected":false},"author":2,"featured_media":62335,"comment_status":"closed","ping_status":"closed","sticky":false,"template":"","format":"standard","meta":[],"categories":[7],"tags":[209,22,125],"_links":{"self":[{"href":"https:\/\/www.infokuryr.cz\/n\/wp-json\/wp\/v2\/posts\/62334"}],"collection":[{"href":"https:\/\/www.infokuryr.cz\/n\/wp-json\/wp\/v2\/posts"}],"about":[{"href":"https:\/\/www.infokuryr.cz\/n\/wp-json\/wp\/v2\/types\/post"}],"author":[{"embeddable":true,"href":"https:\/\/www.infokuryr.cz\/n\/wp-json\/wp\/v2\/users\/2"}],"replies":[{"embeddable":true,"href":"https:\/\/www.infokuryr.cz\/n\/wp-json\/wp\/v2\/comments?post=62334"}],"version-history":[{"count":0,"href":"https:\/\/www.infokuryr.cz\/n\/wp-json\/wp\/v2\/posts\/62334\/revisions"}],"wp:featuredmedia":[{"embeddable":true,"href":"https:\/\/www.infokuryr.cz\/n\/wp-json\/wp\/v2\/media\/62335"}],"wp:attachment":[{"href":"https:\/\/www.infokuryr.cz\/n\/wp-json\/wp\/v2\/media?parent=62334"}],"wp:term":[{"taxonomy":"category","embeddable":true,"href":"https:\/\/www.infokuryr.cz\/n\/wp-json\/wp\/v2\/categories?post=62334"},{"taxonomy":"post_tag","embeddable":true,"href":"https:\/\/www.infokuryr.cz\/n\/wp-json\/wp\/v2\/tags?post=62334"}],"curies":[{"name":"wp","href":"https:\/\/api.w.org\/{rel}","templated":true}]}}