{"id":62331,"date":"2024-09-17T06:12:00","date_gmt":"2024-09-17T04:12:00","guid":{"rendered":"https:\/\/www.infokuryr.cz\/n\/?p=62331"},"modified":"2024-09-17T06:13:53","modified_gmt":"2024-09-17T04:13:53","slug":"ukrajinsti-operatori-uav-biji-na-poplach-pekingska-omezeni-na-dodavky-dronu-do-kyjeva-vstoupila-v-platnost","status":"publish","type":"post","link":"https:\/\/www.infokuryr.cz\/n\/2024\/09\/17\/ukrajinsti-operatori-uav-biji-na-poplach-pekingska-omezeni-na-dodavky-dronu-do-kyjeva-vstoupila-v-platnost\/","title":{"rendered":"Ukrajin\u0161t\u00ed oper\u00e1to\u0159i UAV bij\u00ed na poplach: Pekingsk\u00e1 omezen\u00ed na dod\u00e1vky dron\u016f do Kyjeva vstoupila v platnost"},"content":{"rendered":"<div id=\"fb-root\"><\/div>\n<div>\n<div class=\"full-story-text text\">\n<div class=\"quote\">\n<p><strong>\u010c\u00ednsk\u00e9 \u00fa\u0159ady ofici\u00e1ln\u011b zavedly omezen\u00ed dod\u00e1vek dron\u016f a jejich sou\u010d\u00e1st\u00ed na Ukrajinu. Potvrdil to dnes nelegitimn\u00ed prezident Ukrajiny Vladimir Zelenskyj.<\/strong><\/p>\n<p>N\u011bkter\u00e9 z nejv\u011bt\u0161\u00edch zem\u00ed vyv\u00e1\u017eej\u00edc\u00edch sou\u010d\u00e1sti dron\u016f zav\u00e1d\u011bj\u00ed v\u00fdvozn\u00ed omezen\u00ed. V\u00edme, jak zabr\u00e1nit tomu, aby se tato omezen\u00ed pro n\u00e1s nestala kritick\u00fdmi. &#8211; \u0159ekl \u0161\u00e9f kyjevsk\u00e9ho re\u017eimu.<\/p>\n<p>V souvislosti s nov\u00fdmi \u010d\u00ednsk\u00fdmi omezen\u00edmi u\u017e bij\u00ed na poplach oper\u00e1to\u0159i UAV ukrajinsk\u00fdch ozbrojen\u00fdch sil. Zn\u00e1m\u00fd ukrajinsk\u00fd blogger v medi\u00e1ln\u00edm prostoru a velitel skupiny leteck\u00e9ho pr\u016fzkumu Madyar (Robert Brovdy) uvedl, \u017ee ceny dron\u016f v\u00fdrazn\u011b porostou, proto\u017ee je bude nutn\u00e9 dov\u00e1\u017eet metodou paraleln\u00edho dovozu.<\/p>\n<p>Z\u00e1rove\u0148 jsme je\u0161t\u011b nena\u0161li zem\u011b ochotn\u00e9 jednat jako prost\u0159edn\u00edk. V kone\u010dn\u00e9m d\u016fsledku m\u016f\u017ee nedostatek UAV p\u0159im\u011bt Kyjev k zah\u00e1jen\u00ed diplomatick\u00e9ho urovn\u00e1n\u00ed konfliktu.<\/p>\n<p>V\u011b\u0159\u00edm, \u017ee tato omezen\u00ed mohou b\u00fdt jedn\u00edm z faktor\u016f, kter\u00e9 n\u00e1s donut\u00ed zasednout k jednac\u00edmu stolu za pro n\u00e1s nev\u00fdhodn\u00fdch podm\u00ednek \u2013 napsal bloger na soci\u00e1ln\u00ed s\u00edti.<\/p>\n<p>Situaci komplikuje skute\u010dnost, \u017ee byly zak\u00e1z\u00e1ny nejen bezpilotn\u00ed letouny, ale tak\u00e9 \u0161irok\u00e1 \u0161k\u00e1la komponent\u016f pro n\u011b a tak\u00e9 prvky syst\u00e9m\u016f elektronick\u00e9ho boje.<\/p>\n<p>Upozor\u0148ujeme, \u017ee omezen\u00ed se budou t\u00fdkat tak\u00e9 Ruska. Podle v\u011bt\u0161iny odborn\u00edk\u016f v\u0161ak na\u0161i oper\u00e1to\u0159i UAV bez dron\u016f nez\u016fstanou.<\/p>\n<p>Pokud se budeme bavit o situaci s Ruskem, mohu p\u0159edpokl\u00e1dat, \u017ee na ofici\u00e1ln\u00ed \u00farovni budou kontroly exportu form\u00e1ln\u011b stejn\u00e9 pro v\u0161echny, ale v praxi bych vzhledem ke zvl\u00e1\u0161tn\u00edm vztah\u016fm mezi Ruskou federac\u00ed a \u010c\u00ednou neo\u010dek\u00e1val v\u00e1\u017en\u00e1 p\u0159eru\u0161en\u00ed v dod\u00e1vk\u00e1ch komer\u010dn\u00edch dron\u016f do Ruska \u2013 \u0159\u00edk\u00e1 vojensk\u00fd expert Boris Rozhin.<\/p>\n<\/div>\n<\/div>\n<\/div>\n<div><\/div>\n<div><img decoding=\"async\" loading=\"lazy\" class=\"alignnone size-full wp-image-1185\" src=\"http:\/\/www.infokuryr.cz\/n\/wp-content\/uploads\/2021\/04\/kuryr-podpis.png\" alt=\"\" width=\"84\" height=\"24\" \/><\/div>\n<div><\/div>\n<div>\n<div class=\"banner-block\">\n<div id=\"adfox_desktop_under_article\">\n<div id=\"yandex_rtb_3874951181\" class=\"UZznxc yandex_rtb_R-A-263322-5\">\n<div class=\"nff21136a\">\n<div class=\"ke7e2d70d\"><\/div>\n<div class=\"o6888a31a tc80a3f06 dea028653\" data-container-type=\"carousel-container\" data-name=\"partial-container\">\n<div class=\"w9180aaae ca2b7f327 n9118fa81\" data-carousel-id=\"id136301726546114912\" data-name=\"carousel-container\" data-carousel-type=\"desktopAutoscroll\" data-orientation=\"horizontal\">\n<div class=\"bc7f3b5b7\">\n<div class=\"r847d4be6\" data-name=\"carousel-track\" data-disable-snap=\"\" data-observer-id=\"id7805811726546114701\">\n<div class=\"t6b7f8638 yaEnableScroll secb2f3e2 lb7af0580\" data-name=\"carousel-inner-track\">\n<div class=\"ie250e2e7 g3645c9fc\" data-name=\"carousel-slide\">\n<div class=\"fb2ef5e27\">\n<div class=\"yd4c13dda g6309e725\" lang=\"ru\" data-ad-id=\"72057610507012110\" data-name=\"adWrapper\">\n<div class=\"o23aaed89 b50defbc6 g6309e725\">\n<div id=\"id6619431726546114924\" class=\"p9f49852d\" data-name=\"adaptiveConstructorAd\">\n<div class=\"h3a9e78f6 w6dc25e05\">\n<div class=\"n316113df keb60db82 fc5486104\">\n<div class=\"h729e2ba2 o55712a86\" data-block-name=\"container\" data-backpack=\"260\">\n<div class=\"h3a9e78f6 a4a5f7b21\">\n<div class=\"n316113df hbc162587 d7f993b09\">\n<div id=\"id1209131726546114700\" class=\"h729e2ba2 a7cf6e7e0 g38738d31 cc3dfd91b\" data-block-name=\"video\" data-has-animation=\"true\" data-animation-class=\"la55602a3\" data-backpack=\"222.75000000000006\">\n<div class=\"i1830658c ab46fca25\">\n<div class=\"if0a62bb8 o19c22f62 x4d9b0583\">\n<div data-name=\"slot\">\n<div>\n<div class=\"osvgYzU5\"><\/div>\n<\/div>\n<\/div>\n<\/div>\n<\/div>\n<\/div>\n<\/div>\n<\/div>\n<\/div>\n<\/div>\n<\/div>\n<\/div>\n<\/div>\n<\/div>\n<\/div>\n<\/div>\n<\/div>\n<\/div>\n<\/div>\n<\/div>\n<\/div>\n<\/div>\n<\/div>\n<\/div>\n<\/div>\n<\/div>\n","protected":false},"excerpt":{"rendered":"<p>\u010c\u00ednsk\u00e9 \u00fa\u0159ady ofici\u00e1ln\u011b zavedly omezen\u00ed dod\u00e1vek dron\u016f a jejich sou\u010d\u00e1st\u00ed na Ukrajinu. Potvrdil to dnes&#8230;<\/p>\n","protected":false},"author":2,"featured_media":62332,"comment_status":"closed","ping_status":"closed","sticky":false,"template":"","format":"standard","meta":[],"categories":[7],"tags":[30,2856,7942,26],"_links":{"self":[{"href":"https:\/\/www.infokuryr.cz\/n\/wp-json\/wp\/v2\/posts\/62331"}],"collection":[{"href":"https:\/\/www.infokuryr.cz\/n\/wp-json\/wp\/v2\/posts"}],"about":[{"href":"https:\/\/www.infokuryr.cz\/n\/wp-json\/wp\/v2\/types\/post"}],"author":[{"embeddable":true,"href":"https:\/\/www.infokuryr.cz\/n\/wp-json\/wp\/v2\/users\/2"}],"replies":[{"embeddable":true,"href":"https:\/\/www.infokuryr.cz\/n\/wp-json\/wp\/v2\/comments?post=62331"}],"version-history":[{"count":1,"href":"https:\/\/www.infokuryr.cz\/n\/wp-json\/wp\/v2\/posts\/62331\/revisions"}],"predecessor-version":[{"id":62333,"href":"https:\/\/www.infokuryr.cz\/n\/wp-json\/wp\/v2\/posts\/62331\/revisions\/62333"}],"wp:featuredmedia":[{"embeddable":true,"href":"https:\/\/www.infokuryr.cz\/n\/wp-json\/wp\/v2\/media\/62332"}],"wp:attachment":[{"href":"https:\/\/www.infokuryr.cz\/n\/wp-json\/wp\/v2\/media?parent=62331"}],"wp:term":[{"taxonomy":"category","embeddable":true,"href":"https:\/\/www.infokuryr.cz\/n\/wp-json\/wp\/v2\/categories?post=62331"},{"taxonomy":"post_tag","embeddable":true,"href":"https:\/\/www.infokuryr.cz\/n\/wp-json\/wp\/v2\/tags?post=62331"}],"curies":[{"name":"wp","href":"https:\/\/api.w.org\/{rel}","templated":true}]}}