{"id":62328,"date":"2024-09-17T06:00:26","date_gmt":"2024-09-17T04:00:26","guid":{"rendered":"https:\/\/www.infokuryr.cz\/n\/?p=62328"},"modified":"2024-09-17T06:00:26","modified_gmt":"2024-09-17T04:00:26","slug":"uriel-araujo-trumpuv-druhy-pripadny-atentatnik-napojeny-na-ukrajinske-krajne-pravicove-nabory","status":"publish","type":"post","link":"https:\/\/www.infokuryr.cz\/n\/2024\/09\/17\/uriel-araujo-trumpuv-druhy-pripadny-atentatnik-napojeny-na-ukrajinske-krajne-pravicove-nabory\/","title":{"rendered":"Uriel Araujo: Trump\u016fv druh\u00fd p\u0159\u00edpadn\u00fd atent\u00e1tn\u00edk napojen\u00fd na ukrajinsk\u00e9 krajn\u011b pravicov\u00e9 n\u00e1bory"},"content":{"rendered":"<div id=\"fb-root\"><\/div>\n<p><span>B\u00fdval\u00fd americk\u00fd prezident Donald Trump se v ned\u011bli 15. z\u00e1\u0159\u00ed kolem 13:30 (m\u00edstn\u00edho \u010dasu)\u00a0op\u011bt stal ter\u010dem atent\u00e1tu\u00a0<\/span><a href=\"https:\/\/www.theguardian.com\/us-news\/2024\/sep\/16\/trump-golf-club-shooting-what-we-know-so-far-about-apparent-assassination-attempt\"><span>ve sv\u00e9m golfov\u00e9m klubu na Florid\u011b z\u00e1padn\u011b od Palm Beach.<\/span><\/a><\/p>\n<p><span>Agent tajn\u00e9 slu\u017eby vyst\u0159elil, kdy\u017e si v\u0161iml pu\u0161ky AK-47 tr\u010d\u00edc\u00ed mezi k\u0159ov\u00edm kolem golfov\u00e9ho h\u0159i\u0161t\u011b, asi 400 yard\u016f (asi 365 metr\u016f). St\u0159elec jm\u00e9nem Ryan Wesley Routh (58) upustil pu\u0161ku a byl schopen ut\u00e9ct v SUV. M\u011bl pu\u0161kohled, GoPro kameru a dva batohy. Routh byl nakonec zastaven policisty v sousedn\u00edm kraji a pot\u00e9\u00a0<\/span><a href=\"https:\/\/apnews.com\/article\/trump-shooting-gunshots-florida-f62f8378d3a8ce7b2e99d6a8fb40aba9\"><span>zat\u010den<\/span><\/a><span>\u00a0. St\u00e1le nen\u00ed jasn\u00e9, zda st\u0159\u00edlel s\u00e1m Routh. Analytici a medi\u00e1ln\u00ed experti se op\u011bt ptaj\u00ed, jak se proboha poda\u0159ilo st\u0159elci\u00a0<\/span><a href=\"https:\/\/youtu.be\/ZK2cp2WbUPI?si=lUJdQGahA_aI6ZaE\"><span>dostat tak bl\u00edzko<\/span><\/a><span>\u00a0k Trumpovi \u2013 zvl\u00e1\u0161t\u011b kdy\u017e vezmeme v \u00favahu, \u017ee m\u00e1 z\u00e1znam v trestn\u00edm rejst\u0159\u00edku a byl d\u0159\u00edve (v roce 2022) odsouzen za dr\u017een\u00ed \u201e\u00a0<\/span><a href=\"https:\/\/www.wired.com\/story\/ryan-routh-donald-trump-gunman-weapon-of-mass-destruction-criminal-record\/\"><span>zbran\u011b hromadn\u00e9ho ni\u010den\u00ed<\/span><\/a><span>\u00a0\u201c. Nav\u00edc spojen\u00ed se st\u0159elcem jsou, m\u00edrn\u011b \u0159e\u010deno, docela zaj\u00edmav\u00e9.<\/span><\/p>\n<p><span>Za prv\u00e9, Routh, potenci\u00e1ln\u00ed atent\u00e1tn\u00edk, byl v roce 2023\u00a0<\/span><a href=\"https:\/\/www.nytimes.com\/2023\/03\/25\/world\/europe\/volunteers-us-ukraine-lies.html\"><span>vyzpov\u00edd\u00e1n<\/span><\/a><span>\u00a0den\u00edku New York Times a popsal sv\u00e9 snahy naverbovat b\u00fdval\u00e9 voj\u00e1ky Talibanu z Afgh\u00e1nist\u00e1nu do boj\u016f na Ukrajin\u011b. Hovo\u0159il tak\u00e9 o tom, \u017ee s\u00e1m bojoval ve v\u00fdchodoevropsk\u00e9 zemi, v roce 2002 tam str\u00e1vil n\u011bkolik m\u011bs\u00edc\u016f. Krom\u011b toho poskytl v roce 2022\u00a0<\/span><a href=\"https:\/\/newsweek.ro\/international\/exclusiv-recrutor-pentru-legiunea-internationala-va-incurajez-sa-veniti-si-sa-luptati-in-ucraina\"><span>rozhovor<\/span><\/a><span>\u00a0pro Newsweek Rumunsko a hovo\u0159il o sv\u00e9m n\u00e1borov\u00e9m \u00fasil\u00ed pro ukrajinskou vojenskou jednotku International Legion Defense. ukrajinsk\u00fdch pozemn\u00edch sil, kter\u00e9 tvo\u0159\u00ed zahrani\u010dn\u00ed dobrovoln\u00edci.<\/span><\/p>\n<p><span>Jak by se dalo o\u010dek\u00e1vat od takov\u00e9 jednotky na postmajdansk\u00e9 Ukrajin\u011b, Legie je su\u017eov\u00e1na krajn\u011b pravicov\u00fdm a neonacistick\u00fdm extremismem. Nap\u0159\u00edklad Karelsk\u00e1 skupina (tak\u00e9 zn\u00e1m\u00e1 jako Nord), prapor p\u016fsob\u00edc\u00ed\u00a0<\/span><a href=\"https:\/\/www.promoteukraine.org\/uk\/u-skladi-zbrojnyh-syl-ukrayiny-stvoreno-okremyj-karelskyj-naczionalnyj-bataljon\/\"><span>v r\u00e1mci Legie<\/span><\/a><span>\u00a0, byla obvin\u011bna z nacismu. Podobn\u011b\u00a0<\/span><a href=\"https:\/\/www.jungewelt.de\/loginFailed.php?ref=\/artikel\/454612.braune-kriegertruppen-an-der-alten-ostfront.html\"><span>N\u011bmeck\u00fd dobrovolnick\u00fd sbor<\/span><\/a><span>\u00a0, rovn\u011b\u017e napojen\u00fd na Mezin\u00e1rodn\u00ed obranu legi\u00ed Ukrajiny, je konsorciem pro v\u00fdzkum a anal\u00fdzu terorismu pova\u017eov\u00e1n za pravicov\u011b extremistickou skupinu, kter\u00e1 byla odsouzena za pou\u017e\u00edv\u00e1n\u00ed insigni\u00ed Wolfsangel. Nechvaln\u011b zn\u00e1m\u00fd rusk\u00fd dobrovolnick\u00fd sbor (RVC), dal\u0161\u00ed nacistick\u00e1 skupina napojen\u00e1 na legii, je p\u0159ipojena k\u00a0<\/span><a href=\"https:\/\/militaryland.net\/ukraine\/main-intelligence-directorate\/a3449\/\"><span>vojensk\u00e9 jednotce A3449<\/span><\/a><span>\u00a0, kter\u00e1 zahrnuje r\u016fzn\u00e9 jednotky Mezin\u00e1rodn\u00ed legie, p\u0159i\u010dem\u017e v\u0161echny jsou pod\u0159\u00edzeny Hlavn\u00edmu ukrajinsk\u00e9mu \u0159editelstv\u00ed zpravodajsk\u00fdch slu\u017eeb (HUR), jak p\u00ed\u0161e. Peter Julicher, historik a badatel.<\/span><\/p>\n<p><span>Zp\u00e1tky k Trumpovu mo\u017en\u00e9mu vrahovi, kter\u00fd se, jak ji\u017e bylo zm\u00edn\u011bno, ve sv\u00fdch n\u00e1borov\u00fdch operac\u00edch pohyboval kolem b\u00fdval\u00fdch bojovn\u00edk\u016f Talibanu a evropsk\u00fdch krajn\u011b pravicov\u00fdch prvk\u016f dobrovoln\u011b bojuj\u00edc\u00edch za Ukrajinu: jak\u00a0<\/span><a href=\"https:\/\/www.newsweek.com\/donald-trump-suspect-shooting-assassination-attempt-west-palm-beach-1954191\"><span>uvedl Newsweek ,\u00a0<\/span><\/a><a href=\"https:\/\/www.semafor.com\/article\/03\/08\/2023\/ukraine-is-turning-down-hundreds-of-afghan-soldiers-who-want-to-join-its-war-effort\"><span>zpr\u00e1va<\/span><\/a><span>\u00a0Semaforu z roku 2023\u00a0jej uv\u00e1d\u00ed jako \u0161\u00e9fa International Volunteer Center (IVC) na Ukrajin\u011b, soukrom\u00e1 organizace zam\u011b\u0159en\u00e1 na \u201epos\u00edlen\u00ed postaven\u00ed dobrovoln\u00edk\u016f\u201c. Jde tedy o radik\u00e1ln\u00edho proukrajinsk\u00e9ho\u00a0<\/span><a href=\"https:\/\/www.newsweek.com\/donald-trump-suspect-shooting-assassination-attempt-west-palm-beach-1954191\"><span>aktivistu<\/span><\/a><span>\u00a0, kter\u00fd se rovn\u011b\u017e anga\u017euje ve vojensk\u00fdch a polovojensk\u00fdch aktivit\u00e1ch a na soci\u00e1ln\u00edch s\u00edt\u00edch tak\u00e9 zve\u0159ejnil extr\u00e9mn\u00ed obsah, v n\u011bm\u017e popisuje konflikt na Ukrajin\u011b jako ultim\u00e1tn\u00ed v\u00e1lku mezi dobrem a zlem.<\/span><\/p>\n<p><span>Routh, kter\u00fd vlastn\u00ed firmu na stavbu p\u0159\u00edst\u0159e\u0161k\u016f na Havaji, je tak\u00e9 dlouholet\u00fdm\u00a0<\/span><a href=\"https:\/\/www.hindustantimes.com\/world-news\/donald-trump-s-attacker-ryan-wesley-routh-left-behind-a-gopro-camera-report-101726449131598.html\"><span>podporovatelem demokrat\u016f<\/span><\/a><span>\u00a0, co\u017e d\u00e1v\u00e1 smysl vzhledem k jeho ukrajinsk\u00e9mu aktivismu \u2013 jak jsem\u00a0<\/span><a href=\"https:\/\/infobrics.org\/post\/42204\"><span>psal<\/span><\/a><span>\u00a0, demokrat\u00e9, v\u010detn\u011b b\u00fdval\u00e9ho prezidenta Baracka Obamy, stejn\u011b jako Kamala Harris a jej\u00ed \u00fa\u0159aduj\u00edc\u00ed administrativa je sou\u010d\u00e1st\u00ed, d\u016fsledn\u011b vyzbrojuje a financuje krajn\u00ed pravici na Ukrajin\u011b, tedy stejn\u00e9 struktury, v nich\u017e se zd\u00e1, \u017ee se Routh pohybuje zcela voln\u011b.<\/span><\/p>\n<p><span>Zaj\u00edmav\u00e9 je, \u017ee zm\u00edn\u011bn\u00e1 Mezin\u00e1rodn\u00ed legie na obranu Ukrajiny a nechvaln\u011b zn\u00e1m\u00e1\u00a0<\/span><a href=\"https:\/\/www.globalresearch.ca\/whitewashing-neo-nazi-azov-battalion-encourages-far-right-forces\/5777176\"><span>brig\u00e1da Azov<\/span><\/a><span>\u00a0(zn\u00e1m\u00e1 sv\u00fdm d\u016fsledn\u00fdm neonacismem, jak\u00a0<\/span><a href=\"https:\/\/www.theguardian.com\/world\/2014\/sep\/10\/azov-far-right-fighters-ukraine-neo-nazis\"><span>popsal<\/span><\/a><span>\u00a0Guardian ji\u017e p\u0159ed sedmi lety) pop\u00edraj\u00ed,\u00a0<\/span><a href=\"https:\/\/www.euronews.com\/2024\/09\/16\/suspected-trump-florida-shooter-wasnt-a-member-of-ukrainian-international-volunteer-unit-i\"><span>\u017ee<\/span><\/a><span>\u00a0by Trump\u016fv nejnov\u011bj\u0161\u00ed potenci\u00e1ln\u00ed st\u0159elec m\u00e1 k nim n\u011bjak\u00e9 spojen\u00ed. Vzhledem ke v\u0161emu v\u00fd\u0161e uveden\u00e9mu lze samoz\u0159ejm\u011b br\u00e1t takov\u00e1 prohl\u00e1\u0161en\u00ed s rezervou.<\/span><\/p>\n<p><span>Edward Snowden, slavn\u00fd b\u00fdval\u00fd spolupracovn\u00edk tajn\u00fdch slu\u017eeb a inform\u00e1tor NSA, zve\u0159ejnil\u00a0<\/span><a href=\"https:\/\/twitter.com\/Snowden\/status\/1835460582855631350?ref_src=twsrc%5Etfw\"><span>na<\/span><\/a><span>\u00a0X &#8211; d\u0159\u00edve Twitteru -, \u017ee nejpravd\u011bpodobn\u011bj\u0161\u00edm sc\u00e9n\u00e1\u0159em je spojen\u00ed mezi st\u0159elcem a zpravodajsk\u00fdmi agenturami, a dokonce to p\u0159irovnal k atent\u00e1tu na Kennedyho, kdy\u017e zm\u00ednil Lee Harvey Oswald, Americk\u00fd n\u00e1mo\u0159n\u00ed veter\u00e1n, kter\u00fd zavra\u017edil Johna F. Kennedyho:<\/span><\/p>\n<p><span>&#8222;Zat\u00edm toho v\u00edme m\u00e1lo, ale [s] osobn\u00ed a ve\u0159ejnou \u00fa\u010dast\u00ed \u00fadajn\u00e9ho st\u0159elce Trumpa na vojensk\u00e9 \u010dinnosti na Ukrajin\u011b je t\u011b\u017ek\u00e9 si p\u0159edstavit, \u017ee by si agentury tohoto B\u00edl\u00e9ho domu mohly n\u00e1rokovat nulov\u00fd kontakt \u2013 \u201a\u010dist\u00e9 ruce\u2018. Tady n\u011bco jako Oswaldova atmosf\u00e9ra. Kongres by m\u011bl dostat odpov\u011bdi\u201c<\/span><\/p>\n<p><span>To je samoz\u0159ejm\u011b f\u00e9rov\u00fd bod, vezmeme-li v \u00favahu v\u0161e, co v\u00edme o roli CIA na Ukrajin\u011b od Majdanu, jak uvedl\u00a0<\/span><a href=\"https:\/\/www.globalresearch.ca\/new-york-times-expose-details-expansion-cia-secret-war-ukraine-decade-ago\/5851183\"><span>expos\u00e9 New York Times<\/span><\/a><span>\u00a0.<\/span><\/p>\n<p><span>P\u0159ed pouh\u00fdmi dev\u00edti t\u00fddny si \u010dlov\u011bk m\u016f\u017ee vzpomenout, \u017ee Trump byl ter\u010dem atent\u00e1tu, kter\u00fd dodnes z\u016fst\u00e1v\u00e1 nevysv\u011btlen\u00fd, a jak jsem psal, podez\u0159\u00edval samotnou tajnou\u00a0<\/span><a href=\"https:\/\/www.globalresearch.ca\/secret-service-suspicion-trump-assassination\/5863108\"><span>slu\u017ebu<\/span><\/a><span>\u00a0.<\/span><\/p>\n<p><span>Trump v \u017e\u00e1dn\u00e9m p\u0159\u00edpad\u011b nen\u00ed\u00a0<\/span><a href=\"https:\/\/www.globalresearch.ca\/trump-peacemaker-political-profile-vary\/5861722\"><span>m\u00edrotvorcem<\/span><\/a><span>\u00a0jak\u00e9hokoli druhu (jak jsem\u00a0<\/span><a href=\"https:\/\/www.globalresearch.ca\/trump-peacemaker-political-profile-vary\/5861722\"><span>tvrdil<\/span><\/a><span>\u00a0), ale jeho postoj k ukrajinsk\u00e9 v\u00e1lce m\u016f\u017ee sta\u010dit k tomu, aby spustil r\u016fzn\u00e9 frakce americk\u00e9 zpravodajsk\u00e9 komunity \u2013 a\u0165 u\u017e jsou to \u201edareb\u00e1ck\u00e9\u201c nebo ne. Tento sc\u00e9n\u00e1\u0159 je je\u0161t\u011b pravd\u011bpodobn\u011bj\u0161\u00ed, vezmeme-li v \u00favahu skute\u010dnost, \u017ee z\u016fst\u00e1v\u00e1 nejasn\u00e9, kdo vl\u00e1dl Spojen\u00fdm st\u00e1t\u016fm posledn\u00edch p\u00e1r let (proto\u017ee kognitivn\u00ed zdrav\u00ed \u00fa\u0159aduj\u00edc\u00edho prezidenta Joea Bidena bylo\u00a0<\/span><a href=\"https:\/\/infobrics.org\/post\/41567\"><span>zakryto<\/span><\/a><span>\u00a0), p\u0159i\u010dem\u017e n\u011bkte\u0159\u00ed odborn\u00edci hovo\u0159\u00ed o \u201e\u00a0<\/span><a href=\"https:\/\/www.axios.com\/2024\/07\/12\/biden-election-inner-circle-withdrawal-criticism\"><span>triumvir\u00e1tu<\/span><\/a><span>\u00a0\u201c. \u201c s odkazem na Bidenovy bl\u00edzk\u00e9 poradce Bruce Reeda, Mika Donilona a Steva Ricchettiho.<\/span><\/p>\n<p><span>Abych to shrnul, b\u011bhem pouh\u00fdch dev\u00edti t\u00fddn\u016f do\u0161lo k druh\u00e9mu pokusu o atent\u00e1t na prezidentsk\u00e9ho kandid\u00e1ta (kter\u00fd je tak\u00e9 b\u00fdval\u00fdm prezidentem), v kontextu politick\u00e9 krize, ve kter\u00e9 je dokonce t\u011b\u017ek\u00e9 ur\u010dit, kdo je ve skute\u010dnosti vl\u00e1dcem zem\u011b. , se seniln\u00edm \u00fa\u0159aduj\u00edc\u00edm prezidentem a slab\u00fdm viceprezidentem (kter\u00fd je nyn\u00ed nominantem Demokratick\u00e9 strany). Mezit\u00edm samotn\u00e1 tajn\u00e1 slu\u017eba je vy\u0161et\u0159ov\u00e1na kv\u016fli prvn\u00edmu pokusu o vra\u017edu asi p\u0159ed dv\u011bma m\u011bs\u00edci, p\u0159i\u010dem\u017e jej\u00ed zhrzen\u00fd \u0159editel rezignoval. To v\u0161echno by si \u017e\u00e1dn\u00e1 \u201ekonspira\u010dn\u00ed teorie\u201c nep\u0159edstavovala. To v\u0161e je samoz\u0159ejm\u011b v americk\u00e9 historii bezprecedentn\u00ed.<\/span><\/p>\n<p><em><a href=\"https:\/\/infobrics.org\/post\/42230\/\">Uriel Araujo, PhD<\/a>, antropologick\u00fd v\u00fdzkumn\u00edk se zam\u011b\u0159en\u00edm na mezin\u00e1rodn\u00ed a etnick\u00e9 konflikty<\/em><\/p>\n<p>&nbsp;<\/p>\n","protected":false},"excerpt":{"rendered":"<p>B\u00fdval\u00fd americk\u00fd prezident Donald Trump se v ned\u011bli 15. z\u00e1\u0159\u00ed kolem 13:30 (m\u00edstn\u00edho \u010dasu)\u00a0op\u011bt stal&#8230;<\/p>\n","protected":false},"author":2,"featured_media":62329,"comment_status":"closed","ping_status":"closed","sticky":false,"template":"","format":"standard","meta":[],"categories":[7],"tags":[1042,468,452],"_links":{"self":[{"href":"https:\/\/www.infokuryr.cz\/n\/wp-json\/wp\/v2\/posts\/62328"}],"collection":[{"href":"https:\/\/www.infokuryr.cz\/n\/wp-json\/wp\/v2\/posts"}],"about":[{"href":"https:\/\/www.infokuryr.cz\/n\/wp-json\/wp\/v2\/types\/post"}],"author":[{"embeddable":true,"href":"https:\/\/www.infokuryr.cz\/n\/wp-json\/wp\/v2\/users\/2"}],"replies":[{"embeddable":true,"href":"https:\/\/www.infokuryr.cz\/n\/wp-json\/wp\/v2\/comments?post=62328"}],"version-history":[{"count":0,"href":"https:\/\/www.infokuryr.cz\/n\/wp-json\/wp\/v2\/posts\/62328\/revisions"}],"wp:featuredmedia":[{"embeddable":true,"href":"https:\/\/www.infokuryr.cz\/n\/wp-json\/wp\/v2\/media\/62329"}],"wp:attachment":[{"href":"https:\/\/www.infokuryr.cz\/n\/wp-json\/wp\/v2\/media?parent=62328"}],"wp:term":[{"taxonomy":"category","embeddable":true,"href":"https:\/\/www.infokuryr.cz\/n\/wp-json\/wp\/v2\/categories?post=62328"},{"taxonomy":"post_tag","embeddable":true,"href":"https:\/\/www.infokuryr.cz\/n\/wp-json\/wp\/v2\/tags?post=62328"}],"curies":[{"name":"wp","href":"https:\/\/api.w.org\/{rel}","templated":true}]}}