{"id":62299,"date":"2024-09-17T00:45:12","date_gmt":"2024-09-16T22:45:12","guid":{"rendered":"https:\/\/www.infokuryr.cz\/n\/?p=62299"},"modified":"2024-09-16T15:37:15","modified_gmt":"2024-09-16T13:37:15","slug":"putin-naridil-zvyseni-velikosti-ruske-armady","status":"publish","type":"post","link":"https:\/\/www.infokuryr.cz\/n\/2024\/09\/17\/putin-naridil-zvyseni-velikosti-ruske-armady\/","title":{"rendered":"Putin na\u0159\u00eddil zv\u00fd\u0161en\u00ed velikosti rusk\u00e9 arm\u00e1dy"},"content":{"rendered":"<div id=\"fb-root\"><\/div>\n<p><span style=\"font-size: 18pt;\"><strong>Prezident podepsal dekret stanovuj\u00edc\u00ed s\u00edlu ozbrojen\u00fdch sil zem\u011b na t\u00e9m\u011b\u0159 2,4 milionu lid\u00ed<\/strong><\/span><\/p>\n<p><span>Prezident Vladimir Putin podepsal dekret, kter\u00fd ofici\u00e1ln\u011b zvy\u0161uje po\u010det person\u00e1lu v rusk\u00fdch ozbrojen\u00fdch sil\u00e1ch na t\u00e9m\u011b\u0159 2,4 milionu lid\u00ed, v\u010detn\u011b 1,5 milionu voj\u00e1k\u016f.\u00a0<\/span><\/p>\n<p><span>Posledn\u00ed n\u00e1r\u016fst p\u0159ich\u00e1z\u00ed po podobn\u00e9m v\u00fdnosu z prosince 2023, kdy prezident zv\u00fd\u0161il po\u010det zam\u011bstnanc\u016f v rusk\u00e9 arm\u00e1d\u011b na n\u011bco m\u00e1lo p\u0159es 2,2 milionu, v\u010detn\u011b 1,3 milionu voj\u00e1k\u016f.<\/span><\/p>\n<p><span>Putin ve sv\u00e9m pond\u011bln\u00edm p\u0159\u00edkazu tak\u00e9 na\u0159\u00eddil rusk\u00e9 vl\u00e1d\u011b, aby vy\u010dlenila pot\u0159ebn\u00e9 finan\u010dn\u00ed prost\u0159edky pro ministerstvo obrany na proveden\u00ed nav\u00fd\u0161en\u00ed, kter\u00e9 form\u00e1ln\u011b zvy\u0161uje po\u010det person\u00e1lu v ozbrojen\u00fdch sil\u00e1ch na 2 389 130.\u00a0\u00a0\u00a0<\/span><\/p>\n<p><span>Kdy\u017e prezident naposledy roz\u0161\u00ed\u0159il po\u010det rusk\u00fdch voj\u00e1k\u016f, mluv\u010d\u00ed Kremlu Dmitrij Peskov vysv\u011btlil, \u017ee tento krok byl v\u00fdsledkem\u00a0<\/span><em><span>\u201ez\u00e1stupn\u00e9 v\u00e1lky\u201c,<\/span><\/em><span>\u00a0kterou proti Moskv\u011b vedl Z\u00e1pad.\u00a0<\/span><em><span>\u201eBezpe\u010dnost na\u0161\u00ed zem\u011b mus\u00ed b\u00fdt samoz\u0159ejm\u011b zaji\u0161t\u011bna,\u201c<\/span><\/em><span>\u00a0prohl\u00e1sil tehdy Peskov.\u00a0\u00a0<\/span><\/p>\n<p><em><span>\u201eTo souvis\u00ed s v\u00e1lkou, kterou vedou zem\u011b kolektivn\u00edho Z\u00e1padu. Z\u00e1stupn\u00e1 v\u00e1lka, kter\u00e1 zahrnuje prvky nep\u0159\u00edm\u00e9 \u00fa\u010dasti na vojensk\u00fdch akc\u00edch a prvky hospod\u00e1\u0159sk\u00e9 v\u00e1lky, finan\u010dn\u00ed v\u00e1lky, pr\u00e1vn\u00ed v\u00e1lky, p\u0159ekra\u010duj\u00edc\u00ed pr\u00e1vn\u00ed r\u00e1mec a tak d\u00e1le.\u201c<\/span><\/em><\/p>\n<p><span>Rusk\u00e9 ministerstvo obrany tehdy tak\u00e9 uvedlo, \u017ee roz\u0161\u00ed\u0159en\u00ed arm\u00e1dy bude provedeno prost\u0159ednictv\u00edm ob\u010dan\u016f, kte\u0159\u00ed si dobrovoln\u011b p\u0159ej\u00ed slou\u017eit na z\u00e1klad\u011b smlouvy.\u00a0\u00a0<\/span><\/p>\n<p><span>Vysv\u011btlila tak\u00e9, \u017ee rozhodnut\u00ed o zv\u00fd\u0161en\u00ed po\u010dtu zam\u011bstnanc\u016f bylo zp\u016fsobeno hrozbou, kterou p\u0159edstavuje pokra\u010duj\u00edc\u00ed roz\u0161i\u0159ov\u00e1n\u00ed NATO. \u010clenov\u00e9 bloku pod veden\u00edm USA v\u00fdrazn\u011b roz\u0161\u00ed\u0159ili svou vojenskou p\u0159\u00edtomnost pod\u00e9l rusk\u00fdch hranic, rozm\u00edstili dal\u0161\u00ed syst\u00e9my protivzdu\u0161n\u00e9 obrany a \u00fadern\u00e9 zbran\u011b.\u00a0<\/span><\/p>\n<p><em><span>&#8222;Dodate\u010dn\u00e9 zv\u00fd\u0161en\u00ed bojov\u00e9 s\u00edly a po\u010dtu ozbrojen\u00fdch sil je adekv\u00e1tn\u00ed reakc\u00ed na agresivn\u00ed aktivity bloku NATO,&#8220;<\/span><\/em><span>\u00a0napsalo ministerstvo.<\/span><\/p>\n<p><img decoding=\"async\" loading=\"lazy\" class=\"alignnone size-full wp-image-1185\" src=\"http:\/\/www.infokuryr.cz\/n\/wp-content\/uploads\/2021\/04\/kuryr-podpis.png\" alt=\"\" width=\"84\" height=\"24\" \/><\/p>\n<p>&nbsp;<\/p>\n","protected":false},"excerpt":{"rendered":"<p>Prezident podepsal dekret stanovuj\u00edc\u00ed s\u00edlu ozbrojen\u00fdch sil zem\u011b na t\u00e9m\u011b\u0159 2,4 milionu lid\u00ed Prezident Vladimir&#8230;<\/p>\n","protected":false},"author":2,"featured_media":62300,"comment_status":"closed","ping_status":"closed","sticky":false,"template":"","format":"standard","meta":[],"categories":[7],"tags":[80,2018,102],"_links":{"self":[{"href":"https:\/\/www.infokuryr.cz\/n\/wp-json\/wp\/v2\/posts\/62299"}],"collection":[{"href":"https:\/\/www.infokuryr.cz\/n\/wp-json\/wp\/v2\/posts"}],"about":[{"href":"https:\/\/www.infokuryr.cz\/n\/wp-json\/wp\/v2\/types\/post"}],"author":[{"embeddable":true,"href":"https:\/\/www.infokuryr.cz\/n\/wp-json\/wp\/v2\/users\/2"}],"replies":[{"embeddable":true,"href":"https:\/\/www.infokuryr.cz\/n\/wp-json\/wp\/v2\/comments?post=62299"}],"version-history":[{"count":1,"href":"https:\/\/www.infokuryr.cz\/n\/wp-json\/wp\/v2\/posts\/62299\/revisions"}],"predecessor-version":[{"id":62301,"href":"https:\/\/www.infokuryr.cz\/n\/wp-json\/wp\/v2\/posts\/62299\/revisions\/62301"}],"wp:featuredmedia":[{"embeddable":true,"href":"https:\/\/www.infokuryr.cz\/n\/wp-json\/wp\/v2\/media\/62300"}],"wp:attachment":[{"href":"https:\/\/www.infokuryr.cz\/n\/wp-json\/wp\/v2\/media?parent=62299"}],"wp:term":[{"taxonomy":"category","embeddable":true,"href":"https:\/\/www.infokuryr.cz\/n\/wp-json\/wp\/v2\/categories?post=62299"},{"taxonomy":"post_tag","embeddable":true,"href":"https:\/\/www.infokuryr.cz\/n\/wp-json\/wp\/v2\/tags?post=62299"}],"curies":[{"name":"wp","href":"https:\/\/api.w.org\/{rel}","templated":true}]}}