{"id":6229,"date":"2021-11-17T04:41:28","date_gmt":"2021-11-17T03:41:28","guid":{"rendered":"http:\/\/www.infokuryr.cz\/n\/?p=6229"},"modified":"2021-11-17T04:41:28","modified_gmt":"2021-11-17T03:41:28","slug":"alexander-soros-v-predvecer-zavedeni-totalniho-lockdownu-v-rakousku-pro-neockovane-se-setkal-s-rakouskym-kanclerem","status":"publish","type":"post","link":"https:\/\/www.infokuryr.cz\/n\/2021\/11\/17\/alexander-soros-v-predvecer-zavedeni-totalniho-lockdownu-v-rakousku-pro-neockovane-se-setkal-s-rakouskym-kanclerem\/","title":{"rendered":"Alexander Soros v p\u0159edve\u010der zaveden\u00ed tot\u00e1ln\u00edho lockdownu v Rakousku pro neo\u010dkovan\u00e9 se setkal s rakousk\u00fdm kancl\u00e9\u0159em&#8230;"},"content":{"rendered":"<div id=\"fb-root\"><\/div>\n<h4>Alexander Soros v p\u0159edve\u010der zaveden\u00ed tot\u00e1ln\u00edho lockdownu v Rakousku pro neo\u010dkovan\u00e9 se setkal s rakousk\u00fdm kancl\u00e9\u0159em, ministrem zahrani\u010d\u00ed a b\u00fdval\u00fdm kancl\u00e9\u0159em Sebastianem Kurzem! Prob\u00edrali ot\u00e1zky situace na Balk\u00e1nu a rozvoj St\u0159edoevropsk\u00e9 univerzity, kter\u00e1 se p\u0159est\u011bhovala z Budape\u0161t\u011b do V\u00eddn\u011b! Odtamtud mlad\u00fd Soros zam\u00ed\u0159il do Pa\u0159\u00ed\u017ee a setkal se s Macronem! Izrael p\u0159itom neziskovce George Sorose u\u017e zak\u00e1zal vstup do zem\u011b na z\u00e1klad\u011b varov\u00e1n\u00ed Mossadu, \u017ee Soros usiluje o destabilizaci Izraele! Od kdy majitel\u00e9 neziskovek maj\u00ed audience u nejvy\u0161\u0161\u00edch politick\u00fdch p\u0159edstavitel\u016f?<\/h4>\n<p>V Rakousku od pond\u011bl\u00ed tohoto t\u00fddne plat\u00ed brut\u00e1ln\u00ed lockdown pro neo\u010dkovan\u00e9 osoby, kter\u00e9 sm\u00ed chodit pouze do pr\u00e1ce, na n\u00e1kupy z\u00e1kladn\u00edch potravin a do l\u00e9k\u00e1rny. Je to model okop\u00edrovan\u00fd ze Slovenska, kde ten sam\u00fd syst\u00e9m vloni koncem roku zavedl tehdej\u0161\u00ed premi\u00e9r Igor Matovi\u010d. Jen\u017ee zcela bez pov\u0161imnut\u00ed \u010desk\u00fdch i dal\u0161\u00edch m\u00e9di\u00ed do\u0161lo v Rakousku minul\u00fd t\u00fdden k naprosto bezprecedentn\u00ed sch\u016fzce na vrcholn\u00e9 \u00farovni, o kter\u00e9 v\u0161ak m\u00e9dia neinformovala.\u00a0<strong>Rakousk\u00fd premi\u00e9r v roli kancl\u00e9\u0159e Alexander Schallenberg se toti\u017e na vrcholn\u00e9 sch\u016fzce setkal [<a href=\"https:\/\/href.li\/?https:\/\/www.wochenblick.at\/waehrend-ihm-oesterreicher-egal-sind-kanzler-schallenberg-trifft-soros-sohn\/\" target=\"_blank\" rel=\"nofollow noopener\">1<\/a>] s Alexanderem Sorosem, se synem George Sorose a d\u011bdicem jeho neziskov\u00e9ho imp\u00e9ria.<\/strong><\/p>\n<figure id=\"attachment_49193\" class=\"wp-caption aligncenter\" style=\"width: 533px;\"><a href=\"https:\/\/aeronet.cz\/news\/wp-content\/uploads\/AlexSorosAlexSchallenberg.jpg\"><img decoding=\"async\" loading=\"lazy\" class=\"wp-image-49193 \" src=\"https:\/\/aeronet.cz\/news\/wp-content\/uploads\/AlexSorosAlexSchallenberg-1024x860.jpg\" sizes=\"(max-width: 700px) 100vw, 700px\" srcset=\"https:\/\/aeronet.cz\/news\/wp-content\/uploads\/AlexSorosAlexSchallenberg-1024x860.jpg 1024w, https:\/\/aeronet.cz\/news\/wp-content\/uploads\/AlexSorosAlexSchallenberg-300x252.jpg 300w, https:\/\/aeronet.cz\/news\/wp-content\/uploads\/AlexSorosAlexSchallenberg-768x645.jpg 768w, https:\/\/aeronet.cz\/news\/wp-content\/uploads\/AlexSorosAlexSchallenberg-700x588.jpg 700w, https:\/\/aeronet.cz\/news\/wp-content\/uploads\/AlexSorosAlexSchallenberg-425x357.jpg 425w, https:\/\/aeronet.cz\/news\/wp-content\/uploads\/AlexSorosAlexSchallenberg-575x483.jpg 575w, https:\/\/aeronet.cz\/news\/wp-content\/uploads\/AlexSorosAlexSchallenberg.jpg 1280w\" alt=\"\" width=\"533\" height=\"448\" \/><\/a><figcaption class=\"wp-caption-text\">Alexander Soros a Alexander Schallenberg, rakousk\u00fd kancl\u00e9\u0159<\/figcaption><\/figure>\n<p>Hovo\u0159ili spolu o situaci na Balk\u00e1nu, o migra\u010dn\u00ed krizi na hranic\u00edch B\u011bloruska a Polska a rovn\u011b\u017e o rozvoji St\u0159edoevropsk\u00e9 univerzity, kter\u00e1 se p\u0159est\u011bhovala z Budape\u0161ti do V\u00eddn\u011b. Na \u0159adu p\u0159i\u0161ly i ot\u00e1zky chystan\u00e9ho lockdownu pro neo\u010dkovan\u00e9 Raku\u0161any.\u00a0<strong>Rakousk\u00fd kancl\u00e9\u0159 se potom s mlad\u00fdm Sorosem vyfotil pro m\u00e9dia a Raku\u0161an\u00e9 nev\u011b\u0159ili vlastn\u00edm o\u010d\u00edm. Oba dva toti\u017e spolu vedli jedn\u00e1n\u00ed bez rou\u0161ek a respir\u00e1tor\u016f.<\/strong>\u00a0A to nebylo v\u0161echno.\u00a0Ofici\u00e1ln\u011b p\u0159ijel mlad\u00fd Soros do V\u00eddn\u011b u p\u0159\u00edle\u017eitosti uct\u011bn\u00ed pam\u00e1tky holokaustu a v\u00fdro\u010d\u00ed K\u0159i\u0161\u0165\u00e1lov\u00e9 noci z roku 1938.<\/p>\n<h6><span style=\"font-size: 14pt;\">Alexander Soros na inspek\u010dn\u00ed cest\u011b po Evrop\u011b<\/span><\/h6>\n<p>Mlad\u00fd Soros se minul\u00fd t\u00fdden setkal i s hlavou rakousk\u00e9 diplomacie, tedy s ministrem zahrani\u010d\u00ed Michaelem Linhartem a p\u0159ed za\u010d\u00e1tkem sch\u016fzky spolu p\u00f3zovali pro fotografa, op\u011bt ale bez rou\u0161ek a respir\u00e1tor\u016f. Za zav\u0159en\u00fdmi dve\u0159mi spolu jednali v\u00edce n\u011b\u017e hodinu, nen\u00ed jasn\u00e9, co bylo n\u00e1pln\u00ed rozhovor\u016f, proto\u017ee rakousk\u00e1 m\u00e9dia se omezila pouze na konstatov\u00e1n\u00ed, \u017ee \u0161lo o p\u0159\u00e1telskou n\u00e1v\u0161t\u011bvu. A to po\u0159\u00e1d nen\u00ed v\u0161echno.<\/p>\n<p><strong>Alexander Soros se setkal i s b\u00fdval\u00fdm premi\u00e9rem Sebastianem Kurzem, kter\u00fd o mlad\u00e9m Sorosovi napsal na Twitter [<a href=\"https:\/\/href.li\/?https:\/\/twitter.com\/sebastiankurz\/status\/1458486309186646017\" target=\"_blank\" rel=\"nofollow noopener\">2<\/a>], \u017ee je r\u00e1d, \u017ee se mohl znovu setkat se sv\u00fdm dobr\u00fdm p\u0159\u00edtelem.<\/strong>\u00a0Alexander Soros p\u0159evzal po sv\u00e9m otci denn\u00ed operace Open Society a de facto se stal provozn\u00ed \u0159editelem cel\u00e9 organizace, ov\u0161em star\u00fd p\u00e1n st\u00e1le tah\u00e1 za nitky a synka vys\u00edl\u00e1 na mise a sch\u016fzky s vysok\u00fdmi p\u0159edstaviteli po cel\u00e9 Evrop\u011b. A jak spr\u00e1vn\u011b tu\u0161\u00edte, ani p\u0159i setk\u00e1n\u00ed se Sebastianem Kurzem nedo\u0161lo na rou\u0161ky, ani na respir\u00e1tory. Ty se nos\u00ed pouze p\u0159ed televizn\u00edmi kamerami, kdy\u017e rakousk\u00e1 vl\u00e1da vyhla\u0161uje nov\u00e1 opat\u0159en\u00ed proti neo\u010dkovan\u00fdm.<\/p>\n<figure id=\"attachment_49195\" class=\"wp-caption aligncenter\" style=\"width: 473px;\"><a href=\"https:\/\/aeronet.cz\/news\/wp-content\/uploads\/AlexSorosSebastianKurz.jpg\"><img decoding=\"async\" loading=\"lazy\" class=\"wp-image-49195 \" src=\"https:\/\/aeronet.cz\/news\/wp-content\/uploads\/AlexSorosSebastianKurz-819x1024.jpg\" sizes=\"(max-width: 700px) 100vw, 700px\" srcset=\"https:\/\/aeronet.cz\/news\/wp-content\/uploads\/AlexSorosSebastianKurz-819x1024.jpg 819w, https:\/\/aeronet.cz\/news\/wp-content\/uploads\/AlexSorosSebastianKurz-240x300.jpg 240w, https:\/\/aeronet.cz\/news\/wp-content\/uploads\/AlexSorosSebastianKurz-768x960.jpg 768w, https:\/\/aeronet.cz\/news\/wp-content\/uploads\/AlexSorosSebastianKurz-700x875.jpg 700w, https:\/\/aeronet.cz\/news\/wp-content\/uploads\/AlexSorosSebastianKurz-286x357.jpg 286w, https:\/\/aeronet.cz\/news\/wp-content\/uploads\/AlexSorosSebastianKurz-386x483.jpg 386w, https:\/\/aeronet.cz\/news\/wp-content\/uploads\/AlexSorosSebastianKurz.jpg 1132w\" alt=\"\" width=\"473\" height=\"591\" \/><\/a><figcaption class=\"wp-caption-text\">Alexander Soros nav\u0161t\u00edvil minul\u00fd t\u00fdden i b\u00fdval\u00e9ho kancl\u00e9\u0159e Sebastiana Kurze<\/figcaption><\/figure>\n<p>Mo\u017en\u00e1 se te\u010f zamysl\u00edte a zd\u011bs\u00edte se, jak je v\u016fbec mo\u017en\u00e9, \u017ee jak\u00fdsi synek majitele neziskov\u00e9 organizace si d\u00e1v\u00e1 sch\u016fzky a dostaven\u00ed\u010dka na vrcholn\u00e9 \u00farovni v jeden t\u00fdden s kancl\u00e9\u0159em, s ministrem zahrani\u010d\u00ed a s b\u00fdval\u00fdm kancl\u00e9\u0159em? Jak je mo\u017en\u00e9, \u017ee jak\u00e1si neziskovka a jej\u00ed p\u0159edstavitel\u00e9 maj\u00ed audience u nejvy\u0161\u0161\u00edch politick\u00fdch p\u0159edstavitel\u016f rakousk\u00e9ho st\u00e1tu? Ano, je to kv\u016fli tomu, \u017ee S\u00f3ro\u0161ova neziskovka je\u00a0<em>front house<\/em>, maskovac\u00ed kryt\u00ed pro silov\u00e9 operace globalist\u016f a rozvracen\u00ed st\u00e1t\u016f s nepohodln\u00fdmi vl\u00e1dami v Evrop\u011b. A nejen v Evrop\u011b, po cel\u00e9m sv\u011bt\u011b.<\/p>\n<p>P\u0159esn\u011b z toho d\u016fvodu\u00a0<strong>Izrael zak\u00e1zal \u010dinnost neziskov\u00fdm organizac\u00edm George Sorose v zemi, proto\u017ee podle Mossadu p\u0159edstavuje neziskov\u00e1 lobby George Sorose bezpe\u010dnostn\u00ed riziko pro st\u00e1t Izrael [<a href=\"https:\/\/href.li\/?https:\/\/www.reuters.com\/article\/us-israel-hungary-soros-idUSKBN19V1J4\" target=\"_blank\" rel=\"nofollow noopener\">3<\/a>].<\/strong>\u00a0Pen\u00edze od Geroge Sorose financovaly v roce 2018 st\u00e1tn\u00ed p\u0159evrat na Slovensku, ob\u011bt\u00ed se stal Robert Fico, kter\u00fd d\u00edky tomu proz\u0159el a pochopil brut\u00e1ln\u00ed procesy vy\u0161\u0161\u00edho \u0159\u00edzen\u00ed globalizace, minul\u00fd rok v srpnu st\u00e1ly tyt\u00e9\u017e pen\u00edze za protesty v Minsku proti Alexanderu Luka\u0161enkovi. Varov\u00e1n\u00ed Mossadu nelze proto br\u00e1t na lehkou v\u00e1hu a je jasn\u00e9, pro\u010d v\u0161ichni politici p\u0159ed emisary S\u00f3ro\u0161ovy rodiny pan\u00e1\u010dkuj\u00ed a poklonkuj\u00ed. Maj\u00ed strach, \u017ee by jim S\u00f3ro\u0161\u016fv rodinn\u00fd klan p\u0159inesl barevnou revoluci i do jejich zem\u011b.<\/p>\n<h6><span style=\"font-size: 14pt;\">Mlad\u00fd Soros se fot\u00ed s kancl\u00e9\u0159i a ministry, ale nikdo nem\u00e1 rou\u0161ky<\/span><\/h6>\n<p>Pot\u00e9, co Ma\u010farsko v roce 2017 zak\u00e1zalo Sorosov\u011b univerzit\u011b CEU p\u016fsobit v zemi kv\u016fli Sorosov\u00fdm neust\u00e1l\u00fdm destabiliza\u010dn\u00edm z\u00e1m\u011br\u016fm (ji\u017e n\u011bkolik st\u00e1t\u016f uvrhl do hlubok\u00e9 krize a \u010dasto na tom ekonomicky vyd\u011blal), se b\u00fdval\u00fd spolkov\u00fd kancl\u00e9\u0159 Christian Kern (SP\u00d6) zasadil o to, aby byla Sorosova univerzita p\u0159esunuta do V\u00eddn\u011b. Spole\u010dn\u011b s b\u00fdval\u00fdm starostou Michaelem H\u00e4uplem se poda\u0159ilo uzav\u0159\u00edt smlouvu.\u00a0<strong>Na n\u00e1klady da\u0148ov\u00fdch poplatn\u00edk\u016f byla za t\u00edmto \u00fa\u010delem zrekonstruov\u00e1na i nemocnice Otto Wagnera, aby se u\u010denci filantropick\u00e9ho Sorosova sv\u011btov\u00e9ho \u0159\u00e1du m\u011bli na sv\u00e9 nov\u00e9 drah\u00e9 soukrom\u00e9 univerzit\u011b ve V\u00eddni dob\u0159e.<\/strong>\u00a0A tak se univerzita p\u0159esunula jen v r\u00e1mci Rakousko-Uherska o p\u00e1r des\u00edtek kilometr\u016f na z\u00e1pad. N\u00ed\u017ee je video z roku 2019, George Soros dostal vyznamen\u00e1n\u00ed za z\u00e1sluhy o rozvoj m\u011bsta V\u00eddn\u011b.<\/p>\n<div class=\"twitter-tweet twitter-tweet-rendered\"><iframe id=\"twitter-widget-0\" class=\"\" title=\"Twitter Tweet\" src=\"https:\/\/platform.twitter.com\/embed\/Tweet.html?dnt=true&amp;embedId=twitter-widget-0&amp;features=eyJ0ZndfZXhwZXJpbWVudHNfY29va2llX2V4cGlyYXRpb24iOnsiYnVja2V0IjoxMjA5NjAwLCJ2ZXJzaW9uIjpudWxsfSwidGZ3X2hvcml6b25fdHdlZXRfZW1iZWRfOTU1NSI6eyJidWNrZXQiOiJodGUiLCJ2ZXJzaW9uIjpudWxsfSwidGZ3X3NwYWNlX2NhcmQiOnsiYnVja2V0Ijoib2ZmIiwidmVyc2lvbiI6bnVsbH19&amp;frame=false&amp;hideCard=false&amp;hideThread=false&amp;id=1194977584511107072&amp;lang=cs&amp;origin=https%3A%2F%2Faeronet.cz%2Fnews%2Falexander-soros-v-predvecer-zavedeni-totalniho-lockdownu-v-rakousku-pro-neockovane-se-setkal-s-rakouskym-kanclerem-ministrem-zahranici-a-byvalym-kanclerem-sebastianem-kurzem-probirali-otazky%2F&amp;sessionId=1584cc8d66b79ae1f65fdf2146174771b18d8e09&amp;theme=light&amp;widgetsVersion=f001879%3A1634581029404&amp;width=550px\" frameborder=\"0\" scrolling=\"no\" allowfullscreen=\"allowfullscreen\" data-tweet-id=\"1194977584511107072\" data-mce-fragment=\"1\"><\/iframe><\/div>\n<p>&nbsp;<\/p>\n<p>Zat\u00edmco Raku\u0161\u00e1ci bez vakc\u00edny \u010del\u00ed teroru a spolu s nimi i vakc\u00ednou o\u010dkovan\u00ed obyvatel\u00e9 maj\u00ed sv\u00e9 covidov\u00e9 pasy a jsou sledov\u00e1ni na ka\u017ed\u00e9m kroku, p\u0159i\u010dem\u017e v obchodech a p\u0159i setk\u00e1v\u00e1n\u00ed mus\u00ed nosit rou\u0161ky a respir\u00e1tory, tak v p\u0159\u00edpad\u011b mlad\u00e9ho Sorose a rakousk\u00fdch p\u0159edstavitel\u016f na sch\u016fzk\u00e1ch s n\u00edm to neplat\u00ed.\u00a0<strong>Na n\u011b se prost\u011b rou\u0161ky a respir\u00e1tory nevztahuj\u00ed a je\u0161t\u011b maj\u00ed drzost se t\u011bmito fotkami chlubit na Twitteru.<\/strong>\u00a0A opravdu si mysl\u00edte, \u017ee kancl\u00e9\u0159i nebo minist\u0159i zahrani\u010d\u00ed se neboj\u00ed o sv\u00e9 zdrav\u00ed a \u017eivot, \u017ee se setk\u00e1vaj\u00ed s mlad\u00fdm Sorosem, kter\u00fd soukrom\u00fdm Embraerem l\u00e9t\u00e1 po cel\u00e9m sv\u011bt\u011b a setk\u00e1v\u00e1 se s des\u00edtkami lid\u00ed ka\u017ed\u00fd den?<\/p>\n<h6><span style=\"font-size: 14pt;\">Consigliere star\u00e9ho p\u00e1na s obrovskou moc\u00ed v ruk\u00e1ch nad marionetami Domu Rothschild<\/span><\/h6>\n<p>Copak oni se neboj\u00ed viru? A na n\u011b pravidla a opat\u0159en\u00ed neplat\u00ed, \u017ee se setk\u00e1vaj\u00ed s cizincem, kter\u00fd l\u00e9t\u00e1 po sv\u011bt\u011b a bez rou\u0161ky se setk\u00e1v\u00e1 s kdek\u00fdm? V\u00edte, kam zam\u00ed\u0159il Alex Soros z V\u00eddn\u011b?\u00a0<strong>V\u010dera v pond\u011bl\u00ed se setkal v Elysejsk\u00e9m pal\u00e1ci v Pa\u0159\u00ed\u017ei s prezidentem Emmanuelem Macronem [<a href=\"https:\/\/href.li\/?https:\/\/twitter.com\/AlexanderSoros\/status\/1460334957432385536\" target=\"_blank\" rel=\"nofollow noopener\">4<\/a>]. A p\u0159edstavte si, zase bez rou\u0161ek.<\/strong>\u00a0<strong>Oni se t\u00edm doslova vysm\u00edvaj\u00ed tup\u00fdm\u00a0<em>goyim<\/em>, kter\u00e9 policist\u00e9 ml\u00e1t\u00ed pendreky na ulici, kdy\u017e si nenasad\u00ed rou\u0161ky<\/strong>, ale kdy\u017e se setk\u00e1 mlad\u00fd Soros s prezidentem, na pohodu jedou bez rou\u0161ek a je\u0161t\u011b se vyfot\u00ed. Kdepak, neboj\u00ed se a moc dob\u0159e to v\u011bd\u00ed. Jsou to toti\u017e k\u00e1d\u0159i globalist\u016f, poslu\u0161n\u00ed vykonavatel\u00e9 p\u0159\u00edkaz\u016f tzv. sv\u011btov\u00e9ho Domu Sion zastoupen\u00e9ho v Lond\u00fdn\u011b Domem Rothschild a jeho emisary. A te\u010f dob\u0159e poslouchejte.<\/p>\n<figure id=\"attachment_49197\" class=\"wp-caption aligncenter\" style=\"width: 484px;\"><a href=\"https:\/\/aeronet.cz\/news\/wp-content\/uploads\/EmmanuelMacronAlexSoros.jpg\"><img decoding=\"async\" loading=\"lazy\" class=\"wp-image-49197 \" src=\"https:\/\/aeronet.cz\/news\/wp-content\/uploads\/EmmanuelMacronAlexSoros.jpg\" sizes=\"(max-width: 700px) 100vw, 700px\" srcset=\"https:\/\/aeronet.cz\/news\/wp-content\/uploads\/EmmanuelMacronAlexSoros.jpg 700w, https:\/\/aeronet.cz\/news\/wp-content\/uploads\/EmmanuelMacronAlexSoros-251x300.jpg 251w, https:\/\/aeronet.cz\/news\/wp-content\/uploads\/EmmanuelMacronAlexSoros-299x357.jpg 299w, https:\/\/aeronet.cz\/news\/wp-content\/uploads\/EmmanuelMacronAlexSoros-404x483.jpg 404w\" alt=\"\" width=\"484\" height=\"578\" \/><\/a><figcaption class=\"wp-caption-text\">Alex Soros se v pond\u011bl\u00ed po p\u0159\u00edletu z V\u00eddn\u011b se\u0161el v Pa\u0159\u00ed\u017ei i s francouzsk\u00fdm prezidentem Emmanuelem Macronem<\/figcaption><\/figure>\n<p>Star\u00fd p\u00e1n u\u017e je na tom \u0161patn\u011b, tak\u017ee p\u0159enesl svoji pr\u00e1ci na bedra syna. D\u0159\u00edve soukrom\u00fdm trysk\u00e1\u010dem Embraer l\u00e9tal po sv\u011bt\u011b George Soros osobn\u011b a rozd\u00e1val kancl\u00e9\u0159\u016fm, premi\u00e9r\u016fm, prezident\u016fm i ministr\u016fm noti\u010dky, instrukce od globalist\u016f, tedy od Domu Rothschild.\u00a0<strong>Te\u010f tu samou pr\u00e1ci za n\u011bj d\u011bl\u00e1 jeho syn Alexander. V \u0159ad\u00e1ch mafi\u00e1nsk\u00fdch rodin se t\u00e9to pozici z\u00e1stupce\u00a0<em>capo di tutti capi<\/em>\u00a0\u0159\u00edk\u00e1\u00a0<em>consigliere<\/em><\/strong>, tedy prav\u00e1 ruka \u0161\u00e9fa, ale ne v pozici zam\u011bstnance, ale nejbli\u017e\u0161\u00edho \u010dlena rodiny, kter\u00e9mu jsou sv\u011b\u0159eny politick\u00e9 a provozn\u00ed \u00fakoly zabezpe\u010duj\u00edc\u00ed chod a provoz rodiny. Pro tuto roli v \u010de\u0161tin\u011b neexistuje p\u0159esn\u00fd \u010desk\u00fd ekvivalent, proto\u017ee slovo\u00a0<em>poskok<\/em>\u00a0vyjad\u0159uje n\u011bco \u00fapln\u011b jin\u00e9ho na ni\u017e\u0161\u00ed pouli\u010dn\u00ed \u00farovni, a nelze pou\u017e\u00edt ani slovo\u00a0<em>poradce<\/em>, proto\u017ee to nevystihuje roli\u00a0<em>consigliere<\/em>.<\/p>\n<h6><span style=\"font-size: 14pt;\">Podzimn\u00ed vlny a pandemie zp\u016fsobuje ztr\u00e1ta p\u0159irozen\u00e9 imunity obyvatelstva zp\u016fsoben\u00e1 omezen\u00edm kontakt\u016f lid\u00ed po cel\u00fd rok<\/span><\/h6>\n<p>Nejbli\u017e\u0161\u00edm v\u00fdsti\u017en\u00fdm ozna\u010den\u00edm je\u00a0<em>emisar<\/em>, tedy vyslanec na misi, kter\u00fd p\u0159in\u00e1\u0161\u00ed n\u00e1vrhy k jedn\u00e1n\u00ed. Jen\u017ee v tomto p\u0159\u00edpad\u011b nejde o roli emisara s n\u00e1vrhy k jedn\u00e1n\u00ed, ale o \u010dlov\u011bka, kter\u00fd p\u0159ijel zkontrolovat pr\u00e1ci politik\u016f a p\u0159inesl p\u0159\u00edkazy, noty od kmotra a nov\u00e9 \u00fakoly. Je to role vrchn\u00edho super-dozorce, supervizora globalist\u016f. A p\u0159ed\u00a0<em>consiglierem<\/em>\u00a0se v\u0161ichni klan\u00ed stejn\u011b, jak kdyby p\u0159ijel samotn\u00fd\u00a0<em>capo di tutti capi<\/em>.\u00a0<strong>Star\u00fd p\u00e1n tak pov\u011b\u0159il sv\u00e9ho syna rol\u00ed\u00a0<em>consigliera<\/em>\u00a0a synek tak l\u00e9t\u00e1 po sv\u011bt\u011b, dohl\u00ed\u017e\u00ed na g\u00f3jsk\u00e9 a chazarsk\u00e9 marionety a jejich upatlanou a \u0161pinavou pr\u00e1ci, jak pln\u00ed \u00fakoly Domu Rothschild v procesech zav\u00e1d\u011bn\u00ed Total Control.<\/strong><\/p>\n<figure id=\"attachment_49159\" class=\"wp-caption aligncenter\" style=\"width: 588px;\"><a href=\"https:\/\/aeronet.cz\/news\/wp-content\/uploads\/Singapore_Covid19_2.jpg\"><img decoding=\"async\" loading=\"lazy\" class=\"wp-image-49159 \" src=\"https:\/\/aeronet.cz\/news\/wp-content\/uploads\/Singapore_Covid19_2-1024x647.jpg\" sizes=\"(max-width: 700px) 100vw, 700px\" srcset=\"https:\/\/aeronet.cz\/news\/wp-content\/uploads\/Singapore_Covid19_2-1024x647.jpg 1024w, https:\/\/aeronet.cz\/news\/wp-content\/uploads\/Singapore_Covid19_2-300x190.jpg 300w, https:\/\/aeronet.cz\/news\/wp-content\/uploads\/Singapore_Covid19_2-768x485.jpg 768w, https:\/\/aeronet.cz\/news\/wp-content\/uploads\/Singapore_Covid19_2-700x442.jpg 700w, https:\/\/aeronet.cz\/news\/wp-content\/uploads\/Singapore_Covid19_2-565x357.jpg 565w, https:\/\/aeronet.cz\/news\/wp-content\/uploads\/Singapore_Covid19_2-764x483.jpg 764w, https:\/\/aeronet.cz\/news\/wp-content\/uploads\/Singapore_Covid19_2.jpg 1280w\" alt=\"\" width=\"588\" height=\"371\" \/><\/a><figcaption class=\"wp-caption-text\">Nejhor\u0161\u00ed je situace v Singapuru, kde je 95% obyvatel nao\u010dkovan\u00fdch, ale nemocnice jsou tam zaplaveny t\u011b\u017ek\u00fdmi p\u0159\u00edpady o\u010dkovan\u00fdch s n\u00e1kazou. Cel\u00fd rok nosili rou\u0161ky a p\u0159i\u0161li o ve\u0161kerou p\u0159irozenou imunitu<\/figcaption><\/figure>\n<p>P\u0159i\u0161el podzim a v cel\u00e9 Evrop\u011b za\u010dala masov\u00e1 manufaktura a v\u00fdroba covidov\u00fdch \u010d\u00edsel, co\u017e je podle v\u0161ech zn\u00e1mek zmutovan\u00e1 ch\u0159ipka, kter\u00e1 chod\u00ed ka\u017ed\u00fd podzim, ale lid\u00e9 to nev\u00ed a mysl\u00ed si, \u017ee je to nov\u00fd virus.\u00a0 Pr\u016fb\u011bh nemoci je toti\u017e drsn\u011bj\u0161\u00ed. Jen\u017ee, je to po\u0159\u00e1d jenom ta sam\u00e1 ch\u0159ipka, ale pr\u016fb\u011bh je drsn\u011bj\u0161\u00ed kv\u016fli tomu, \u017ee cel\u00e1 populace masov\u011b a nar\u00e1z p\u0159i\u0161la o p\u0159irozenou a kolektivn\u00ed imunitu.\u00a0<strong>Lid\u00e9 se stali no\u0161en\u00edm rou\u0161ek a respir\u00e1tor\u016f po cel\u00fd rok zraniteln\u00fdmi, jejich t\u011bla ztratila imunitu proti stovk\u00e1m ch\u0159ipkov\u00fdch kmen\u016f, tak\u017ee kdy\u017e te\u010f n\u011bkdo onemocn\u00ed ch\u0159ipkou, m\u00e1 opravdu drsn\u00fd pr\u016fb\u011bh.<\/strong><\/p>\n<h6><span style=\"font-size: 14pt;\">Globalist\u00e9 nemus\u00ed vym\u00fd\u0161let nov\u00fd virus, sta\u010d\u00ed nasadit lidem hadry na \u00fasta a zabra\u0148ovat jim t\u00edm ve vytv\u00e1\u0159en\u00ed si p\u0159irozen\u00e9 imunity po dobu n\u011bkolika m\u011bs\u00edc\u016f. Pandemie na podzim je potom zaru\u010dena<\/span><\/h6>\n<p>Za to v\u0161echno mohou rou\u0161ky a respir\u00e1tory. A v\u00edte, v kter\u00e9 evropsk\u00e9 zemi nemaj\u00ed \u017e\u00e1dnou pandemii a podzimn\u00ed krizi? Ve \u0160v\u00e9dsku, kde se na opat\u0159en\u00ed vyka\u0161lali a nechali populaci p\u011bkn\u011b promo\u0159it. A pro\u010d to bylo dovoleno globalisty? Proto\u017ee ve \u0160v\u00e9dsku je v provozu isl\u00e1msk\u00e1 pilotn\u00ed demografick\u00e1 laborato\u0159.\u00a0<strong>Jsou tam miliony Arab\u016f, isl\u00e1msk\u00e1 ghetta,\u00a0arabizovan\u00fd\u00a0<em>lebensborn<\/em>, a proto v zemi nen\u00ed dovoleno prov\u00e1d\u011bt soub\u011b\u017en\u011b o\u010dkovac\u00ed procesy, proto\u017ee by vedly k omezen\u00ed plodnosti arabsk\u00fdch mu\u017e\u016f a \u0161v\u00e9dsk\u00fdch \u017een.<\/strong><\/p>\n<p>Globalist\u00e9 nepot\u0159ebuj\u00ed vym\u00fd\u0161let nov\u00e9 zabij\u00e1ck\u00e9 viry. Sta\u010d\u00ed pouze lidem a d\u011btem na n\u011bkolik m\u011bs\u00edc\u016f vnutit no\u0161en\u00ed rou\u0161ek a na podzim potom zaru\u010den\u011b vypukne epidemie, proto\u017ee t\u011bla zbaven\u00e1 p\u0159irozen\u00e9 kolektivn\u00ed imunity zareaguj\u00ed na kontakt s oby\u010dejnou ch\u0159ipkou jako na kontakt se zabij\u00e1ck\u00fdm virem, u lid\u00ed propuknou z\u00e1paly plic, zapln\u00ed se JIPky.<\/p>\n<figure id=\"attachment_49196\" class=\"wp-caption aligncenter\" style=\"width: 456px;\"><a href=\"https:\/\/aeronet.cz\/news\/wp-content\/uploads\/MichaelLinhartAlexSoros.jpg\"><img decoding=\"async\" loading=\"lazy\" class=\"wp-image-49196 \" src=\"https:\/\/aeronet.cz\/news\/wp-content\/uploads\/MichaelLinhartAlexSoros.jpg\" sizes=\"(max-width: 700px) 100vw, 700px\" srcset=\"https:\/\/aeronet.cz\/news\/wp-content\/uploads\/MichaelLinhartAlexSoros.jpg 700w, https:\/\/aeronet.cz\/news\/wp-content\/uploads\/MichaelLinhartAlexSoros-198x300.jpg 198w, https:\/\/aeronet.cz\/news\/wp-content\/uploads\/MichaelLinhartAlexSoros-678x1024.jpg 678w, https:\/\/aeronet.cz\/news\/wp-content\/uploads\/MichaelLinhartAlexSoros-236x357.jpg 236w, https:\/\/aeronet.cz\/news\/wp-content\/uploads\/MichaelLinhartAlexSoros-320x483.jpg 320w\" alt=\"\" width=\"456\" height=\"689\" \/><\/a><figcaption class=\"wp-caption-text\">Alexander Soros se minul\u00fd t\u00fdden setkal i s rakousk\u00fdm ministrem zahrani\u010d\u00ed Michaelem Linhartem<\/figcaption><\/figure>\n<p><strong>A jakmile to na ja\u0159e skon\u010d\u00ed, znovu se na\u0159\u00edd\u00ed lidem nosit rou\u0161ky a respir\u00e1tory, aby se ten\u00a0<em>zl\u00fd<\/em>\u00a0virus nevr\u00e1til. A tak lid\u00e9 zase budou nosit rou\u0161ky a respir\u00e1tory jako truhl\u00edci po cel\u00fd rok, a\u017e\u2026<\/strong>\u00a0a\u017e zase onemocn\u00ed, proto\u017ee si rou\u0161kami br\u00e1nili ve vytvo\u0159en\u00ed kolektivn\u00ed p\u0159irozen\u00e9 imunity a na podzim zase vypukne nov\u00e1 epidemie ch\u0159ipky. A tak po\u0159\u00e1d a po\u0159\u00e1d dokola, a po\u0159\u00e1d a po\u0159\u00e1d u\u017e jen o\u010dkov\u00e1n\u00ed, boostery, p\u0159eo\u010dkov\u00e1n\u00ed, boostery. A to kv\u016fli tomu, \u017ee lid\u00e9 nos\u00ed rou\u0161ky a respir\u00e1tory, kter\u00e9 br\u00e1n\u00ed utv\u00e1\u0159en\u00ed kolektivn\u00ed p\u0159irozen\u00e9 imunity. Je to genocida na\u0161ich n\u00e1rod\u016f za b\u00edl\u00e9ho demu a epidemiologov\u00e9 a mnoz\u00ed l\u00e9ka\u0159i se na tom aktivn\u011b pod\u00edlej\u00ed. Pouze politik\u016fm a vysok\u00fdm k\u00e1dr\u016fm S\u00f3ro\u0161ova imp\u00e9ria je dovoleno rou\u0161ky nenosit.<\/p>\n<p>-VK- \u0160\u00e9fredaktor AE News<\/p>\n<p><a href=\"https:\/\/aeronet.cz\/news\/alexander-soros-v-predvecer-zavedeni-totalniho-lockdownu-v-rakousku-pro-neockovane-se-setkal-s-rakouskym-kanclerem-ministrem-zahranici-a-byvalym-kanclerem-sebastianem-kurzem-probirali-otazky\/\">ZDROJ<\/a><\/p>\n<p>&nbsp;<\/p>\n","protected":false},"excerpt":{"rendered":"<p>Alexander Soros v p\u0159edve\u010der zaveden\u00ed tot\u00e1ln\u00edho lockdownu v Rakousku pro neo\u010dkovan\u00e9 se setkal s rakousk\u00fdm&#8230;<\/p>\n","protected":false},"author":2,"featured_media":6230,"comment_status":"closed","ping_status":"closed","sticky":false,"template":"","format":"standard","meta":[],"categories":[7],"tags":[279,120,151,48,651],"_links":{"self":[{"href":"https:\/\/www.infokuryr.cz\/n\/wp-json\/wp\/v2\/posts\/6229"}],"collection":[{"href":"https:\/\/www.infokuryr.cz\/n\/wp-json\/wp\/v2\/posts"}],"about":[{"href":"https:\/\/www.infokuryr.cz\/n\/wp-json\/wp\/v2\/types\/post"}],"author":[{"embeddable":true,"href":"https:\/\/www.infokuryr.cz\/n\/wp-json\/wp\/v2\/users\/2"}],"replies":[{"embeddable":true,"href":"https:\/\/www.infokuryr.cz\/n\/wp-json\/wp\/v2\/comments?post=6229"}],"version-history":[{"count":0,"href":"https:\/\/www.infokuryr.cz\/n\/wp-json\/wp\/v2\/posts\/6229\/revisions"}],"wp:featuredmedia":[{"embeddable":true,"href":"https:\/\/www.infokuryr.cz\/n\/wp-json\/wp\/v2\/media\/6230"}],"wp:attachment":[{"href":"https:\/\/www.infokuryr.cz\/n\/wp-json\/wp\/v2\/media?parent=6229"}],"wp:term":[{"taxonomy":"category","embeddable":true,"href":"https:\/\/www.infokuryr.cz\/n\/wp-json\/wp\/v2\/categories?post=6229"},{"taxonomy":"post_tag","embeddable":true,"href":"https:\/\/www.infokuryr.cz\/n\/wp-json\/wp\/v2\/tags?post=6229"}],"curies":[{"name":"wp","href":"https:\/\/api.w.org\/{rel}","templated":true}]}}