{"id":6228,"date":"2021-11-17T04:37:23","date_gmt":"2021-11-17T03:37:23","guid":{"rendered":"http:\/\/www.infokuryr.cz\/n\/?p=6228"},"modified":"2021-11-17T04:37:23","modified_gmt":"2021-11-17T03:37:23","slug":"ale-kdyz-zitra-nebude-valka","status":"publish","type":"post","link":"https:\/\/www.infokuryr.cz\/n\/2021\/11\/17\/ale-kdyz-zitra-nebude-valka\/","title":{"rendered":"Ale kdy\u017e z\u00edtra nebude v\u00e1lka?"},"content":{"rendered":"<div id=\"fb-root\"><\/div>\n<section class=\"perex\"><strong>Vojensk\u00e1 cvi\u010den\u00ed NATO v \u010cern\u00e9m mo\u0159i a vplut\u00ed v\u00e1le\u010dn\u00fdch lod\u00ed \u0161est\u00e9 flotily USA do p\u0159\u00edstavu Batumi maj\u00ed demonstrovat, \u017ee USA si dob\u0159e uv\u011bdomuj\u00ed nal\u00e9havost situace a jsou p\u0159ipraveny podpo\u0159it Ukrajinu v p\u0159\u00edpadn\u00e9m konfliktu s Ruskem. \u010cernomo\u0159sk\u00e1 p\u00e1nev &#8211; Washington d\u00e1v\u00e1 jasn\u011b najevo &#8211; bude v tomto p\u0159\u00edpad\u011b vyu\u017eita k \u00fatoku na Rusko &#8211; nebo alespo\u0148 k jeho zadr\u017eov\u00e1n\u00ed.<\/strong><\/p>\n<\/section>\n<section class=\"clanek-obsah\">V posledn\u00ed dob\u011b je jasn\u011b patrn\u00e1 eskalace vztah\u016f mezi USA a Ruskem. Jedn\u00e1 se o druhou epizodu od jara 2021, kdy mnoz\u00ed o\u010dek\u00e1vali, \u017ee neocony podporovan\u00fd globalista Biden d\u00e1 Kyjevu zelenou k ofenziv\u011b v Donbasu. Tehdy se v\u0161ak v\u0161e omezilo na sm\u011b\u0161n\u00fd p\u0159\u00edjezd Zelensk\u00e9ho ze z\u00f3ny NATO a p\u0159esv\u011bd\u010div\u00e9 man\u00e9vry rusk\u00fdch ozbrojen\u00fdch sil na rusk\u00e9m \u00fazem\u00ed. To se uk\u00e1zalo jako dostate\u010dn\u00e9.<\/p>\n<p>Pot\u00e9 se Washington pokusil naru\u0161it spu\u0161t\u011bn\u00ed Nord Stream-2, ale op\u011bt neusp\u011bl, proto\u017ee evrop\u0161t\u00ed partne\u0159i tuto politiku jednodu\u0161e odm\u00edtli.<\/p>\n<p>Pot\u00e9 se Biden zam\u011b\u0159il na sta\u017een\u00ed americk\u00fdch sil a jejich komplic\u016f z Afgh\u00e1nist\u00e1nu a vytvo\u0159en\u00ed anglosask\u00e9 koalice (AUKUS) proti \u010c\u00edn\u011b, jako\u017e i \u010dty\u0159strann\u00e9ho bloku QUAD, do kter\u00e9ho Spojen\u00e9 st\u00e1ty zapojily Japonsko a Indii. Op\u011bt plat\u00ed, \u017ee v\u0161ichni jsou proti \u010c\u00edn\u011b.<\/p>\n<p>Sta\u017een\u00edm vojsk z Afgh\u00e1nist\u00e1nu a pokra\u010dov\u00e1n\u00edm ve stahov\u00e1n\u00ed vojsk ze S\u00fdrie (zat\u00edm v Ir\u00e1ku) dal Biden najevo sv\u016fj patetismus, ale AUKUS a QUAD jsou sp\u00ed\u0161e poctou neocon\u016fm a jest\u0159\u00e1b\u016fm. Stahov\u00e1n\u00ed vojsk je v\u0161ak faktem a vytvo\u0159en\u00e9 koalice jsou zat\u00edm jen pouhou p\u0159\u00edle\u017eitost\u00ed, hrozbou, v\u00fdkyvem, nikoli \u00faderem.<\/p>\n<p>To z\u0159ejm\u011b vyvolalo v\u00e1\u017enou nespokojenost mezi neokony a ti po\u017eadovali, aby prezident, kter\u00fd se propadal do sta\u0159eck\u00e9 demence, podnikl rozhodn\u00e9 kroky.<\/p>\n<p>To se projevilo v eskalaci vztah\u016f &#8211; tentokr\u00e1t nikoli s \u010c\u00ednou, ale s Ruskem, kter\u00e9 jsme sv\u011bdky dnes. Nap\u011bt\u00ed se synchronn\u011b zv\u00fd\u0161ilo po cel\u00e9m perimetru kolem Ruska. Jsou zde jasn\u011b patrn\u00e9 t\u0159i z\u00f3ny rostouc\u00edho konfliktu.<\/p>\n<p>B\u011blorusko a krize s migranty na polsk\u00fdch hranic\u00edch: V tomto p\u0159\u00edpad\u011b je logika chov\u00e1n\u00ed Luka\u0161enka, kter\u00fd klidn\u011b p\u0159ij\u00edm\u00e1 ve sv\u00e9 zemi migranty sp\u011bchaj\u00edc\u00ed do Evropsk\u00e9 unie a nev\u011bnuje pozornost Polsku, kter\u00e9 naopak po volb\u00e1ch v Minsku a masov\u00fdch liber\u00e1ln\u00edch protestech odm\u00edtlo budovat s Luka\u0161enkem jak\u00fdkoli konstruktivn\u00ed vztah, zcela racion\u00e1ln\u00ed. Nap\u011bt\u00ed na hranic\u00edch a shroma\u017e\u010fov\u00e1n\u00ed polsk\u00fdch vojsk tam vytv\u00e1\u0159\u00ed ohnisko nap\u011bt\u00ed mezi spojeneck\u00fdm Ruskem B\u011bloruskem a Spojen\u00fdmi st\u00e1ty, EU a NATO. Luka\u0161enko s t\u00edm v\u0161ak nem\u00e1 nic spole\u010dn\u00e9ho, pouze symetricky reaguje na hrubost NATO a pokus o operaci zm\u011bny re\u017eimu podniknut\u00fd globalisty.<\/p>\n<p>Soub\u011b\u017en\u011b s t\u00edm za\u010dal pohyb ozbrojen\u00fdch sil Ukrajiny v Donbasu&#8230; Minsk\u00e9 dohody byly Kyjevem v podstat\u011b zcela vy\u0161krtnuty. Pu\u010dist\u00e9 za\u010dali obsazovat osady nach\u00e1zej\u00edc\u00ed se na \u00fazem\u00ed DLR. Zde jsou p\u0159\u00edzna\u010dn\u00e9 projevy n\u011bkter\u00fdch ukrajinsk\u00fdch politik\u016f, kte\u0159\u00ed vyz\u00fdvaj\u00ed sv\u00e9 americk\u00e9 partnery, aby zas\u00e1hli do situace, podpo\u0159ili obnoven\u00ed kontroly Kyjeva nad Donbasem a v p\u0159\u00edpad\u011b pot\u0159eby se zapojili do p\u0159\u00edm\u00e9 vojensk\u00e9 konfrontace s Ruskem. K t\u00e9to konfrontaci nevyhnuteln\u011b dojde, nebo\u0165 dnes je ka\u017ed\u00e9mu jasn\u00e9, \u017ee pokud Kyjev zah\u00e1j\u00ed plnohodnotnou vojenskou operaci, nenech\u00e1 Moskva sv\u00e9 ob\u010dany z DLR a LLR, kte\u0159\u00ed ji\u017e d\u00e1vno ve velk\u00e9m po\u010dtu obdr\u017eeli rusk\u00e9 pasy, sv\u00e9mu osudu. Situace se op\u011bt vyhrocuje a Washington d\u00e1v\u00e1 jasn\u011b najevo, \u017ee tentokr\u00e1t je odhodl\u00e1n a p\u0159ipraven Kyjev podpo\u0159it.<\/p>\n<p>A kone\u010dn\u011b, vojensk\u00e1 cvi\u010den\u00ed NATO v \u010cern\u00e9m mo\u0159i a vplut\u00ed v\u00e1le\u010dn\u00fdch lod\u00ed \u0161est\u00e9 flotily USA do p\u0159\u00edstavu Batumi maj\u00ed demonstrovat, \u017ee USA si dob\u0159e uv\u011bdomuj\u00ed nal\u00e9havost situace a jsou p\u0159ipraveny podpo\u0159it Ukrajinu v p\u0159\u00edpadn\u00e9m konfliktu s Ruskem. \u010cernomo\u0159sk\u00e1 p\u00e1nev &#8211; Washington d\u00e1v\u00e1 jasn\u011b najevo &#8211; bude v tomto p\u0159\u00edpad\u011b vyu\u017eita k \u00fatoku na Rusko &#8211; nebo alespo\u0148 k jeho zadr\u017eov\u00e1n\u00ed.<\/p>\n<p>Na podporu celkov\u00e9 strategie Spojen\u00fdch st\u00e1t\u016f byl ned\u00e1vno do Gruzie nez\u00e1konn\u011b p\u0159ivezen b\u00fdval\u00fd prezident Michail Saaka\u0161vili, kter\u00fd se profesion\u00e1ln\u011b zab\u00fdv\u00e1 geopolitick\u00fdmi a politick\u00fdmi provokacemi v z\u00e1jmu globalist\u016f &#8211; p\u0159edev\u0161\u00edm George Sorose a jeho s\u00edt\u00ed. Neutr\u00e1ln\u00ed vl\u00e1dnouc\u00ed s\u00edla v Gruzii Gruz\u00ednsk\u00fd sen nen\u00ed p\u0159ipravena vstoupit do nov\u00e9ho dobrodru\u017estv\u00ed &#8211; to vy\u017eadoval Saaka\u0161vili, kter\u00e9ho \u00fa\u0159ady bezpe\u010dn\u011b zatkly. Mina v\u0161ak byla polo\u017eena.<\/p>\n<p>Vztahy mezi Ruskem a Spojen\u00fdmi st\u00e1ty se tak ji\u017e podruh\u00e9 b\u011bhem Bidenova prezidentstv\u00ed dostaly do kritick\u00e9ho bodu. T\u00edm lze vysv\u011btlit p\u0159\u00edm\u00fd dialog mezi rusk\u00fdm prezidentem Vladimirem Putinem a \u0159editelem CIA Williamem Burnsem, kter\u00fd ned\u00e1vno c\u00edlen\u011b p\u0159ijel do Moskvy. Takov\u00fd asymetrick\u00fd dialog se vede pouze v extr\u00e9mn\u00edch podm\u00ednk\u00e1ch.<\/p>\n<p>Jin\u00fdmi slovy, jsme na pokraji v\u00e1lky, kter\u00e1 m\u016f\u017ee za\u010d\u00edt v jedn\u00e9 ze t\u0159\u00ed z\u00f3n rostouc\u00ed eskalace.<\/p>\n<ul>\n<li>Na b\u011blorusko-polsk\u00e9 hranici,<\/li>\n<li>V Donbasu nebo<\/li>\n<li>V \u010cern\u00e9m mo\u0159i.<\/li>\n<\/ul>\n<p>Nebo mo\u017en\u00e1 ve t\u0159ech regionech najednou.<\/p>\n<p>V takov\u00e9 situaci je pom\u011brn\u011b snadn\u00e9 vyst\u0159elit jako prvn\u00ed: pr\u00e1vn\u00ed status rusk\u00e9ho Krymu nebo nez\u00e1visl\u00e9ho Donbasu, stejn\u011b jako uzn\u00e1n\u00ed nez\u00e1vislosti Ji\u017en\u00ed Osetie a Abch\u00e1zie, jsou v o\u010d\u00edch Ruska a Z\u00e1padu diametr\u00e1ln\u011b odli\u0161n\u00e9. To, co by Moskva vn\u00edmala jako akt p\u0159\u00edm\u00e9 agrese (a to jsou Putinovy &#8222;\u010derven\u00e9 linie&#8220;), m\u016f\u017ee pro Spojen\u00e9 st\u00e1ty a jejich spojence a satelity vypadat jako &#8222;legitimn\u00ed operace k obnoven\u00ed kontroly nad n\u00e1rodn\u00edmi \u00fazem\u00edmi&#8220; nebo akce k &#8222;prosazen\u00ed m\u00edrov\u00e9ho dikt\u00e1tora &#8220; (v p\u0159\u00edpad\u011b Luka\u0161enka a st\u00ednov\u00e9 b\u011blorusk\u00e9 opozice v osob\u011b Tichanovsk\u00e9).<\/p>\n<p>V\u00e1lka je pravd\u011bpodobn\u011bj\u0161\u00ed ne\u017e kdy jindy.<\/p>\n<p>Existuje v\u0161ak \u0159ada argument\u016f, kter\u00e9 d\u00e1vaj\u00ed nad\u011bji, \u017ee i tentokr\u00e1t se v\u0161e vr\u00e1t\u00ed do norm\u00e1lu a bude obnoven status quo.<\/p>\n<p>Nejv\u011bt\u0161\u00edm argumentem, pro\u010d k v\u00e1lce pravd\u011bpodobn\u011b nedojde, je to, \u017ee Biden k tomu nem\u00e1 \u017e\u00e1dn\u00fd mand\u00e1t. Jeho rating kles\u00e1, v\u0161ichni jsou s n\u00edm nespokojeni &#8211; nejen Trumpovi p\u0159\u00edznivci a republik\u00e1ni, ale i \u010dlenov\u00e9 a voli\u010di jeho vlastn\u00ed strany. Biden nem\u016f\u017ee nic d\u011blat. V\u0161echno mu pad\u00e1 z rukou, zapom\u00edn\u00e1 slova, zdrav\u00ed ducha, us\u00edn\u00e1, kde se d\u00e1. Zah\u00e1jit v\u00e1lku proti jadern\u00e9mu a vojensky i psychologicky dosti razantn\u00edmu Putinovu Rusku &#8211; by\u0165 \u010d\u00e1ste\u010dn\u011b ciz\u00edma rukama &#8211; vy\u017eaduje \u017eeleznou legitimitu. Ta mus\u00ed b\u00fdt ospravedlniteln\u00e1, proto\u017ee stav\u00ed cel\u00e9 lidstvo na pokraj zk\u00e1zy. Jadern\u00e9 zbran\u011b jsou jadern\u00e9 zbran\u011b. A zde je parita st\u00e1le bezpodm\u00edne\u010dn\u00e1.<\/p>\n<p>Nikdo na sv\u011bt\u011b nepochybuje o Putinov\u011b odhodl\u00e1n\u00ed h\u00e1jit svobodu a nez\u00e1vislost Ruska a\u017e do konce. A jen si to p\u0159edstavte: v takov\u00e9 situaci d\u011bde\u010dek, t\u00e9m\u011b\u0159 \u00fapln\u011b mimo, na\u0159\u00edd\u00ed: &#8222;Vp\u0159ed, do \u00fatoku! Za n\u00e1mi &#8230;&#8220; &#8230; a co je za n\u00e1mi? Soros, LGBT+, pr\u016fvody homosexu\u00e1l\u016f, nahrazen\u00ed lidstva um\u011blou inteligenc\u00ed, syst\u00e9m glob\u00e1ln\u00ed s\u00ed\u0165ov\u00e9 cenzury a sledov\u00e1n\u00ed, Zuckerberg mimo sebe, kter\u00fd v\u011b\u0159\u00ed, \u017ee u\u017e \u017eije ve sci-fi filmu &#8230; A kv\u016fli tomu je t\u0159eba bojovat s Putinem?<\/p>\n<p>Na druhou stranu to nen\u00ed jen n\u00e1zor Bidenova protivn\u00edka, oby\u010dejn\u00e9ho Ameri\u010dana, ale tak\u00e9 v\u011bt\u0161iny jeho p\u0159\u00edznivc\u016f. Snad s v\u00fdjimkou neokon\u016f, ale ti nejsou \u00fapln\u00ed maniaci a sebevrazi. Studuj\u00ed geopolitiku a (doufejme) dob\u0159e si uv\u011bdomuj\u00ed realitu skute\u010dn\u00e9 rovnov\u00e1hy sil.<\/p>\n<p>To znamen\u00e1, \u017ee tato eskalace perimetru nen\u00ed s nejv\u011bt\u0161\u00ed pravd\u011bpodobnost\u00ed nic jin\u00e9ho ne\u017e blaf \u010d\u00edslo 2.<\/p>\n<p>Pokud ano, pak bude limit zastra\u0161ov\u00e1n\u00ed Ruska po n\u00e1vratu situace k norm\u00e1lu vy\u010derp\u00e1n. Dvakr\u00e1t m\u00e1chnout a nikdy nezas\u00e1hnout znamen\u00e1 jedin\u00e9: agresor nen\u00ed v\u016fbec schopen zas\u00e1hnout. To znamen\u00e1, \u017ee to nen\u00ed agresor, ale stra\u0161\u00e1k.<\/p>\n<p>Zd\u00e1 se, \u017ee se nic ned\u011bje, v\u0161e je p\u0159i star\u00e9m, ozbrojen\u00e9 s\u00edly Ukrajiny se vr\u00e1t\u00ed do kas\u00e1ren, migranti se p\u0159es lesy dostanou do N\u011bmecka a americk\u00e9 v\u00e1le\u010dn\u00e9 lod\u011b se vydaj\u00ed na sv\u00e1 obvykl\u00e1 m\u00edsta nasazen\u00ed ve St\u0159edozemn\u00edm mo\u0159i, ale v\u0161e je \u00fapln\u011b jinak. Od t\u00e9to chv\u00edle si o Bidena m\u016f\u017eete jednodu\u0161e ot\u0159\u00edt nohy jako o roho\u017eku. Je nezodpov\u011bdn\u00fd, ten uboh\u00fd star\u00fd blbec. Mo\u017en\u00e1 dokonce um\u0159e hanbou. Kamala Harrisov\u00e1, do n\u00ed\u017e globalist\u00e9 vkl\u00e1dali tolik nad\u011bj\u00ed, mo\u017en\u00e1 tak\u00e9 zmiz\u00ed, proto\u017ee se uk\u00e1zalo, \u017ee je to jen hlupa\u010dka a v\u0161ichni se od n\u00ed odvr\u00e1tili.<\/p>\n<p>Ale p\u0159esto, kdy\u017e se situace tak prudce vyhrot\u00ed, nem\u016f\u017eeme si b\u00fdt zcela jisti, \u017ee se nic nestane. Proto je t\u0159eba br\u00e1t pravd\u011bpodobnost v\u00e1lky v\u00e1\u017en\u011b. Rusk\u00e9 veden\u00ed &#8211; Putin, \u0160ojgu, Lavrov &#8211; to v\u0161ak d\u00e1v\u00e1 najevo. Proto na\u0161e symetrick\u00e1 cvi\u010den\u00ed, ostr\u00e1 reakce na provokace ozbrojen\u00fdch sil USA v bl\u00edzkosti na\u0161ich hranic a agresivn\u00ed gesta Kyjeva. Rusko je p\u0159ipraveno na v\u00e1lku. Je jasn\u00e9, \u017ee ud\u011bl\u00e1 v\u0161e pro to, aby se j\u00ed vyhnulo, ale pokud budou tyt\u00e9\u017e \u010derven\u00e9 linie p\u0159ekro\u010deny, Rusko situaci p\u0159ijme state\u010dn\u011b a d\u016fstojn\u011b.<\/p>\n<p>A zde je jeden velmi zaj\u00edmav\u00fd rozd\u00edl: Putin m\u00e1 mand\u00e1t k obrann\u00e9mu boji. Vlasteneck\u00e9 n\u00e1lady v rusk\u00e9 spole\u010dnosti jsou ji\u017e nyn\u00ed nesm\u00edrn\u011b vysok\u00e9 a po prvn\u00edm v\u00fdst\u0159elu (nedej bo\u017ee, aby zazn\u011bl) vystoupaj\u00ed do nebes. A Putin m\u00e1 ve vnit\u0159n\u00ed politice plnou legitimitu. A my douf\u00e1me, \u017ee technologick\u00fd potenci\u00e1l rusk\u00e9 arm\u00e1dy bude sta\u010dit (i kdy\u017e nikdo nev\u00ed, jak je na tom ve skute\u010dnosti v\u0161e v oblasti v\u00fdzbroje a nov\u00fdch vojensk\u00fdch technologi\u00ed, a pokud ano, pak je to st\u00e1tn\u00ed tajemstv\u00ed, proto h\u00e1dat, zda jsme p\u0159ipraveni na plnohodnotnou v\u00e1lku, nebo ne, &#8211; nem\u00e1 smysl &#8211; zd\u00e1 se, \u017ee p\u0159ipraveni jsou).<\/p>\n<p>Shrneme-li to, Rusko m\u00e1 v t\u00e9to eskalaci lep\u0161\u00ed v\u00fdchoz\u00ed pozici ne\u017e Spojen\u00e9 st\u00e1ty. V p\u0159\u00edpad\u011b p\u0159\u00edm\u00e9ho konfliktu m\u00e1 nav\u00edc Moskva \u0161anci kvalitativn\u011b zlep\u0161it sv\u00e9 geopolitick\u00e9 postaven\u00ed jedn\u00edm tahem &#8211; a to ve v\u0161ech t\u0159ech sm\u011brech.<\/p>\n<p>V kritick\u00e9 situaci<\/p>\n<ul>\n<li>Sjednocen\u00ed s B\u011bloruskem prob\u011bhne rychle,<\/li>\n<li>Novorossie (od Od\u011bsy po Charkov) bude kone\u010dn\u011b osvobozena a pak budou existovat dv\u011b Ukrajiny, z nich\u017e jedna bude platit za v\u0161echno &#8211; od Majdanu po trestn\u00e9 v\u00fdpravy,<\/li>\n<li>V Gruzii se s Bo\u017e\u00ed pomoc\u00ed pos\u00edl\u00ed n\u00e1rodn\u011b neutr\u00e1ln\u00ed re\u017eim, s n\u00edm\u017e bude mo\u017en\u00e9 pozitivn\u011b rozv\u00edjet vztahy.<\/li>\n<\/ul>\n<p>Ano, na cen\u011b z\u00e1le\u017e\u00ed. Ale za v\u0161echny velk\u00e9 v\u011bci se plat\u00ed krv\u00ed.<\/p>\n<p>A co dostanou USA? Rusy nelze p\u0159\u00edmo zab\u00edjet. Putin\u016fv postoj je naprosto pevn\u00fd. Nikdo se zdrav\u00fdm rozumem nem\u016f\u017ee po\u010d\u00edtat s p\u0159\u00edm\u00fdm obsazen\u00edm Ruska &#8211; a u\u017e v\u016fbec ne na z\u00e1klad\u011b neschopn\u00e9ho z\u00e1stupce v podob\u011b Ukrajiny.<\/p>\n<p>To znamen\u00e1 jedn\u00edm slovem: \u017e\u00e1dn\u00e1 v\u00e1lka nebude. U\u017e se nebude opakovat. Pro Moskvu je to samoz\u0159ejm\u011b ji\u017e v\u00edt\u011bzstv\u00ed. Ale ne jako skute\u010dn\u00e9 v\u00edt\u011bzstv\u00ed&#8230;<\/p>\n<p>Alexandr Dugin<\/p>\n<div class=\"podcarou\">\n<p><a href=\"https:\/\/katehon.com\/en\/article\/if-tomorrow-there-no-war\" target=\"_blank\" rel=\"external noopener\">But If Tomorrow There is No War?<\/a> vy\u0161el 16.11.2021 na katehon.com. P\u0159eklad Zv\u011bdavec.<\/p>\n<\/div>\n<\/section>\n<p>P\u0159evzato:\u00a0<a href=\"http:\/\/www.zvedavec.org\/komentare\/2021\/11\/8922-ale-kdyz-zitra-nebude-valka.htm\">Zvedavec.org<\/a><\/p>\n<p>&nbsp;<\/p>\n","protected":false},"excerpt":{"rendered":"<p>Vojensk\u00e1 cvi\u010den\u00ed NATO v \u010cern\u00e9m mo\u0159i a vplut\u00ed v\u00e1le\u010dn\u00fdch lod\u00ed \u0161est\u00e9 flotily USA do p\u0159\u00edstavu&#8230;<\/p>\n","protected":false},"author":2,"featured_media":1632,"comment_status":"closed","ping_status":"closed","sticky":false,"template":"","format":"standard","meta":[],"categories":[7],"tags":[22,37,40],"_links":{"self":[{"href":"https:\/\/www.infokuryr.cz\/n\/wp-json\/wp\/v2\/posts\/6228"}],"collection":[{"href":"https:\/\/www.infokuryr.cz\/n\/wp-json\/wp\/v2\/posts"}],"about":[{"href":"https:\/\/www.infokuryr.cz\/n\/wp-json\/wp\/v2\/types\/post"}],"author":[{"embeddable":true,"href":"https:\/\/www.infokuryr.cz\/n\/wp-json\/wp\/v2\/users\/2"}],"replies":[{"embeddable":true,"href":"https:\/\/www.infokuryr.cz\/n\/wp-json\/wp\/v2\/comments?post=6228"}],"version-history":[{"count":0,"href":"https:\/\/www.infokuryr.cz\/n\/wp-json\/wp\/v2\/posts\/6228\/revisions"}],"wp:featuredmedia":[{"embeddable":true,"href":"https:\/\/www.infokuryr.cz\/n\/wp-json\/wp\/v2\/media\/1632"}],"wp:attachment":[{"href":"https:\/\/www.infokuryr.cz\/n\/wp-json\/wp\/v2\/media?parent=6228"}],"wp:term":[{"taxonomy":"category","embeddable":true,"href":"https:\/\/www.infokuryr.cz\/n\/wp-json\/wp\/v2\/categories?post=6228"},{"taxonomy":"post_tag","embeddable":true,"href":"https:\/\/www.infokuryr.cz\/n\/wp-json\/wp\/v2\/tags?post=6228"}],"curies":[{"name":"wp","href":"https:\/\/api.w.org\/{rel}","templated":true}]}}