{"id":6221,"date":"2021-11-17T04:02:06","date_gmt":"2021-11-17T03:02:06","guid":{"rendered":"http:\/\/www.infokuryr.cz\/n\/?p=6221"},"modified":"2021-11-17T04:02:06","modified_gmt":"2021-11-17T03:02:06","slug":"jsme-s-vami-madarsky-ministr-zahranici-polakum","status":"publish","type":"post","link":"https:\/\/www.infokuryr.cz\/n\/2021\/11\/17\/jsme-s-vami-madarsky-ministr-zahranici-polakum\/","title":{"rendered":"Jsme s V\u00e1mi! Ma\u010farsk\u00fd ministr zahrani\u010d\u00ed Pol\u00e1k\u016fm"},"content":{"rendered":"<div id=\"fb-root\"><\/div>\n<p>&#8222;Jsme s v\u00e1mi! Bra\u0148te sv\u00e9 domy, bra\u0148te Evropu! Nevzru\u0161ujte se l\u017eemi!&#8220; podpo\u0159il ma\u010farsk\u00fd ministr zahrani\u010d\u00ed P\u00e9ter Szijj\u00e1rt\u00f3 Pol\u00e1ky v obran\u011b proti imigrantsk\u00fdm n\u00e1siln\u00edk\u016fm a vandal\u016fm. P\u0159ipomn\u011bl, \u017ee Ma\u010farsko bylo v podobn\u00e9 situaci v roce 2015, a taky o n\u011bm mainstreamov\u00e1 m\u00e9dia a europut\u00e1ti lhali vyd\u00e1vaj\u00edc ma\u010farsk\u00e9 policisty za n\u00e1siln\u00edky a ciz\u00e1ck\u00e9 agresory za ob\u011bti.<\/p>\n<h2><span style=\"font-size: 14pt;\">Imigranti brut\u00e1ln\u011b za\u00fato\u010dili na polsk\u00e9 pohrani\u010dn\u00edky<\/span><\/h2>\n<p>S pros\u00edkem rozhodn\u011b nep\u0159i\u0161li. Na b\u011blorusko-polsk\u00e9m hrani\u010dn\u00edm p\u0159echodu imigranti brut\u00e1ln\u011b za\u00fato\u010dili na polsk\u00e9 pohrani\u010dn\u00edky. Napadli je kameny, praky, dla\u017eebkami a dal\u0161\u00edmi p\u0159edm\u011bty\u00a0 a ohlu\u0161uj\u00edc\u00edmi gran\u00e1ty, jednoho t\u011b\u017ece zranili &#8211; zlomenina lebe\u010dn\u00ed kosti. Pol\u0161t\u00ed pohrani\u010dn\u00edci byli nuceni odpov\u011bd\u011bt vodn\u00edmi d\u011bly, slzn\u00fdm plynem a rovn\u011b\u017e ohlu\u0161uj\u00edc\u00edmi gran\u00e1ty.<\/p>\n<p>Jakkoli dne\u0161n\u00ed agresi na b\u011blorusko-polsk\u00e9 hranici horliv\u011b rozeb\u00edraj\u00ed m\u00e9dia sv\u00fdm pohledem na Z\u00e1pad\u011b i na V\u00fdchod\u011b, \u010cesko, z jejich pohledu &#8211; kousek od m\u00edsta d\u011bn\u00ed, to kuri\u00f3zn\u011b &#8211; ne\u0159e\u0161\u00ed. Zvl\u00e1\u0161tn\u00ed, ba bizarn\u00ed pohled&#8230;<\/p>\n<p><a href=\"https:\/\/wpolityce.pl\/polityka\/574209-relacja-migranci-przypuscili-szturm-na-polska-granice\">ZDROJ<\/a><\/p>\n<p>&nbsp;<\/p>\n","protected":false},"excerpt":{"rendered":"<p>&#8222;Jsme s v\u00e1mi! Bra\u0148te sv\u00e9 domy, bra\u0148te Evropu! Nevzru\u0161ujte se l\u017eemi!&#8220; podpo\u0159il ma\u010farsk\u00fd ministr zahrani\u010d\u00ed&#8230;<\/p>\n","protected":false},"author":2,"featured_media":4006,"comment_status":"closed","ping_status":"closed","sticky":false,"template":"","format":"standard","meta":[],"categories":[7],"tags":[119,78,31],"_links":{"self":[{"href":"https:\/\/www.infokuryr.cz\/n\/wp-json\/wp\/v2\/posts\/6221"}],"collection":[{"href":"https:\/\/www.infokuryr.cz\/n\/wp-json\/wp\/v2\/posts"}],"about":[{"href":"https:\/\/www.infokuryr.cz\/n\/wp-json\/wp\/v2\/types\/post"}],"author":[{"embeddable":true,"href":"https:\/\/www.infokuryr.cz\/n\/wp-json\/wp\/v2\/users\/2"}],"replies":[{"embeddable":true,"href":"https:\/\/www.infokuryr.cz\/n\/wp-json\/wp\/v2\/comments?post=6221"}],"version-history":[{"count":0,"href":"https:\/\/www.infokuryr.cz\/n\/wp-json\/wp\/v2\/posts\/6221\/revisions"}],"wp:featuredmedia":[{"embeddable":true,"href":"https:\/\/www.infokuryr.cz\/n\/wp-json\/wp\/v2\/media\/4006"}],"wp:attachment":[{"href":"https:\/\/www.infokuryr.cz\/n\/wp-json\/wp\/v2\/media?parent=6221"}],"wp:term":[{"taxonomy":"category","embeddable":true,"href":"https:\/\/www.infokuryr.cz\/n\/wp-json\/wp\/v2\/categories?post=6221"},{"taxonomy":"post_tag","embeddable":true,"href":"https:\/\/www.infokuryr.cz\/n\/wp-json\/wp\/v2\/tags?post=6221"}],"curies":[{"name":"wp","href":"https:\/\/api.w.org\/{rel}","templated":true}]}}