{"id":62186,"date":"2024-09-15T00:36:38","date_gmt":"2024-09-14T22:36:38","guid":{"rendered":"https:\/\/www.infokuryr.cz\/n\/?p=62186"},"modified":"2024-09-14T15:59:33","modified_gmt":"2024-09-14T13:59:33","slug":"pripravte-se-na-dalsi-masove-vlny-ekonomickych-imigrantu-z-ukrajiny","status":"publish","type":"post","link":"https:\/\/www.infokuryr.cz\/n\/2024\/09\/15\/pripravte-se-na-dalsi-masove-vlny-ekonomickych-imigrantu-z-ukrajiny\/","title":{"rendered":"P\u0159ipravte se na dal\u0161\u00ed masov\u00e9 vlny ekonomick\u00fdch imigrant\u016f z Ukrajiny"},"content":{"rendered":"<div id=\"fb-root\"><\/div>\n<h2 class=\"entry-title\">Fantastick\u00e9 \u010dl\u00e1nky o \u00fadajn\u00e9m ekonomick\u00e9m p\u0159\u00ednosu Ukrajinc\u016f nejsou n\u00e1hoda<\/h2>\n<p>V posledn\u00edch m\u011bs\u00edc\u00edch jsme konfrontov\u00e1ni s neuv\u011b\u0159iteln\u00fdmi \u010dl\u00e1nky <a href=\"https:\/\/ct24.ceskatelevize.cz\/clanek\/domaci\/ukrajinsti-uprchlici-do-statni-kasy-prispeji-vic-nez-kolik-z-ni-dostanou-348443\">o \u201ep\u0159\u00ednosu Ukrajinc\u016f\u201c do \u010desk\u00e9ho soci\u00e1ln\u00edho syst\u00e9mu.<\/a>\u00a0<strong>Jak je to mo\u017en\u00e9, je opravdu z\u00e1hadou? Nic na tom nem\u011bn\u00ed ani \u201eofici\u00e1ln\u00ed\u201c\u00a0<a href=\"https:\/\/ct24.ceskatelevize.cz\/clanek\/domaci\/ukrajinsti-uprchlici-do-statni-kasy-prispeji-vic-nez-kolik-z-ni-dostanou-348443\">\u010d\u00edsla, v\u011b\u0159it jim m\u016f\u017ee jen hlup\u00e1k<\/a>. V\u011bt\u0161ina z nich d\u011bl\u00e1 nejm\u00e9n\u011b placen\u00e9 pr\u00e1ce a tedy jejich p\u0159\u00edsp\u011bvek do soci\u00e1ln\u00edho syst\u00e9mu je velmi mal\u00fd, nebo pracuje na \u010derno a bere d\u00e1vky a velk\u00e1 \u010d\u00e1st z nich nepracuje a \u010desk\u00fd soci\u00e1ln\u00ed syst\u00e9m naopak nadm\u011brn\u011b zat\u011b\u017euje. To p\u0159ece ned\u00e1v\u00e1 \u017e\u00e1dn\u00fd smysl, \u017ee?!<\/strong><\/p>\n<p>B\u011b\u017en\u00fd \u010cech je ka\u017ed\u00fd den konfrontov\u00e1n s opa\u010dnou realitou a sta\u010d\u00ed, aby se cht\u011bl objednat k l\u00e9ka\u0159i, nebo se zeptat sv\u00fdch d\u011bt\u00ed ve st\u00e1tn\u00edch \u0161kol\u00e1ch\u2026. Sou\u010dasn\u011b s t\u00edm s<strong>ly\u0161\u00edme u\u017e i z ofici\u00e1ln\u00edch medi\u00ed, jak se situace na front\u011b neda\u0159\u00ed a \u017ee by tak\u00e9 mohlo doj\u00edt ke kolapsu ukrajinsk\u00fdch jednotek<\/strong>. Nic na tom nem\u011bn\u00ed ani u\u017e de facto zapojen\u00ed zahrani\u010dn\u00edch jednotek do boj\u016f proti rusk\u00e9 arm\u00e1d\u011b.<\/p>\n<p>Co z toho plyne? J<strong>edn\u00e1 se o zjevnou medi\u00e1ln\u00ed p\u0159\u00edpravu na dal\u0161\u00ed a je\u0161t\u011b v\u011bt\u0161\u00ed p\u0159\u00ednos ukrajinsk\u00fdch uprchl\u00edk\u016f, protagonist\u016f re\u017eimu, voj\u00e1k\u016f a velitel\u016f neonacistick\u00fdch prapor\u016f a jejich rodin.<\/strong><\/p>\n<p><strong>Co to pro v\u00e1s bude znamenat? Dal\u0161\u00ed v\u00fdrazn\u00e9 zhor\u0161en\u00ed ekonomick\u00e9 situace, zdravotnictv\u00ed a \u0161kolstv\u00ed a i bezpe\u010dnosti. V medi\u00edch se ale pojede vlna soucitu s ukrajinsk\u00fdmi \u201el\u00e9ka\u0159i a d\u011btmi\u201c.\u00a0<\/strong>Nech\u00e1me si to l\u00edbit do nekone\u010dna? P<strong>robl\u00e9m nejsou Ukrajinci, ti jsou jen n\u00e1stroj rozvratu \u010desk\u00e9 spole\u010dnosti, vinu nesou sou\u010dasn\u00e9 politick\u00e9 \u201eelity\u201c a jejich ciz\u00ed p\u00e1ni, kter\u00fdm slou\u017e\u00ed!<\/strong><\/p>\n<p><a href=\"https:\/\/ceskavec.com\/2024\/09\/pripravte-se-na-dalsi-masove-vlny-ekonomickych-imigrantu-z-ukrajiny-fantasticke-clanky-o-udajnem-ekonomickem-prinosu-ukrajincu-nejsou-nahoda\">Aron G.<\/a><\/p>\n<p>&nbsp;<\/p>\n","protected":false},"excerpt":{"rendered":"<p>Fantastick\u00e9 \u010dl\u00e1nky o \u00fadajn\u00e9m ekonomick\u00e9m p\u0159\u00ednosu Ukrajinc\u016f nejsou n\u00e1hoda V posledn\u00edch m\u011bs\u00edc\u00edch jsme konfrontov\u00e1ni s&#8230;<\/p>\n","protected":false},"author":2,"featured_media":46671,"comment_status":"closed","ping_status":"closed","sticky":false,"template":"","format":"standard","meta":[],"categories":[6],"tags":[506,119,158,1635],"_links":{"self":[{"href":"https:\/\/www.infokuryr.cz\/n\/wp-json\/wp\/v2\/posts\/62186"}],"collection":[{"href":"https:\/\/www.infokuryr.cz\/n\/wp-json\/wp\/v2\/posts"}],"about":[{"href":"https:\/\/www.infokuryr.cz\/n\/wp-json\/wp\/v2\/types\/post"}],"author":[{"embeddable":true,"href":"https:\/\/www.infokuryr.cz\/n\/wp-json\/wp\/v2\/users\/2"}],"replies":[{"embeddable":true,"href":"https:\/\/www.infokuryr.cz\/n\/wp-json\/wp\/v2\/comments?post=62186"}],"version-history":[{"count":0,"href":"https:\/\/www.infokuryr.cz\/n\/wp-json\/wp\/v2\/posts\/62186\/revisions"}],"wp:featuredmedia":[{"embeddable":true,"href":"https:\/\/www.infokuryr.cz\/n\/wp-json\/wp\/v2\/media\/46671"}],"wp:attachment":[{"href":"https:\/\/www.infokuryr.cz\/n\/wp-json\/wp\/v2\/media?parent=62186"}],"wp:term":[{"taxonomy":"category","embeddable":true,"href":"https:\/\/www.infokuryr.cz\/n\/wp-json\/wp\/v2\/categories?post=62186"},{"taxonomy":"post_tag","embeddable":true,"href":"https:\/\/www.infokuryr.cz\/n\/wp-json\/wp\/v2\/tags?post=62186"}],"curies":[{"name":"wp","href":"https:\/\/api.w.org\/{rel}","templated":true}]}}