{"id":62183,"date":"2024-09-15T00:33:37","date_gmt":"2024-09-14T22:33:37","guid":{"rendered":"https:\/\/www.infokuryr.cz\/n\/?p=62183"},"modified":"2024-09-14T15:53:59","modified_gmt":"2024-09-14T13:53:59","slug":"chci-komplexne-resit-spravedlivy-a-efektivni-socialni-system-rika-ivana-turkova-pro","status":"publish","type":"post","link":"https:\/\/www.infokuryr.cz\/n\/2024\/09\/15\/chci-komplexne-resit-spravedlivy-a-efektivni-socialni-system-rika-ivana-turkova-pro\/","title":{"rendered":"Chci komplexn\u011b \u0159e\u0161it spravedliv\u00fd a efektivn\u00ed soci\u00e1ln\u00ed syst\u00e9m, \u0159\u00edk\u00e1 Ivana Turkov\u00e1 (PRO)"},"content":{"rendered":"<div id=\"fb-root\"><\/div>\n<p><strong>Strana PRO v koalici s SPD a Trikolorou zah\u00e1jila svou volebn\u00ed kampa\u0148 do Krajsk\u00fdch \u00fa\u0159ad\u016f s d\u016frazem na nutnost zm\u011bnit syst\u00e9m soci\u00e1ln\u00edch d\u00e1vek. Ivana Turkov\u00e1 l\u00eddryn\u011b strany PRO p\u0159edstavila hlavn\u00ed body, kter\u00fdch by se zm\u011bny m\u011bly t\u00fdkat. \u017de to budou pro n\u011bkter\u00e9 lidi a nav\u00e1zan\u00e9 neziskov\u00e9 organizace zm\u011bny nepopul\u00e1rn\u00ed, bude z\u0159ejm\u00e9. Turkov\u00e1 bude cht\u00edt vyu\u017e\u00edt z\u00e1konod\u00e1rnou iniciativu Zastupitelstva kraje a p\u0159edkl\u00e1dat Poslaneck\u00e9 sn\u011bmovn\u011b n\u00e1vrhy zm\u011bn p\u0159\u00edslu\u0161n\u00fdch z\u00e1kon\u016f.<\/strong><\/p>\n<p>\u201eHistoricky \u017eijeme v kraji s vysok\u00fdm po\u010dtem tzv. vylou\u010den\u00fdch lokalit. N\u00e1\u0161 region byl dlouho opom\u00edjen a dnes u\u017e nesta\u010d\u00ed pouh\u00e9 konstatov\u00e1n\u00ed, \u017ee je zde situace neudr\u017eiteln\u00e1. Nesta\u010d\u00ed jen konstatovat, ale je t\u0159eba konat. Nesn\u00e1\u0161\u00edm dvoj\u00ed metr, n\u011bkter\u00fdm skupin\u00e1m ob\u010dan\u016f mus\u00ed skon\u010dit \u010dasy nekone\u010dn\u00fdch n\u00e1rok\u016f a \u017e\u00e1dn\u00fdch povinnost\u00ed. Sou\u010dasn\u00fd syst\u00e9m soci\u00e1ln\u00edch d\u00e1vek je administrativn\u011b n\u00e1ro\u010dn\u00fd, komplikovan\u00fd, a k n\u011bkter\u00fdm skupin\u00e1m a\u017e p\u0159\u00edli\u0161 \u0161t\u011bdr\u00fd. Pokud je v sou\u010dasn\u00e9m syst\u00e9mu soci\u00e1ln\u00edch d\u00e1vek jak\u00e9si opat\u0159en\u00ed proti zneu\u017e\u00edv\u00e1n\u00ed, z m\u00e9ho pohledu je zcela nefunk\u010dn\u00ed a n\u011bkte\u0159\u00ed lid\u00e9 ho dok\u00e1\u017e\u00ed z\u00e1m\u011brn\u011b ji\u017e n\u011bkolik let bravurn\u011b obch\u00e1zet. Je pot\u0159eba tento syst\u00e9m soci\u00e1ln\u00edch d\u00e1vek nastavit tak, aby pro ka\u017ed\u00e9ho, kdo jej bude v t\u00ed\u017eiv\u00e9 \u017eivotn\u00ed situaci pot\u0159ebovat, byl transparentn\u00ed, srozumiteln\u00fd a n\u00e1pomocn\u00fd. Chceme, aby soci\u00e1ln\u00ed d\u00e1vky lidem pom\u00e1haly a ne aby byly zneu\u017e\u00edv\u00e1ny. \u010cist\u00fd p\u0159\u00edjem z pr\u00e1ce nebo podnik\u00e1n\u00ed mus\u00ed b\u00fdt v\u017edy vy\u0161\u0161\u00ed ne\u017e soci\u00e1ln\u00ed d\u00e1vky. Chceme, aby v\u00fdplata lidi motivovala k pr\u00e1ci, aby si podnikatel\u00e9 vyd\u011blali\u201c \u0159\u00edk\u00e1 Ivana Turkov\u00e1.<\/p>\n<p>Podpora a soci\u00e1ln\u00ed pomoc mus\u00ed sm\u011b\u0159ovat p\u0159edev\u0161\u00edm k rodin\u00e1m aktivn\u011b pracuj\u00edc\u00edch \u010di studuj\u00edc\u00edch lid\u00ed, k hendikepovan\u00fdm a tak\u00e9 k na\u0161im senior\u016fm.<\/p>\n<p>Vzhledem k nep\u0159\u00edzniv\u00e9mu trendu sni\u017eov\u00e1n\u00ed porodnosti klade strana PRO dlouhodob\u011b zv\u00fd\u0161enou pozornost na podporu pracuj\u00edc\u00edch v\u00edce\u010detn\u00fdch rodin. V pl\u00e1nu je v\u00fdrazn\u011b zv\u00fdhodnit rodiny s d\u011btmi v da\u0148ov\u00e9m a soci\u00e1ln\u00edm syst\u00e9mu, aby byla v\u00edce podpo\u0159ena porodnost. Z\u00e1rove\u0148 mus\u00ed b\u00fdt pe\u010dliv\u011b vy\u0159e\u0161eno to, aby d\u00edt\u011b neslou\u017eilo jako zdroj ob\u017eivy. V\u011bt\u0161ina podpory m\u00e1 b\u00fdt nav\u00e1z\u00e1na na ekonomickou aktivitu rodi\u010d\u016f.<\/p>\n<p>\u201eChceme zjednodu\u0161it syst\u00e9m soci\u00e1ln\u00edch d\u00e1vek sn\u00ed\u017een\u00edm jejich po\u010dtu. Reforma po\u010d\u00edt\u00e1 tak\u00e9 s p\u0159\u00edsn\u011bj\u0161\u00edm opat\u0159en\u00edm proti zneu\u017e\u00edv\u00e1n\u00ed d\u00e1vek. Pro zaji\u0161t\u011bn\u00ed stability syst\u00e9mu pl\u00e1nujeme zav\u00e9st automatickou valorizaci v\u0161ech vypl\u00e1cen\u00fdch d\u00e1vek na stejn\u00e9m principu, jako u vypl\u00e1cen\u00fdch d\u016fchod\u016f, stejn\u011b jako zaveden\u00ed ur\u010dit\u00e9ho prvku z\u00e1sluhovosti, proto\u017ee jsme p\u0159esv\u011bd\u010deni, \u017ee nen\u00ed spr\u00e1vn\u00e9, aby \u010dlov\u011bk, kter\u00fd 30 let odv\u00e1d\u011bl do syst\u00e9mu dan\u011b, st\u00e1l stejnou frontu s t\u011bmi, kte\u0159\u00ed nikdy do syst\u00e9mu nep\u0159isp\u011bli ani jednou korunou. Nakonec chceme vr\u00e1tit administraci a v\u00fdplatu soci\u00e1ln\u00edch d\u00e1vek zp\u011bt na soci\u00e1ln\u00ed odbory m\u011bst a obc\u00ed.\u201c \u0158\u00edk\u00e1 sebejist\u011b a s nad\u0161en\u00edm Turkov\u00e1.<\/p>\n<div class=\"post-sda\">\n<div id=\"sssp_ad_9568_422\" class=\"sssp-seznam-ad  sssp-seznam-ad-center sssp-seznam-ad-desktop\" data-szn-ssp-ad-type=\"other\">\n<div id=\"sssp_ad_310416_358\" class=\"adFull\" data-szn-ssp-ad=\"{&quot;zoneId&quot;: 310416, &quot;width&quot;: 728, &quot;height&quot;: 90}\">\n<div class=\"sssp-posCont\"><\/div>\n<\/div>\n<\/div>\n<\/div>\n<p>Podle Turkov\u00e9 reforma rozhodn\u011b nezapom\u00edn\u00e1 ani na osoby se zdravotn\u00edm posti\u017een\u00edm a seniory. Podporuje osoby se zdravotn\u00edm posti\u017een\u00edm vy\u0161\u0161\u00edmi da\u0148ov\u00fdmi \u00falevami pro zam\u011bstnavatele. Pro seniory roz\u0161i\u0159uje nab\u00eddku slu\u017eeb tak, aby jejich \u017eivot byl pestr\u00fd, a aby poskytoval mo\u017enost setrvat co nejd\u00e9le ve sv\u00e9m zn\u00e1m\u00e9m a d\u016fv\u011brn\u00e9m prost\u0159ed\u00ed domova. Nab\u00eddka slu\u017eeb se mus\u00ed co nejv\u00edce p\u0159ibl\u00ed\u017e\u00ed skute\u010dn\u00fdm pot\u0159eb\u00e1m.<\/p>\n<p>Zvl\u00e1\u0161tn\u00ed pozornost bude v\u011bnov\u00e1na tomuto problematick\u00e9mu regionu i s ohledem na nejvy\u0161\u0161\u00ed nezam\u011bstnanost a po\u010det vylou\u010den\u00fdch lokalit v \u010cR.<\/p>\n<p>\u201eNavrhujeme zastavit p\u0159\u00edliv nov\u00fdch p\u0159\u00edjemc\u016f d\u00e1vek do regionu, kde je jejich po\u010det nadpr\u016fm\u011brn\u00fd, dvojn\u00e1sobn\u011b p\u0159evy\u0161uj\u00edc\u00ed republikov\u00fd pr\u016fm\u011br. Z\u00e1rove\u0148 chceme pos\u00edlit po\u010det kvalifikovan\u00fdch soci\u00e1ln\u00edch pracovn\u00edk\u016f, kte\u0159\u00ed budou zaji\u0161\u0165ovat efektivn\u011bj\u0161\u00ed kontrolu dlouhodob\u011b nezam\u011bstnan\u00fdch. Ve spolupr\u00e1ci s MPSV chceme vyzkou\u0161et N\u00c1\u0160 PILOTN\u00cd projekt zam\u011b\u0159en\u00fd na dlouhodob\u011b nezam\u011bstnan\u00e9 ve snaze pomoci t\u011bmto lidem s obnovou sv\u00fdch pracovn\u00edch n\u00e1vyk\u016f a jejich zp\u011btn\u00e9 zapojen\u00ed do pracovn\u00edho procesu, v\u010detn\u011b toho, \u017ee podpo\u0159\u00edme vznik soci\u00e1ln\u00edch podnik\u016f tak, aby bylo mo\u017en\u00e9 tento projekt okam\u017eit\u011b realizovat.\u201c zd\u016fraznila Ivana Turkov\u00e1<\/p>\n<p>\u201eJsem p\u0159esv\u011bd\u010dena, \u017ee tyto zm\u011bny povedou k vytvo\u0159en\u00ed spravedliv\u00e9ho a efektivn\u00edho syst\u00e9mu soci\u00e1ln\u00edch d\u00e1vek, kter\u00fd bude motivovat k pr\u00e1ci, podporovat rodiny, seniory \u010di hendikepovan\u00e9 a poskytovat pot\u0159ebnou a c\u00edlenou pomoc t\u011bm, kte\u0159\u00ed ji skute\u010dn\u011b pot\u0159ebuj\u00ed. Chci v\u00fdrazn\u00fdm zp\u016fsobem, nikoliv kosmetick\u00fdmi \u00fapravami pomoci tomuto kraji a na V\u00e1s voli\u010d\u00edch je, zda to budu moci realizovat. V\u011b\u0159\u00edm, \u017ee to spole\u010dn\u011b s va\u0161\u00ed podporou to dok\u00e1\u017eeme.\u201c \u0159\u00edk\u00e1 Turkov\u00e1<\/p>\n<p><img decoding=\"async\" loading=\"lazy\" class=\"alignnone size-full wp-image-1185\" src=\"http:\/\/www.infokuryr.cz\/n\/wp-content\/uploads\/2021\/04\/kuryr-podpis.png\" alt=\"\" width=\"84\" height=\"24\" \/><\/p>\n<p><a href=\"https:\/\/stranapro.cz\/\"><img decoding=\"async\" loading=\"lazy\" class=\"wp-image-40286 aligncenter\" src=\"http:\/\/www.infokuryr.cz\/n\/wp-content\/uploads\/2023\/11\/12pro-300x87.png\" alt=\"\" width=\"893\" height=\"259\" srcset=\"https:\/\/www.infokuryr.cz\/n\/wp-content\/uploads\/2023\/11\/12pro-300x87.png 300w, https:\/\/www.infokuryr.cz\/n\/wp-content\/uploads\/2023\/11\/12pro.png 366w\" sizes=\"(max-width: 893px) 100vw, 893px\" \/><\/a><\/p>\n<p>&nbsp;<\/p>\n<p>&nbsp;<\/p>\n","protected":false},"excerpt":{"rendered":"<p>Strana PRO v koalici s SPD a Trikolorou zah\u00e1jila svou volebn\u00ed kampa\u0148 do Krajsk\u00fdch \u00fa\u0159ad\u016f&#8230;<\/p>\n","protected":false},"author":2,"featured_media":62184,"comment_status":"closed","ping_status":"closed","sticky":false,"template":"","format":"standard","meta":[],"categories":[6],"tags":[6965,1125,27],"_links":{"self":[{"href":"https:\/\/www.infokuryr.cz\/n\/wp-json\/wp\/v2\/posts\/62183"}],"collection":[{"href":"https:\/\/www.infokuryr.cz\/n\/wp-json\/wp\/v2\/posts"}],"about":[{"href":"https:\/\/www.infokuryr.cz\/n\/wp-json\/wp\/v2\/types\/post"}],"author":[{"embeddable":true,"href":"https:\/\/www.infokuryr.cz\/n\/wp-json\/wp\/v2\/users\/2"}],"replies":[{"embeddable":true,"href":"https:\/\/www.infokuryr.cz\/n\/wp-json\/wp\/v2\/comments?post=62183"}],"version-history":[{"count":1,"href":"https:\/\/www.infokuryr.cz\/n\/wp-json\/wp\/v2\/posts\/62183\/revisions"}],"predecessor-version":[{"id":62185,"href":"https:\/\/www.infokuryr.cz\/n\/wp-json\/wp\/v2\/posts\/62183\/revisions\/62185"}],"wp:featuredmedia":[{"embeddable":true,"href":"https:\/\/www.infokuryr.cz\/n\/wp-json\/wp\/v2\/media\/62184"}],"wp:attachment":[{"href":"https:\/\/www.infokuryr.cz\/n\/wp-json\/wp\/v2\/media?parent=62183"}],"wp:term":[{"taxonomy":"category","embeddable":true,"href":"https:\/\/www.infokuryr.cz\/n\/wp-json\/wp\/v2\/categories?post=62183"},{"taxonomy":"post_tag","embeddable":true,"href":"https:\/\/www.infokuryr.cz\/n\/wp-json\/wp\/v2\/tags?post=62183"}],"curies":[{"name":"wp","href":"https:\/\/api.w.org\/{rel}","templated":true}]}}