{"id":6218,"date":"2021-11-17T03:49:26","date_gmt":"2021-11-17T02:49:26","guid":{"rendered":"http:\/\/www.infokuryr.cz\/n\/?p=6218"},"modified":"2021-11-17T03:49:26","modified_gmt":"2021-11-17T02:49:26","slug":"lavrov-jednani-polske-strany-je-porusenim-mezinarodniho-prava-brusel-uplatnuje-dvoji-metr-tvrdi","status":"publish","type":"post","link":"https:\/\/www.infokuryr.cz\/n\/2021\/11\/17\/lavrov-jednani-polske-strany-je-porusenim-mezinarodniho-prava-brusel-uplatnuje-dvoji-metr-tvrdi\/","title":{"rendered":"Lavrov: Jedn\u00e1n\u00ed polsk\u00e9 strany je poru\u0161en\u00edm mezin\u00e1rodn\u00edho pr\u00e1va. Brusel uplat\u0148uje dvoj\u00ed metr, tvrd\u00ed"},"content":{"rendered":"<div id=\"fb-root\"><\/div>\n<p><strong>Ministr zahrani\u010d\u00ed Rusk\u00e9 federace Sergej Lavrov ozna\u010dil jedn\u00e1n\u00ed polsk\u00e9 pohrani\u010dn\u00ed str\u00e1\u017ee v\u016f\u010di migrant\u016fm za nep\u0159ijateln\u00e9. Podle jeho slov jsou kroky polsk\u00e9 strany v naprost\u00e9m rozporu s ve\u0161ker\u00fdmi normami mezin\u00e1rodn\u00edho pr\u00e1va. Veden\u00ed Evropsk\u00e9 unie se p\u0159itom uchyluje k dvoj\u00edmu metru, co\u017e ho dost\u00e1v\u00e1 do obt\u00ed\u017en\u00e9 situace.<\/strong><\/p>\n<p>Postup polsk\u00e9 pohrani\u010dn\u00ed str\u00e1\u017ee v souvislosti s\u00a0migra\u010dn\u00ed kriz\u00ed\u00a0na polsko-b\u011blorusk\u00e9 hranici poru\u0161uje mezin\u00e1rodn\u00ed humanit\u00e1rn\u00ed pr\u00e1vo, tvrd\u00ed \u0161\u00e9f rusk\u00e9 diplomacie Sergej Lavrov.<\/p>\n<p>\u201eJe to naprosto nep\u0159ijateln\u00e9 chov\u00e1n\u00ed polsk\u00e9 strany. J\u00e1 si mysl\u00edm, \u017ee slzn\u00fd plyn, vodn\u00ed d\u011bla a palba nad hlavami migrant\u016f sm\u011brem do B\u011bloruska, v\u0161echno tohle odr\u00e1\u017e\u00ed z\u00e1m\u011br utajit sv\u00e9 \u010diny. A nerozum\u011bt tomu, \u017ee poru\u0161uj\u00ed v\u0161echny mo\u017en\u00e9 normy mezin\u00e1rodn\u00edho humanit\u00e1rn\u00edho pr\u00e1va a dal\u0161\u00ed dohody mezin\u00e1rodn\u00edho spole\u010denstv\u00ed, oni prost\u011b nemohou. Samoz\u0159ejm\u011b, \u017ee oni tomu ale dob\u0159e rozum\u00ed,\u201d prohl\u00e1sil rusk\u00fd ministr.<\/p>\n<p>Lavrov tak\u00e9 poznamenal, \u017ee jedn\u00edm z c\u00edl\u016f, kter\u00fd sleduje polsk\u00e1 strana, je zabr\u00e1nit zve\u0159ejn\u011bn\u00ed toho, co se d\u011bje na hranici. Pr\u00e1v\u011b proto je vstup pro novin\u00e1\u0159e na polsk\u00e9 p\u0159\u00edhrani\u010dn\u00ed \u00fazem\u00ed zak\u00e1z\u00e1n.<\/p>\n<p><strong>Dvoj\u00ed metr Evropsk\u00e9 unie<\/strong><\/p>\n<p>Reakce ze strany veden\u00ed\u00a0Evropsk\u00e9 unie\u00a0sv\u011bd\u010d\u00ed o tom, \u017ee unijn\u00ed politici uplat\u0148uj\u00ed dvoj\u00ed metr, mysl\u00ed si Sergej Lavrov. Podle jeho slov se b\u011bhem st\u0159edomo\u0159sk\u00e9 a balk\u00e1nsk\u00e9 migra\u010dn\u00ed vlny evrop\u0161t\u00ed politici sna\u017eili jednat kolegi\u00e1ln\u00edm zp\u016fsobem.<\/p>\n<p>\u201eV tomto p\u0159\u00edpad\u011b Polsko \u0159\u00e1d\u00ed a \u00fa\u0159edn\u00edci v Bruselu uplat\u0148uj\u00ed natolik otev\u0159en\u00fd dvoj\u00ed metr, \u017ee prost\u011b nemohou nerozum\u011bt tomu, \u017ee se kv\u016fli tomu dost\u00e1vaj\u00ed do obt\u00ed\u017en\u00e9 situace,\u201d uzav\u0159el Lavrov.<\/p>\n<p><strong>St\u0159ety na polsko-b\u011blorusk\u00e9 hranici<\/strong><\/p>\n<p>Uprchl\u00edci na hranici mezi B\u011bloruskem a Polskem dnes\u00a0vzali \u00fatokem\u00a0z\u00e1tarasy a za\u010dali h\u00e1zet kameny na polsk\u00e9 po\u0159\u00e1dkov\u00e9 s\u00edly, uv\u00e1d\u00ed zpravodaj Sputniku. Polsk\u00e1 policie proti nim nasadila slzn\u00fd plyn a vodn\u00ed d\u011blo.<\/p>\n<p>Po z\u00e1sahu polsk\u00fdch po\u0159\u00e1dkov\u00fdch sil se migranti vr\u00e1tili zp\u011bt do sv\u00e9ho t\u00e1bora. Podle zpravodaje Sputniku slzn\u00fd plyn z polsk\u00e9 strany dopad\u00e1 i p\u0159\u00edmo na t\u00e1bor migrant\u016f, kde se pokojn\u011b nach\u00e1zej\u00ed uprchl\u00edci. Slzn\u00fd plyn zas\u00e1hl i d\u011bti.<\/p>\n<p><a href=\"https:\/\/cz.sputniknews.com\/20211116\/lavrov-jednani-polskych-pohranicniku-je-porusenim-mezinarodniho-prava-16529741.html\">ZDROJ<\/a><\/p>\n<p>&nbsp;<\/p>\n","protected":false},"excerpt":{"rendered":"<p>Ministr zahrani\u010d\u00ed Rusk\u00e9 federace Sergej Lavrov ozna\u010dil jedn\u00e1n\u00ed polsk\u00e9 pohrani\u010dn\u00ed str\u00e1\u017ee v\u016f\u010di migrant\u016fm za nep\u0159ijateln\u00e9&#8230;.<\/p>\n","protected":false},"author":2,"featured_media":1169,"comment_status":"closed","ping_status":"closed","sticky":false,"template":"","format":"standard","meta":[],"categories":[7],"tags":[41,189,1475,31],"_links":{"self":[{"href":"https:\/\/www.infokuryr.cz\/n\/wp-json\/wp\/v2\/posts\/6218"}],"collection":[{"href":"https:\/\/www.infokuryr.cz\/n\/wp-json\/wp\/v2\/posts"}],"about":[{"href":"https:\/\/www.infokuryr.cz\/n\/wp-json\/wp\/v2\/types\/post"}],"author":[{"embeddable":true,"href":"https:\/\/www.infokuryr.cz\/n\/wp-json\/wp\/v2\/users\/2"}],"replies":[{"embeddable":true,"href":"https:\/\/www.infokuryr.cz\/n\/wp-json\/wp\/v2\/comments?post=6218"}],"version-history":[{"count":0,"href":"https:\/\/www.infokuryr.cz\/n\/wp-json\/wp\/v2\/posts\/6218\/revisions"}],"wp:featuredmedia":[{"embeddable":true,"href":"https:\/\/www.infokuryr.cz\/n\/wp-json\/wp\/v2\/media\/1169"}],"wp:attachment":[{"href":"https:\/\/www.infokuryr.cz\/n\/wp-json\/wp\/v2\/media?parent=6218"}],"wp:term":[{"taxonomy":"category","embeddable":true,"href":"https:\/\/www.infokuryr.cz\/n\/wp-json\/wp\/v2\/categories?post=6218"},{"taxonomy":"post_tag","embeddable":true,"href":"https:\/\/www.infokuryr.cz\/n\/wp-json\/wp\/v2\/tags?post=6218"}],"curies":[{"name":"wp","href":"https:\/\/api.w.org\/{rel}","templated":true}]}}