{"id":62145,"date":"2024-09-14T05:37:45","date_gmt":"2024-09-14T03:37:45","guid":{"rendered":"https:\/\/www.infokuryr.cz\/n\/?p=62145"},"modified":"2024-09-14T05:37:45","modified_gmt":"2024-09-14T03:37:45","slug":"papez-se-stavi-proti-trumpovi-i-harrisove","status":"publish","type":"post","link":"https:\/\/www.infokuryr.cz\/n\/2024\/09\/14\/papez-se-stavi-proti-trumpovi-i-harrisove\/","title":{"rendered":"Pape\u017e se stav\u00ed proti Trumpovi i Harrisov\u00e9"},"content":{"rendered":"<div id=\"fb-root\"><\/div>\n<p><span style=\"font-size: 18pt;\"><strong>Katol\u00edci si mus\u00ed vybrat \u201emen\u0161\u00ed zlo\u201c mezi pro-potratov\u00fdm Harrisem a antimigrantsk\u00fdm Trumpem, \u0159ekl pape\u017e<\/strong><\/span><\/p>\n<p><span>Kandid\u00e1ti na americk\u00e9ho prezidenta Donald Trump a Kamala Harrisov\u00e1 jsou oba <\/span><em><span>\u201eproti \u017eivotu\u201c<\/span><\/em><span>\u00a0a katoli\u010dt\u00ed voli\u010di by m\u011bli volit\u00a0<\/span><em><span>\u201emen\u0161\u00ed zlo\u201c,<\/span><\/em><span>\u00a0\u0159ekl v p\u00e1tek novin\u00e1\u0159\u016fm pape\u017e Franti\u0161ek.\u00a0<\/span><\/p>\n<p><span>Kdy\u017e se pape\u017e vracel do \u0158\u00edma ze Singapuru, v rozhovoru s novin\u00e1\u0159i \u0159ekl, \u017ee\u00a0<\/span><em><span>\u201enevolit je o\u0161kliv\u00e9\u201c<\/span><\/em><span>\u00a0a \u017ee v\u011b\u0159\u00edc\u00ed\u00a0<\/span><em><span>\u201evolit mus\u00ed\u201c.<\/span><\/em><\/p>\n<p><em><span>&#8222;Mus\u00edte volit men\u0161\u00ed zlo,&#8220;<\/span><\/em><span>\u00a0up\u0159esnil.\u00a0<\/span><em><span>\u201eKdo je men\u0161\u00ed zlo? Ta d\u00e1ma, nebo ten p\u00e1n? Nev\u00edm. A\u0165 u\u017e je to ten, kdo vyh\u00e1n\u00ed migranty, nebo ten, kdo zab\u00edj\u00ed d\u011bti, oba jsou proti \u017eivotu.\u201c<\/span><\/em><\/p>\n<p><span>Pokud bude zvolen, Trump sl\u00edbil, \u017ee uzav\u0159e ji\u017en\u00ed hranici USA a povede\u00a0<\/span><em><span>\u201enejv\u011bt\u0161\u00ed deporta\u010dn\u00ed operaci v americk\u00e9 historii\u201c.<\/span><\/em><span> Harrisov\u00e1 sl\u00edbila, \u017ee podep\u00ed\u0161e z\u00e1kon zaru\u010duj\u00edc\u00ed stejn\u00fd p\u0159\u00edstup k potrat\u016fm jako v p\u0159\u00edpad\u011b Roe v. Wade, p\u0159elomov\u00e9ho rozhodnut\u00ed Nejvy\u0161\u0161\u00edho soudu, kter\u00e9 bylo v roce 2022 zru\u0161eno.<\/span><\/p>\n<p><span>Roe v. Wade chr\u00e1nil pr\u00e1vo \u017eeny po\u017e\u00e1dat o potrat, ale ur\u010dit\u00e1 omezen\u00ed tohoto pr\u00e1va \u2013 nap\u0159\u00edklad z\u00e1kaz potrat\u016f po druh\u00e9m trimestru t\u011bhotenstv\u00ed \u2013 byla stanovena v pozd\u011bj\u0161\u00edch pr\u00e1vn\u00edch p\u0159edpisech. Harrisov\u00e9 spolubojovn\u00edk Tim Walz <\/span><a href=\"https:\/\/twincities.com\/2024\/09\/11\/donald-trump-used-claims-about-abortion-in-minnesota-to-paint-tim-walz-as-extreme-what-did-the-governor-sign-into-law\/\" target=\"_blank\" rel=\"noopener noreferrer\"><span>podepsal v roce 2023 z\u00e1kon<\/span><\/a><span>\u00a0, kter\u00fd umo\u017e\u0148uje prov\u00e1d\u011bt potraty a\u017e do okam\u017eiku narozen\u00ed.<\/span><\/p>\n<p><em><span>\u201ePos\u00edlat migranty pry\u010d, nechat je, kde chcete, nechat je\u2026 to je n\u011bco stra\u0161n\u00e9ho, \u200b\u200bje tam zlo. Pos\u00edlat pry\u010d d\u00edt\u011b z l\u016fna matky je atent\u00e1t, proto\u017ee tam je \u017eivot. Mus\u00edme o t\u011bchto v\u011bcech mluvit jasn\u011b,\u201c<\/span><\/em><span>\u00a0\u0159ekl v p\u00e1tek novin\u00e1\u0159\u016fm pape\u017e Franti\u0161ek.<\/span><\/p>\n<p><span>Pape\u017e se d\u016fsledn\u011b stav\u00ed proti potrat\u016fm v souladu s katolick\u00fdm u\u010den\u00edm. Povolil v\u0161ak kn\u011b\u017e\u00edm odpustit potraty a vyzval biskupy, aby neodm\u00edtali p\u0159ij\u00edm\u00e1n\u00ed politik\u016fm, kte\u0159\u00ed tuto praxi podporuj\u00ed.<\/span><\/p>\n<p><span>Zaujal tak\u00e9 liber\u00e1ln\u011bj\u0161\u00ed postoj k ot\u00e1zk\u00e1m souvisej\u00edc\u00edm s p\u0159ist\u011bhovalectv\u00edm ne\u017e jeho p\u0159edch\u016fdci. B\u011bhem prezidentsk\u00fdch voleb v roce 2016 kritizoval Trump\u016fv n\u00e1vrh zazd\u00edt hranici mezi USA a Mexikem jako\u00a0<\/span><em><span>\u201ene k\u0159es\u0165ansk\u00fd\u201c<\/span><\/em><span>\u00a0a v roce 2019 Vatik\u00e1n\u00a0<\/span><a href=\"https:\/\/swentr.site\/news\/457745-pope-francis-donates-migrants-trump\/\" target=\"_blank\" rel=\"noopener noreferrer\"><span>daroval<\/span><\/a><span>\u00a0500 000 dolar\u016f 75 000 st\u0159edoamerick\u00fdch migrant\u016f, kte\u0159\u00ed se pokou\u0161eli dostat do USA p\u0159es Mexiko.<\/span><\/p>\n<p><img decoding=\"async\" loading=\"lazy\" class=\"alignnone size-full wp-image-1185\" src=\"http:\/\/www.infokuryr.cz\/n\/wp-content\/uploads\/2021\/04\/kuryr-podpis.png\" alt=\"\" width=\"84\" height=\"24\" \/><\/p>\n<p>&nbsp;<\/p>\n","protected":false},"excerpt":{"rendered":"<p>Katol\u00edci si mus\u00ed vybrat \u201emen\u0161\u00ed zlo\u201c mezi pro-potratov\u00fdm Harrisem a antimigrantsk\u00fdm Trumpem, \u0159ekl pape\u017e Kandid\u00e1ti&#8230;<\/p>\n","protected":false},"author":2,"featured_media":62146,"comment_status":"closed","ping_status":"closed","sticky":false,"template":"","format":"standard","meta":[],"categories":[7],"tags":[1503,254,37,27],"_links":{"self":[{"href":"https:\/\/www.infokuryr.cz\/n\/wp-json\/wp\/v2\/posts\/62145"}],"collection":[{"href":"https:\/\/www.infokuryr.cz\/n\/wp-json\/wp\/v2\/posts"}],"about":[{"href":"https:\/\/www.infokuryr.cz\/n\/wp-json\/wp\/v2\/types\/post"}],"author":[{"embeddable":true,"href":"https:\/\/www.infokuryr.cz\/n\/wp-json\/wp\/v2\/users\/2"}],"replies":[{"embeddable":true,"href":"https:\/\/www.infokuryr.cz\/n\/wp-json\/wp\/v2\/comments?post=62145"}],"version-history":[{"count":0,"href":"https:\/\/www.infokuryr.cz\/n\/wp-json\/wp\/v2\/posts\/62145\/revisions"}],"wp:featuredmedia":[{"embeddable":true,"href":"https:\/\/www.infokuryr.cz\/n\/wp-json\/wp\/v2\/media\/62146"}],"wp:attachment":[{"href":"https:\/\/www.infokuryr.cz\/n\/wp-json\/wp\/v2\/media?parent=62145"}],"wp:term":[{"taxonomy":"category","embeddable":true,"href":"https:\/\/www.infokuryr.cz\/n\/wp-json\/wp\/v2\/categories?post=62145"},{"taxonomy":"post_tag","embeddable":true,"href":"https:\/\/www.infokuryr.cz\/n\/wp-json\/wp\/v2\/tags?post=62145"}],"curies":[{"name":"wp","href":"https:\/\/api.w.org\/{rel}","templated":true}]}}