{"id":6213,"date":"2021-11-16T12:47:06","date_gmt":"2021-11-16T11:47:06","guid":{"rendered":"http:\/\/www.infokuryr.cz\/n\/?p=6213"},"modified":"2021-11-16T12:47:06","modified_gmt":"2021-11-16T11:47:06","slug":"pastor-propagoval-vakcinu-covid-nyni-ma-zanet-osrdecniku-a-potrebuje-operaci","status":"publish","type":"post","link":"https:\/\/www.infokuryr.cz\/n\/2021\/11\/16\/pastor-propagoval-vakcinu-covid-nyni-ma-zanet-osrdecniku-a-potrebuje-operaci\/","title":{"rendered":"Pastor propagoval vakc\u00ednu COVID, nyn\u00ed m\u00e1 z\u00e1n\u011bt osrde\u010dn\u00edku a pot\u0159ebuje operaci"},"content":{"rendered":"<div id=\"fb-root\"><\/div>\n<div class=\"elementor-element elementor-element-1fb4c2c elementor-widget elementor-widget-theme-post-content\" data-id=\"1fb4c2c\" data-element_type=\"widget\" data-widget_type=\"theme-post-content.default\">\n<div class=\"elementor-widget-container\">\n<p><span>Franklin Graham, americk\u00fd pastor, kter\u00fd tvrdil, \u017ee Je\u017e\u00ed\u0161 schv\u00e1lil vakc\u00ednu proti COVID-19, dostal perikarditidu.\u00a0Vlivn\u00fd evangelick\u00fd v\u016fdce\u00a0<\/span><strong><a href=\"https:\/\/www.christianpost.com\/news\/franklin-graham-undergoes-surgery-at-mayo-clinic-for-heart-issue.html\" target=\"_blank\" rel=\"noreferrer noopener\" data-type=\"URL\" data-id=\"https:\/\/www.christianpost.com\/news\/franklin-graham-undergoes-surgery-at-mayo-clinic-for-heart-issue.html\"><span>podstoupil v pond\u011bl\u00ed 8. listopadu<\/span><\/a><\/strong><span>\u00a0speci\u00e1ln\u00ed operaci srdce k l\u00e9\u010db\u011b srde\u010dn\u00edho onemocn\u011bn\u00ed, kter\u00e9 se vyvinulo b\u011bhem n\u011bkolika posledn\u00edch m\u011bs\u00edc\u016f.<\/span><\/p>\n<p><span>Graham vyzval k\u0159es\u0165any, aby se nechali o\u010dkovat proti COVID-19 na za\u010d\u00e1tku tohoto roku, proto\u017ee by to n\u00e1sledovalo p\u0159\u00edkladu Je\u017e\u00ed\u0161e Krista, kter\u00fd k l\u00e9\u010den\u00ed lid\u00ed pou\u017e\u00edval modern\u00ed medic\u00ednu a injekce.<\/span><\/p>\n<\/div>\n<\/div>\n<div class=\"elementor-element elementor-element-1fb4c2c elementor-widget elementor-widget-theme-post-content\" data-id=\"1fb4c2c\" data-element_type=\"widget\" data-widget_type=\"theme-post-content.default\">\n<div class=\"elementor-widget-container\">\n<p><span>V\u00a0<\/span><strong><a href=\"https:\/\/www.msn.com\/en-us\/news\/politics\/franklin-graham-urges-hesitant-evangelicals-to-get-covid-shot-thank-god-for-vaccines\/ar-BB1gRa3a\" target=\"_blank\" rel=\"noreferrer noopener\" data-type=\"URL\" data-id=\"https:\/\/www.msn.com\/en-us\/news\/politics\/franklin-graham-urges-hesitant-evangelicals-to-get-covid-shot-thank-god-for-vaccines\/ar-BB1gRa3a\"><span>rozhovoru pro Axios,<\/span><\/a><\/strong><span> kter\u00fd letos v kv\u011btnu odvys\u00edlala HBO, Graham apeloval na evangelik\u00e1ln\u00ed k\u0159es\u0165any, aby se nechali o\u010dkovat proti COVID-19, a \u0159ekl:<\/span><\/p>\n<p><em>\u201eChci, aby lid\u00e9 v\u011bd\u011bli, \u017ee COVID-19 m\u016f\u017ee b\u00fdt smrteln\u00fd.\u00a0Ale m\u00e1me vakc\u00ednu, kter\u00e1 v\u00e1m m\u016f\u017ee potenci\u00e1ln\u011b zachr\u00e1nit \u017eivot.\u00a0A kdy\u017e po\u010dk\u00e1\u0161, u\u017e m\u016f\u017ee b\u00fdt pozd\u011b.&#8220;<\/em><\/p>\n<p><span>\u0158ekl tak\u00e9 v rozhovoru pro NBC:<\/span><\/p>\n<p><em>&#8222;Mysl\u00edm, \u017ee kdyby v dob\u011b Krista existovaly vakc\u00edny, Je\u017e\u00ed\u0161 by je zm\u00ednil a pou\u017eil.&#8220;<\/em><\/p>\n<p><span>Na\u010dasov\u00e1n\u00ed jeho hospitalizace kv\u016fli v\u00e1\u017en\u00fdm srde\u010dn\u00edm probl\u00e9m\u016fm je pravd\u011bpodobn\u00e9, \u017ee byly zp\u016fsobeny vakc\u00ednou COVID.\u00a0Pastor byl p\u0159ijat na kliniku Mayo v Rochesteru v Minnesot\u011b, aby mu odstranili osrde\u010dn\u00edk.<\/span><\/p>\n<div class=\"wp-block-image\">\n<figure class=\"aligncenter size-large\"><img decoding=\"async\" src=\"https:\/\/thecovidworld.com\/wp-content\/uploads\/2021\/11\/xFranklin-Graham.jpg.pagespeed.ic.MRWfASgyxr.webp\" alt=\"\" \/><\/figure>\n<\/div>\n<p><span>V\u00fdskyt srde\u010dn\u00edch onemocn\u011bn\u00ed zn\u00e1m\u00fdch jako myokarditida a perikarditida po o\u010dkov\u00e1n\u00ed proti COVID-19 byl hlavn\u00edm d\u016fvodem, pro\u010d \u0160v\u00e9dsko, Finsko a D\u00e1nsko na neur\u010dito pozastavily vakc\u00ednu Moderna proti COVID-19 a Tchaj-wan pozastavil druhou d\u00e1vku Pfizeru pro teenagery.<\/span><\/p>\n<p><span>Tento p\u0159\u00edpad budeme nad\u00e1le sledovat.<\/span><\/p>\n<\/div>\n<\/div>\n<div class=\"elementor-element elementor-element-8c57238 quelle dc-has-condition dc-condition-empty elementor-widget elementor-widget-heading\" data-id=\"8c57238\" data-element_type=\"widget\" data-widget_type=\"heading.default\">\n<div class=\"elementor-widget-container\">\n<h3 class=\"elementor-heading-title elementor-size-default\"><span style=\"font-size: 8pt;\"><a href=\"https:\/\/thecovidworld.com\/franklin-graham-pastor-who-pushed-covid-19-vaccine-develops-pericarditis-undergoes-heart-surgery\/\" target=\"_blank\" rel=\"nofollow noopener\">ZDROJ: FRANKLIN GRAHAM: PASTOR, KTER\u00dd PROSADIL VAKC\u00cdNU COVID-19, ROZVINE PERIKARDITIDU, PODSTOUP\u00cd OPERACI SRDCE<\/a><\/span><\/h3>\n<p>&nbsp;<\/p>\n<\/div>\n<\/div>\n","protected":false},"excerpt":{"rendered":"<p>Franklin Graham, americk\u00fd pastor, kter\u00fd tvrdil, \u017ee Je\u017e\u00ed\u0161 schv\u00e1lil vakc\u00ednu proti COVID-19, dostal perikarditidu.\u00a0Vlivn\u00fd evangelick\u00fd&#8230;<\/p>\n","protected":false},"author":2,"featured_media":6214,"comment_status":"closed","ping_status":"closed","sticky":false,"template":"","format":"standard","meta":[],"categories":[7],"tags":[23,213,651,21],"_links":{"self":[{"href":"https:\/\/www.infokuryr.cz\/n\/wp-json\/wp\/v2\/posts\/6213"}],"collection":[{"href":"https:\/\/www.infokuryr.cz\/n\/wp-json\/wp\/v2\/posts"}],"about":[{"href":"https:\/\/www.infokuryr.cz\/n\/wp-json\/wp\/v2\/types\/post"}],"author":[{"embeddable":true,"href":"https:\/\/www.infokuryr.cz\/n\/wp-json\/wp\/v2\/users\/2"}],"replies":[{"embeddable":true,"href":"https:\/\/www.infokuryr.cz\/n\/wp-json\/wp\/v2\/comments?post=6213"}],"version-history":[{"count":0,"href":"https:\/\/www.infokuryr.cz\/n\/wp-json\/wp\/v2\/posts\/6213\/revisions"}],"wp:featuredmedia":[{"embeddable":true,"href":"https:\/\/www.infokuryr.cz\/n\/wp-json\/wp\/v2\/media\/6214"}],"wp:attachment":[{"href":"https:\/\/www.infokuryr.cz\/n\/wp-json\/wp\/v2\/media?parent=6213"}],"wp:term":[{"taxonomy":"category","embeddable":true,"href":"https:\/\/www.infokuryr.cz\/n\/wp-json\/wp\/v2\/categories?post=6213"},{"taxonomy":"post_tag","embeddable":true,"href":"https:\/\/www.infokuryr.cz\/n\/wp-json\/wp\/v2\/tags?post=6213"}],"curies":[{"name":"wp","href":"https:\/\/api.w.org\/{rel}","templated":true}]}}