{"id":62101,"date":"2024-09-14T00:39:02","date_gmt":"2024-09-13T22:39:02","guid":{"rendered":"https:\/\/www.infokuryr.cz\/n\/?p=62101"},"modified":"2024-09-13T15:23:10","modified_gmt":"2024-09-13T13:23:10","slug":"marocky-migrant-nekolik-dni-pred-planovanym-propustenim-znasilnil-v-belgickem-vezeni-socialni-pracovnici","status":"publish","type":"post","link":"https:\/\/www.infokuryr.cz\/n\/2024\/09\/14\/marocky-migrant-nekolik-dni-pred-planovanym-propustenim-znasilnil-v-belgickem-vezeni-socialni-pracovnici\/","title":{"rendered":"Marock\u00fd migrant n\u011bkolik dn\u00ed p\u0159ed pl\u00e1novan\u00fdm propu\u0161t\u011bn\u00edm zn\u00e1silnil v belgick\u00e9m v\u011bzen\u00ed soci\u00e1ln\u00ed pracovnici"},"content":{"rendered":"<div id=\"fb-root\"><\/div>\n<h3 class=\"s-tagline fw-tagline\"><span>Soci\u00e1ln\u00ed pracovnice, kter\u00e1 tam m\u011bla projednat mo\u017enosti odsouzen\u00e9 po propu\u0161t\u011bn\u00ed, byla uv\u011bzn\u011bna ve v\u011bze\u0148sk\u00e9 cele sv\u00e9ho \u00fato\u010dn\u00edka a n\u011bkolik minut zn\u00e1sil\u0148ov\u00e1na, ne\u017e dorazila pomoc<\/span><\/h3>\n<p><span>Marock\u00fd migrant, kter\u00fd byl uv\u011bzn\u011bn za vloup\u00e1n\u00ed jen n\u011bkolik dn\u00ed pot\u00e9, co neleg\u00e1ln\u011b dorazil do Belgie, byl obvin\u011bn ze zn\u00e1siln\u011bn\u00ed soci\u00e1ln\u00edho pracovn\u00edka ve sv\u00e9 v\u011bze\u0148sk\u00e9 cele b\u011bhem n\u00e1v\u0161t\u011bvy za \u00fa\u010delem projedn\u00e1n\u00ed jeho pl\u00e1novan\u00e9ho propu\u0161t\u011bn\u00ed.<\/span><\/p>\n<p><span>Younes. I., 25, byl v Belgii teprve deset dn\u00ed, kdy\u017e byl v \u00fanoru zat\u010den za loupe\u017e a kr\u00e1de\u017e v Antverp\u00e1ch.<\/span><\/p>\n<p><span>Byl uv\u011bzn\u011bn pot\u00e9, co byl nalezen u ukraden\u00e9ho zbo\u017e\u00ed, v\u010detn\u011b hodinek a \u0161perk\u016f, a tak\u00e9 u sebe \u0161roubov\u00e1ku. Bylo zji\u0161t\u011bno, \u017ee byl sou\u010d\u00e1st\u00ed gangu zam\u011b\u0159en\u00e9ho na obytnou ulici v belgick\u00e9m p\u0159\u00edstavn\u00edm m\u011bst\u011b.<\/span><\/p>\n<p><span>B\u011bhem jeho sly\u0161en\u00ed o rozsudku soud zjistil, \u017ee podez\u0159el\u00fd pob\u00fdval v Belgii neleg\u00e1ln\u011b, ale m\u00edsto v\u00fdkonu p\u0159\u00edkazu k vyho\u0161t\u011bn\u00ed soudce Younese I. odsoudil k deseti m\u011bs\u00edc\u016fm v\u011bzen\u00ed a pokut\u011b 800 eur.<\/span><\/p>\n<p><span>Odsouzen\u00fd m\u011bl b\u00fdt propu\u0161t\u011bn za n\u011bkolik t\u00fddn\u016f a 2. z\u00e1\u0159\u00ed byl k jeho p\u0159\u00edpadu p\u0159id\u011blena soci\u00e1ln\u00ed pracovnice, kter\u00e1 ho nav\u0161t\u00edvila ve v\u011bzen\u00ed a projednala jeho budouc\u00ed pl\u00e1ny.<\/span><\/p>\n<p><span>Jakmile byl Younes I. s\u00e1m se soci\u00e1ln\u00ed pracovnic\u00ed ve sv\u00e9 v\u011bze\u0148sk\u00e9 cele, vyu\u017eil p\u0159\u00edle\u017eitosti a n\u011bkolik minut ji zn\u00e1sil\u0148oval, ne\u017e dorazily posily, kter\u00e9 ho specifikovaly.<\/span><\/p>\n<p><span>Francouzsk\u00e1 m\u00e9dia uvedla, \u017ee v jeho cele visel list pap\u00edru s ozna\u010den\u00edm \u201eagresivn\u00ed\u201c \u2013 varov\u00e1n\u00ed, kter\u00e9 nebylo vysly\u0161eno.<\/span><\/p>\n<p><span>Odsouzen\u00fd byl p\u0159evezen do v\u011bznice s nejvy\u0161\u0161\u00ed ostrahou v Oudenaarde.<\/span><\/p>\n<p><span>Ve \u010dtvrtek se z\u00fa\u010dastnil soudn\u00edho jedn\u00e1n\u00ed v Antverp\u00e1ch, kde vy\u0161et\u0159uj\u00edc\u00ed soudce formalizoval nov\u00fd zatyka\u010d.<\/span><\/p>\n<p><span>O\u010dek\u00e1v\u00e1 se, \u017ee bude obvin\u011bn ze zn\u00e1siln\u011bn\u00ed a sexu\u00e1ln\u00edho napaden\u00ed.<\/span><\/p>\n<p><img decoding=\"async\" loading=\"lazy\" class=\"alignnone size-full wp-image-1185\" src=\"http:\/\/www.infokuryr.cz\/n\/wp-content\/uploads\/2021\/04\/kuryr-podpis.png\" alt=\"\" width=\"84\" height=\"24\" \/><\/p>\n<p>&nbsp;<\/p>\n","protected":false},"excerpt":{"rendered":"<p>Soci\u00e1ln\u00ed pracovnice, kter\u00e1 tam m\u011bla projednat mo\u017enosti odsouzen\u00e9 po propu\u0161t\u011bn\u00ed, byla uv\u011bzn\u011bna ve v\u011bze\u0148sk\u00e9 cele&#8230;<\/p>\n","protected":false},"author":2,"featured_media":62102,"comment_status":"closed","ping_status":"closed","sticky":false,"template":"","format":"standard","meta":[],"categories":[7],"tags":[261,5358,1598,366],"_links":{"self":[{"href":"https:\/\/www.infokuryr.cz\/n\/wp-json\/wp\/v2\/posts\/62101"}],"collection":[{"href":"https:\/\/www.infokuryr.cz\/n\/wp-json\/wp\/v2\/posts"}],"about":[{"href":"https:\/\/www.infokuryr.cz\/n\/wp-json\/wp\/v2\/types\/post"}],"author":[{"embeddable":true,"href":"https:\/\/www.infokuryr.cz\/n\/wp-json\/wp\/v2\/users\/2"}],"replies":[{"embeddable":true,"href":"https:\/\/www.infokuryr.cz\/n\/wp-json\/wp\/v2\/comments?post=62101"}],"version-history":[{"count":0,"href":"https:\/\/www.infokuryr.cz\/n\/wp-json\/wp\/v2\/posts\/62101\/revisions"}],"wp:featuredmedia":[{"embeddable":true,"href":"https:\/\/www.infokuryr.cz\/n\/wp-json\/wp\/v2\/media\/62102"}],"wp:attachment":[{"href":"https:\/\/www.infokuryr.cz\/n\/wp-json\/wp\/v2\/media?parent=62101"}],"wp:term":[{"taxonomy":"category","embeddable":true,"href":"https:\/\/www.infokuryr.cz\/n\/wp-json\/wp\/v2\/categories?post=62101"},{"taxonomy":"post_tag","embeddable":true,"href":"https:\/\/www.infokuryr.cz\/n\/wp-json\/wp\/v2\/tags?post=62101"}],"curies":[{"name":"wp","href":"https:\/\/api.w.org\/{rel}","templated":true}]}}