{"id":61988,"date":"2024-09-12T05:17:16","date_gmt":"2024-09-12T03:17:16","guid":{"rendered":"https:\/\/www.infokuryr.cz\/n\/?p=61988"},"modified":"2024-09-12T05:17:16","modified_gmt":"2024-09-12T03:17:16","slug":"blinken-ukrajina-vstoupi-do-nato","status":"publish","type":"post","link":"https:\/\/www.infokuryr.cz\/n\/2024\/09\/12\/blinken-ukrajina-vstoupi-do-nato\/","title":{"rendered":"Blinken: Ukrajina vstoup\u00ed do NATO"},"content":{"rendered":"<div id=\"fb-root\"><\/div>\n<p><span style=\"font-size: 18pt;\"><strong>Nejvy\u0161\u0161\u00ed americk\u00fd diplomat zopakoval body, o kter\u00fdch hovo\u0159il, p\u0159i n\u00e1v\u0161t\u011bv\u011b Kyjeva<\/strong><\/span><\/p>\n<p><span>Washington chce, aby Kyjev vyhr\u00e1l konflikt proti Moskv\u011b a vstoupil do NATO, prohl\u00e1sil americk\u00fd ministr zahrani\u010d\u00ed Antony Blinken.<\/span><\/p>\n<p><span>Blinken je na n\u00e1v\u0161t\u011bv\u011b Kyjeva se sv\u00fdm britsk\u00fdm prot\u011bj\u0161kem Davidem Lammym, aby zopakovali anglo-americkou podporu vl\u00e1d\u011b Vladimira Zelensk\u00e9ho.\u00a0<\/span><\/p>\n<p><em><span>\u201eNa \u010dervencov\u00e9m summitu jsme prohl\u00e1sili, \u017ee cesta Ukrajiny ke \u010dlenstv\u00ed v NATO je nezvratn\u00e1,\u201c<\/span><\/em><span>\u00a0\u0159ekl Blinken ve st\u0159edu a p\u0159ipomn\u011bl sv\u00fdm hostitel\u016fm, \u017ee blok veden\u00fd USA\u00a0<\/span><em><span>\u201eustavil velen\u00ed v\u011bnovan\u00e9 podpo\u0159e \u010dlenstv\u00ed Ukrajiny\u201c.<\/span><\/em><\/p>\n<p><a href=\"https:\/\/swentr.site\/news\/595436-blinken-says-ukraine-to-join-nato\/\"><span>Blinken se ji\u017e d\u0159\u00edve<\/span><\/a><span>\u00a0vyslovil pro \u010dlenstv\u00ed Kyjeva v NATO\u00a0. Blok v\u0161ak ofici\u00e1ln\u011b prohl\u00e1sil, jak letos v l\u00e9t\u011b ve Washingtonu, tak loni v Litv\u011b, \u017ee k tomu m\u016f\u017ee doj\u00edt pouze\u00a0<\/span><em><span>tehdy, \u201ekdy\u017e se spojenci dohodnou a budou spln\u011bny podm\u00ednky\u201c.<\/span><\/em><\/p>\n<p><span>Ma\u010farsko a Slovensko u\u017e \u0159ekly, \u017ee se za \u017e\u00e1dn\u00fdch okolnost\u00ed\u00a0<\/span><a href=\"https:\/\/swentr.site\/news\/600886-slovakia-oppose-ukraine-nato\/\"><span>nedohodnou<\/span><\/a><span>\u00a0, proto\u017ee p\u0159iveden\u00ed Ukrajiny do NATO by znamenalo v\u00e1lku s Ruskem.<\/span><\/p>\n<div class=\"rtcode\">\n<div class=\"twitter-tweet twitter-tweet-rendered\"><iframe id=\"twitter-widget-0\" class=\"\" title=\"P\u0159\u00edsp\u011bvek X\" src=\"https:\/\/platform.twitter.com\/embed\/Tweet.html?creatorScreenName=RT_com&amp;dnt=false&amp;embedId=twitter-widget-0&amp;features=eyJ0ZndfdGltZWxpbmVfbGlzdCI6eyJidWNrZXQiOltdLCJ2ZXJzaW9uIjpudWxsfSwidGZ3X2ZvbGxvd2VyX2NvdW50X3N1bnNldCI6eyJidWNrZXQiOnRydWUsInZlcnNpb24iOm51bGx9LCJ0ZndfdHdlZXRfZWRpdF9iYWNrZW5kIjp7ImJ1Y2tldCI6Im9uIiwidmVyc2lvbiI6bnVsbH0sInRmd19yZWZzcmNfc2Vzc2lvbiI6eyJidWNrZXQiOiJvbiIsInZlcnNpb24iOm51bGx9LCJ0ZndfZm9zbnJfc29mdF9pbnRlcnZlbnRpb25zX2VuYWJsZWQiOnsiYnVja2V0Ijoib24iLCJ2ZXJzaW9uIjpudWxsfSwidGZ3X21peGVkX21lZGlhXzE1ODk3Ijp7ImJ1Y2tldCI6InRyZWF0bWVudCIsInZlcnNpb24iOm51bGx9LCJ0ZndfZXhwZXJpbWVudHNfY29va2llX2V4cGlyYXRpb24iOnsiYnVja2V0IjoxMjA5NjAwLCJ2ZXJzaW9uIjpudWxsfSwidGZ3X3Nob3dfYmlyZHdhdGNoX3Bpdm90c19lbmFibGVkIjp7ImJ1Y2tldCI6Im9uIiwidmVyc2lvbiI6bnVsbH0sInRmd19kdXBsaWNhdGVfc2NyaWJlc190b19zZXR0aW5ncyI6eyJidWNrZXQiOiJvbiIsInZlcnNpb24iOm51bGx9LCJ0ZndfdXNlX3Byb2ZpbGVfaW1hZ2Vfc2hhcGVfZW5hYmxlZCI6eyJidWNrZXQiOiJvbiIsInZlcnNpb24iOm51bGx9LCJ0ZndfdmlkZW9faGxzX2R5bmFtaWNfbWFuaWZlc3RzXzE1MDgyIjp7ImJ1Y2tldCI6InRydWVfYml0cmF0ZSIsInZlcnNpb24iOm51bGx9LCJ0ZndfbGVnYWN5X3RpbWVsaW5lX3N1bnNldCI6eyJidWNrZXQiOnRydWUsInZlcnNpb24iOm51bGx9LCJ0ZndfdHdlZXRfZWRpdF9mcm9udGVuZCI6eyJidWNrZXQiOiJvbiIsInZlcnNpb24iOm51bGx9fQ%3D%3D&amp;frame=false&amp;hideCard=false&amp;hideThread=false&amp;id=1833930825823387734&amp;lang=cs&amp;maxWidth=560px&amp;origin=https%3A%2F%2Fswentr.site%2Fnews%2F603873-blinken-ukraine-kiev-nato%2F&amp;sessionId=dcfac757a25a15aa4d2af403ad006a8e462fa7a3&amp;siteScreenName=RT_com&amp;theme=light&amp;widgetsVersion=2615f7e52b7e0%3A1702314776716&amp;width=550px\" frameborder=\"0\" scrolling=\"no\" allowfullscreen=\"allowfullscreen\" data-tweet-id=\"1833930825823387734\" data-mce-fragment=\"1\"><\/iframe><\/div>\n<\/div>\n<p><span>B\u011bhem stejn\u00e9ho projevu v Kyjev\u011b vykreslil Blinken r\u016f\u017eov\u00fd obraz ukrajinsk\u00e9ho vojensk\u00e9ho pr\u016fmyslu a tvrdil, \u017ee se za posledn\u00ed rok \u0161estin\u00e1sobn\u011b roz\u0161\u00ed\u0159il.<\/span><\/p>\n<p><em><span>\u201eV nadch\u00e1zej\u00edc\u00edch letech to ud\u011bl\u00e1 Ukrajin\u011b jeden z nejvysp\u011blej\u0161\u00edch obrann\u00fdch pr\u016fmysl\u016f na sv\u011bt\u011b a bude to moci p\u0159en\u00e9st na glob\u00e1ln\u00ed trh a odebrat pod\u00edl na glob\u00e1ln\u00edm trhu jin\u00fdm zem\u00edm, jako je Rusko, a tak\u00e9 z\u00e1sobovat NATO. spojenci,\u201c<\/span><\/em><span>\u00a0dodal.<\/span><\/p>\n<p><span>Kyjev je v sou\u010dasn\u00e9 dob\u011b zcela z\u00e1visl\u00fd na Z\u00e1padu, pokud jde o zbran\u011b, vybaven\u00ed, munici a dokonce i hotovostn\u00ed infuze, aby udr\u017eely svou vl\u00e1du v chodu. Ukrajina se tak\u00e9 pot\u00fdk\u00e1 s rozs\u00e1hl\u00fdm nedostatkem elekt\u0159iny, proto\u017ee rusk\u00e9 raketov\u00e9 \u00fadery sn\u00ed\u017eily kapacitu v\u00fdroby elekt\u0159iny. S\u00e1m Blinken ve st\u0159edu ozn\u00e1mil, \u017ee USA po\u0161lou 325 milion\u016f dolar\u016f na pomoc p\u0159i oprav\u011b ukrajinsk\u00e9 energetick\u00e9 s\u00edt\u011b a poskytnut\u00ed nouzov\u00fdch z\u00e1lo\u017en\u00edch gener\u00e1tor\u016f pro kritickou infrastrukturu.<\/span><\/p>\n<p><span>Dal\u0161\u00edch 290 milion\u016f dolar\u016f bylo vy\u010dlen\u011bno na\u00a0<\/span><em><span>\u201epotraviny, vodu, p\u0159\u00edst\u0159e\u0161\u00ed, zdravotn\u00ed p\u00e9\u010di a vzd\u011bl\u00e1vac\u00ed programy pro Ukrajince\u201c<\/span><\/em><span>\u00a0v zemi i v zahrani\u010d\u00ed, zb\u00fdvaj\u00edc\u00edch 102 milion\u016f dolar\u016f je ur\u010deno na odstra\u0148ov\u00e1n\u00ed n\u00e1\u0161lapn\u00fdch min.<\/span><\/p>\n<p><em><span>&#8222;Z\u00e1kladem je toto: Chceme, aby Ukrajina vyhr\u00e1la,&#8220;<\/span><\/em><span>\u00a0prohl\u00e1sil podle agentury AP Blinken v jin\u00e9m bod\u011b sv\u00e9 n\u00e1v\u0161t\u011bvy.<\/span><\/p>\n<p><span>I to ji\u017e d\u0159\u00edve prohl\u00e1sili z\u00e1padn\u00ed p\u0159edstavitel\u00e9 jako p\u0159edpoklad pro \u010dlenstv\u00ed Kyjeva v NATO. To fakticky znamen\u00e1, \u017ee Ukrajina\u00a0<\/span><a href=\"https:\/\/swentr.site\/russia\/599518-ukraine-never-join-nato\/\"><span>se nikdy nep\u0159ipoj\u00ed<\/span><\/a><span>\u00a0k bloku, \u0159ekl v \u010dervnu n\u00e1m\u011bstek rusk\u00e9ho ministra zahrani\u010d\u00ed Sergej Rjabkov.<\/span><\/p>\n<p><span>Ozn\u00e1men\u00ed NATO z roku 2008 o mo\u017en\u00e9m \u010dlenstv\u00ed Ukrajiny\u00a0<\/span><em><span>\u201ese stalo spou\u0161t\u011b\u010dem velk\u00e9 \u010d\u00e1sti cel\u00e9 krize, kterou dnes pozorujeme,\u201c<\/span><\/em><span>\u00a0\u0159ekl tehdy Rjabkov.\u00a0<\/span><em><span>\u201ePokud jsou \u010dlenov\u00e9 NATO p\u0159ipraveni znovu padnout do stejn\u00e9 pasti a historie je nic nenau\u010d\u00ed, pak budou znovu zasa\u017eeni a jejich mod\u0159iny se zhor\u0161\u00ed,\u201c<\/span><\/em><span>\u00a0dodal.<\/p>\n<p><img decoding=\"async\" loading=\"lazy\" class=\"alignnone size-full wp-image-1185\" src=\"http:\/\/www.infokuryr.cz\/n\/wp-content\/uploads\/2021\/04\/kuryr-podpis.png\" alt=\"\" width=\"84\" height=\"24\" \/><\/p>\n<p><\/span><\/p>\n","protected":false},"excerpt":{"rendered":"<p>Nejvy\u0161\u0161\u00ed americk\u00fd diplomat zopakoval body, o kter\u00fdch hovo\u0159il, p\u0159i n\u00e1v\u0161t\u011bv\u011b Kyjeva Washington chce, aby Kyjev&#8230;<\/p>\n","protected":false},"author":2,"featured_media":39382,"comment_status":"closed","ping_status":"closed","sticky":false,"template":"","format":"standard","meta":[],"categories":[7],"tags":[412,39,26],"_links":{"self":[{"href":"https:\/\/www.infokuryr.cz\/n\/wp-json\/wp\/v2\/posts\/61988"}],"collection":[{"href":"https:\/\/www.infokuryr.cz\/n\/wp-json\/wp\/v2\/posts"}],"about":[{"href":"https:\/\/www.infokuryr.cz\/n\/wp-json\/wp\/v2\/types\/post"}],"author":[{"embeddable":true,"href":"https:\/\/www.infokuryr.cz\/n\/wp-json\/wp\/v2\/users\/2"}],"replies":[{"embeddable":true,"href":"https:\/\/www.infokuryr.cz\/n\/wp-json\/wp\/v2\/comments?post=61988"}],"version-history":[{"count":0,"href":"https:\/\/www.infokuryr.cz\/n\/wp-json\/wp\/v2\/posts\/61988\/revisions"}],"wp:featuredmedia":[{"embeddable":true,"href":"https:\/\/www.infokuryr.cz\/n\/wp-json\/wp\/v2\/media\/39382"}],"wp:attachment":[{"href":"https:\/\/www.infokuryr.cz\/n\/wp-json\/wp\/v2\/media?parent=61988"}],"wp:term":[{"taxonomy":"category","embeddable":true,"href":"https:\/\/www.infokuryr.cz\/n\/wp-json\/wp\/v2\/categories?post=61988"},{"taxonomy":"post_tag","embeddable":true,"href":"https:\/\/www.infokuryr.cz\/n\/wp-json\/wp\/v2\/tags?post=61988"}],"curies":[{"name":"wp","href":"https:\/\/api.w.org\/{rel}","templated":true}]}}