{"id":6198,"date":"2021-11-16T03:35:53","date_gmt":"2021-11-16T02:35:53","guid":{"rendered":"http:\/\/www.infokuryr.cz\/n\/?p=6198"},"modified":"2021-11-16T03:35:53","modified_gmt":"2021-11-16T02:35:53","slug":"francouzsti-pravicovi-politici-podporili-polsko-chteji-ale-jednat-s-ruskem","status":"publish","type":"post","link":"https:\/\/www.infokuryr.cz\/n\/2021\/11\/16\/francouzsti-pravicovi-politici-podporili-polsko-chteji-ale-jednat-s-ruskem\/","title":{"rendered":"Francouz\u0161t\u00ed pravicov\u00ed politici podpo\u0159ili Polsko, cht\u011bj\u00ed ale jednat s Ruskem"},"content":{"rendered":"<div id=\"fb-root\"><\/div>\n<p>Po N\u011bmecku, Ma\u010farsku a Velk\u00e9 Brit\u00e1nii nyn\u00ed podpo\u0159ili Polsko v boji proti imigrant\u016fm i francouz\u0161t\u00ed politici, resp. pravicov\u00e9ho spektra. Ti, nejsou tak posedl\u00ed rusof\u00f3bi\u00ed, tak\u017ee vyslovili &#8211; nap\u0159. Marion Marechal Le Penov\u00e1, vnu\u010dka Le Pena &#8211; to co racionalita nab\u00edz\u00ed: domluvit se s Ruskem, nam\u00edsto ho sankcionovat.<\/p>\n<p>Stejn\u011b tak Xavier Bertrand podpo\u0159il stabu plotu na B\u011blorusk\u00fdch hranic\u00edch, sepsul ale EU, \u017ee vede studenou v\u00e1lku proti Rusku, zat\u00edmco je na \u010dase ji ukon\u010dit a za\u010d\u00edt rozhovory s Vladimirem Putinem. Souhlasn\u011b s Putinem za\u010dal k deeskalaci situace vyz\u00fdvat i Macron. Francouzsk\u00e9 noviny d\u00e1vaj\u00ed prostor Putinovu tvrzen\u00ed, \u017ee Rusko s imigranty v B\u011blorusku nem\u00e1 nic spole\u010dn\u00e9ho. A v\u010dera v Solov\u011bvov\u011b debat\u011b na Rossia1 v\u016fbec zazn\u011blo, \u017ee Francii se evropsk\u00fdch d\u011bjin\u00e1ch da\u0159ilo dob\u0159e jen kdy\u017e byla s Ruskem&#8230;<\/p>\n<p>To v Polsku a V\u00fdchodn\u00ed Evrop\u011b d\u00edky sv\u00e9 p\u0159edpojatosti sice t\u011b\u017eko skousnou, ale racionalita \u0159e\u0161en\u00ed jedn\u00e1n\u00edm s Ruskem flagrantn\u011b nab\u00edz\u00ed. K v\u011bcem se d\u00e1 ov\u0161em p\u0159istupovat i neracion\u00e1ln\u011b a nepragmaticky, podle toho ov\u0161em \u0161ance na rozuzlen\u00ed tak\u00e9 bude vypadat.<\/p>\n<p>K tvrd\u011b protirusk\u00e9mu postoji na rozd\u00edl od N\u011bmc\u016f a Francouz\u016f nao\u010dkov\u00e1vaj\u00ed Pol\u00e1ky Britov\u00e9, ti v\u0161ak zas nekopou za EU, resp. hrub\u011b proti n\u00ed. Zahrani\u010dn\u00ed redakce a novin\u00e1\u0159i, kter\u00e9 stoj\u00ed jen na angli\u010dtin\u011b, nemaj\u00ed z \u010deho \u010derpat. Taky jste si v\u0161imli, jak zahrani\u010dn\u00ed zpravodajstv\u00ed po Trumpovi a Brexitu zchudlo?<\/p>\n<p><a href=\"https:\/\/www.eurabia.cz\/Articles\/65893-francouzsti-pravicovi-politici-podporili-polsko.aspx\">ZDROJ<\/a><\/p>\n<p>&nbsp;<\/p>\n","protected":false},"excerpt":{"rendered":"<p>Po N\u011bmecku, Ma\u010farsku a Velk\u00e9 Brit\u00e1nii nyn\u00ed podpo\u0159ili Polsko v boji proti imigrant\u016fm i francouz\u0161t\u00ed&#8230;<\/p>\n","protected":false},"author":2,"featured_media":1323,"comment_status":"closed","ping_status":"closed","sticky":false,"template":"","format":"standard","meta":[],"categories":[7],"tags":[130,119,31,22],"_links":{"self":[{"href":"https:\/\/www.infokuryr.cz\/n\/wp-json\/wp\/v2\/posts\/6198"}],"collection":[{"href":"https:\/\/www.infokuryr.cz\/n\/wp-json\/wp\/v2\/posts"}],"about":[{"href":"https:\/\/www.infokuryr.cz\/n\/wp-json\/wp\/v2\/types\/post"}],"author":[{"embeddable":true,"href":"https:\/\/www.infokuryr.cz\/n\/wp-json\/wp\/v2\/users\/2"}],"replies":[{"embeddable":true,"href":"https:\/\/www.infokuryr.cz\/n\/wp-json\/wp\/v2\/comments?post=6198"}],"version-history":[{"count":0,"href":"https:\/\/www.infokuryr.cz\/n\/wp-json\/wp\/v2\/posts\/6198\/revisions"}],"wp:featuredmedia":[{"embeddable":true,"href":"https:\/\/www.infokuryr.cz\/n\/wp-json\/wp\/v2\/media\/1323"}],"wp:attachment":[{"href":"https:\/\/www.infokuryr.cz\/n\/wp-json\/wp\/v2\/media?parent=6198"}],"wp:term":[{"taxonomy":"category","embeddable":true,"href":"https:\/\/www.infokuryr.cz\/n\/wp-json\/wp\/v2\/categories?post=6198"},{"taxonomy":"post_tag","embeddable":true,"href":"https:\/\/www.infokuryr.cz\/n\/wp-json\/wp\/v2\/tags?post=6198"}],"curies":[{"name":"wp","href":"https:\/\/api.w.org\/{rel}","templated":true}]}}