{"id":61970,"date":"2024-09-12T00:34:15","date_gmt":"2024-09-11T22:34:15","guid":{"rendered":"https:\/\/www.infokuryr.cz\/n\/?p=61970"},"modified":"2024-09-11T15:47:32","modified_gmt":"2024-09-11T13:47:32","slug":"bizar-na-oficialnich-mailech-mzv-cr-je-ceske-ministerstvo-zahranici-oficialne-pobockou-kyjeva-nebo-snad-washingtonu-bruselu-ci-tel-avivu","status":"publish","type":"post","link":"https:\/\/www.infokuryr.cz\/n\/2024\/09\/12\/bizar-na-oficialnich-mailech-mzv-cr-je-ceske-ministerstvo-zahranici-oficialne-pobockou-kyjeva-nebo-snad-washingtonu-bruselu-ci-tel-avivu\/","title":{"rendered":"Biz\u00e1r na ofici\u00e1ln\u00edch mailech MZV \u010cR. Je \u201e\u010desk\u00e9\u201c ministerstvo zahrani\u010d\u00ed ofici\u00e1ln\u011b pobo\u010dkou Kyjeva? Nebo snad Washingtonu, Bruselu, \u010di Tel Avivu?"},"content":{"rendered":"<div id=\"fb-root\"><\/div>\n<p>Kdy\u017e v\u00e1s pozvou na n\u011bjakou ofici\u00e1ln\u00ed akci min. zahrani\u010d\u00ed \u010cR, tak si ur\u010dit\u011b p\u0159e\u010dt\u011bte ten mail cel\u00fd!<\/p>\n<p><em><strong>Dole v hlavi\u010dce toti\u017e naraz\u00edte na ukrajinskou vlajku. Ano, \u201e\u010desk\u00e9\u201c ministerstvo zahrani\u010d\u00ed nem\u00e1 v podpisu \u010deskou vlajku, ale ukrajinskou<\/strong><\/em>.<\/p>\n<p>To vyvol\u00e1v\u00e1 ot\u00e1zku, komu\u00a0<strong>zamini vlastn\u011b slou\u017e\u00ed? Ukrajinc\u016fm? T\u011bm ale na Ukrajin\u011b nic nepat\u0159\u00ed, ani o ni\u010dem nerozhoduj\u00ed. Nebo snad Washingtonu, nebo Bruselu, \u010di v\u011b\u010dn\u00e9mu spojenci z Tel Avivu?<\/strong><\/p>\n<p><strong>A\u017e se \u010ce\u0161i zbav\u00ed koloni\u00e1ln\u00edho jha zvan\u00e9ho \u201ez\u00e1padn\u00ed liber\u00e1ln\u00ed demokracie\u201c, tak je bude \u010dekat spousta pr\u00e1ce. Mezi jin\u00fdmi i o\u010dista st\u00e1tn\u00edch instituc\u00ed od proti\u010desk\u00fdch parazit\u016f a nep\u0159\u00e1tel \u010desk\u00e9ho st\u00e1tu a n\u00e1roda!<\/strong><\/p>\n<p>\u00da\u0159edn\u00edk pracuj\u00edc\u00ed pro svoji zemi&#8230;<\/p>\n<p><a href=\"https:\/\/ceskavec.com\/2024\/09\/bizar-na-oficialnich-mailech-zamini-je-ceske-ministerstvo-zahranici-pobockou-kyjeva-nebo-snad-washingtonu-bruselu-ci-tel-avivu\"><img decoding=\"async\" loading=\"lazy\" class=\"alignnone size-full wp-image-1185\" src=\"http:\/\/www.infokuryr.cz\/n\/wp-content\/uploads\/2021\/04\/kuryr-podpis.png\" alt=\"\" width=\"84\" height=\"24\" \/><\/a><\/p>\n<p>&nbsp;<\/p>\n","protected":false},"excerpt":{"rendered":"<p>Kdy\u017e v\u00e1s pozvou na n\u011bjakou ofici\u00e1ln\u00ed akci min. zahrani\u010d\u00ed \u010cR, tak si ur\u010dit\u011b p\u0159e\u010dt\u011bte ten&#8230;<\/p>\n","protected":false},"author":2,"featured_media":61971,"comment_status":"closed","ping_status":"closed","sticky":false,"template":"","format":"standard","meta":[],"categories":[6],"tags":[76,1503,7537,1635],"_links":{"self":[{"href":"https:\/\/www.infokuryr.cz\/n\/wp-json\/wp\/v2\/posts\/61970"}],"collection":[{"href":"https:\/\/www.infokuryr.cz\/n\/wp-json\/wp\/v2\/posts"}],"about":[{"href":"https:\/\/www.infokuryr.cz\/n\/wp-json\/wp\/v2\/types\/post"}],"author":[{"embeddable":true,"href":"https:\/\/www.infokuryr.cz\/n\/wp-json\/wp\/v2\/users\/2"}],"replies":[{"embeddable":true,"href":"https:\/\/www.infokuryr.cz\/n\/wp-json\/wp\/v2\/comments?post=61970"}],"version-history":[{"count":0,"href":"https:\/\/www.infokuryr.cz\/n\/wp-json\/wp\/v2\/posts\/61970\/revisions"}],"wp:featuredmedia":[{"embeddable":true,"href":"https:\/\/www.infokuryr.cz\/n\/wp-json\/wp\/v2\/media\/61971"}],"wp:attachment":[{"href":"https:\/\/www.infokuryr.cz\/n\/wp-json\/wp\/v2\/media?parent=61970"}],"wp:term":[{"taxonomy":"category","embeddable":true,"href":"https:\/\/www.infokuryr.cz\/n\/wp-json\/wp\/v2\/categories?post=61970"},{"taxonomy":"post_tag","embeddable":true,"href":"https:\/\/www.infokuryr.cz\/n\/wp-json\/wp\/v2\/tags?post=61970"}],"curies":[{"name":"wp","href":"https:\/\/api.w.org\/{rel}","templated":true}]}}