{"id":61962,"date":"2024-09-12T00:42:18","date_gmt":"2024-09-11T22:42:18","guid":{"rendered":"https:\/\/www.infokuryr.cz\/n\/?p=61962"},"modified":"2024-09-11T15:11:48","modified_gmt":"2024-09-11T13:11:48","slug":"nemocna-infrastruktura-zriceni-mostu-carola-v-drazdanech-budicek","status":"publish","type":"post","link":"https:\/\/www.infokuryr.cz\/n\/2024\/09\/12\/nemocna-infrastruktura-zriceni-mostu-carola-v-drazdanech-budicek\/","title":{"rendered":"Nemocn\u00e1 infrastruktura: Z\u0159\u00edcen\u00ed mostu Carola v Dr\u00e1\u017e\u010fanech \u2013 bud\u00ed\u010dek?"},"content":{"rendered":"<div id=\"fb-root\"><\/div>\n<p><strong><span>N\u011bmeck\u00e1 dopravn\u00ed infrastruktura je zch\u00e1tral\u00e1. V\u011bc v minulosti opakovan\u011b kritizoval i st\u00e1tn\u00ed rozhlas. Nyn\u00ed se most Carola v Dr\u00e1\u017e\u010fanech \u010d\u00e1ste\u010dn\u011b z\u0159\u00edtil. Je to bud\u00ed\u010dek k poskytnut\u00ed tolik pot\u0159ebn\u00e9ho financov\u00e1n\u00ed na sanaci most\u016f?<\/span><\/strong><\/p>\n<p><span>V\u010dera ve\u010der se z\u0159\u00edtily \u010d\u00e1sti mostu Carola v Dr\u00e1\u017e\u010fanech. Sn\u00edmky ukazuj\u00ed, jak se \u010d\u00e1st s cyklopruhy a tramvajov\u00fdmi kolejemi propadla do Labe. \u010c\u00e1st silnice st\u00e1le stoj\u00ed, ale ani tam nelze vylou\u010dit z\u0159\u00edcen\u00ed. Aby se p\u0159ede\u0161lo zran\u011bn\u00ed osob, hasi\u010di nyn\u00ed most uzav\u0159eli, co\u017e povede v nadch\u00e1zej\u00edc\u00edm obdob\u00ed k v\u00fdrazn\u011b v\u011bt\u0161\u00edmu dopravn\u00edmu chaosu v barokn\u00edm m\u011bst\u011b.<\/span><\/p>\n<p><span>Teprve v \u010dervnu \u201e\u00a0<\/span><a href=\"https:\/\/www.dw.com\/de\/deutschland-immer-mehr-autobahnbr%C3%BCcken-sind-kaputt\/a-69409181\" target=\"_blank\" rel=\"noreferrer noopener\"><span>Deutsche Welle<\/span><\/a><span>\u00a0\u201c informovalo, \u017ee a\u017e 5 000 most\u016f na n\u011bmeck\u00fdch d\u00e1lnic\u00edch a hlavn\u00edch silnic\u00edch je tak zch\u00e1tral\u00fdch, \u017ee je ve skute\u010dnosti pot\u0159ebuj\u00ed co nejrychleji renovovat nebo dokonce p\u0159estav\u011bt.\u00a0V lo\u0148sk\u00e9m roce\u00a0SWR ozn\u00e1milo\u00a0<\/span><a href=\"https:\/\/www.swr.de\/wissen\/zeitbombe-bruecken-102.html\" target=\"_blank\" rel=\"noreferrer noopener\"><span>,<\/span><\/a><span> \u017ee celkem asi 16 000 most\u016f po cel\u00e9 zemi nal\u00e9hav\u011b pot\u0159ebuje renovaci. Dodate\u010dn\u00e9 finan\u010dn\u00ed prost\u0159edky na tuto investi\u010dn\u00ed nedod\u011blku v\u0161ak dosud nebyly uvoln\u011bny.<\/span><\/p>\n<p><span>Ale \u010d\u00edm d\u00e9le budete \u010dekat na renovaci \u2013 nebo kompletn\u00ed p\u0159estavbu \u2013 zch\u00e1tral\u00fdch most\u016f, t\u00edm pravd\u011bpodobn\u011bj\u0161\u00ed je katastrofick\u00fd kolaps se zran\u011bn\u00edm osob. P\u0159edstavte si, kolik ob\u011bt\u00ed by zp\u016fsobil p\u00e1d d\u00e1lni\u010dn\u00edho mostu, kdy\u017e je na n\u011bm dopravn\u00ed z\u00e1cpa? Nebo co kdy\u017e se z\u0159\u00edt\u00ed \u017eelezni\u010dn\u00ed most, kdy\u017e na n\u011bm jede jeden nebo dokonce dva osobn\u00ed vlaky?<\/span><\/p>\n<p><span>V tomto ohledu by mohl b\u00fdt incident v sask\u00e9m m\u011bst\u011b, zn\u00e1m\u00e9m tak\u00e9 jako Florencie na Labi, pro politiky nal\u00e9hav\u011b pot\u0159ebn\u00fdm bud\u00ed\u010dkem. Na kter\u00fd most naraz\u00ed p\u0159\u00ed\u0161t\u011b?<\/span><\/p>\n<p><span>Vzhledem k napjat\u00e9 situaci feder\u00e1ln\u00edho rozpo\u010dtu je v\u0161ak nepravd\u011bpodobn\u00e9, \u017ee by feder\u00e1ln\u00ed ministerstvo dopravy m\u011blo n\u011bjak\u00e9 dodate\u010dn\u00e9 finan\u010dn\u00ed prost\u0159edky na zne\u0161kodn\u011bn\u00ed t\u011bchto tikaj\u00edc\u00edch bomb. Prioritami semaforu nen\u00ed ochrana a zachov\u00e1n\u00ed vlastn\u00edho majetku.\u00a0<\/span><a href=\"https:\/\/www.nius.de\/kommentar\/der-grosse-radweg-betrug-von-peru-was-mit-unseren-steuer-millionen-wirklich-geschieht\/58c26267-4d5a-416b-9ac5-a793f60671cd\" target=\"_blank\" rel=\"noreferrer noopener\"><span>Na peru\u00e1nsk\u00fdch silnic\u00edch<\/span><\/a><span>\u00a0, kter\u00e9 n\u011bme\u010dt\u00ed da\u0148ov\u00ed poplatn\u00edci zafinancovali jako takzvan\u00e9 cyklostezky,\u00a0jsou alespo\u0148 \u017elut\u00e9 pruhy&#8230;<\/span><\/p>\n<p><img decoding=\"async\" loading=\"lazy\" class=\"alignnone size-full wp-image-1185\" src=\"http:\/\/www.infokuryr.cz\/n\/wp-content\/uploads\/2021\/04\/kuryr-podpis.png\" alt=\"\" width=\"84\" height=\"24\" \/><\/p>\n<p>&nbsp;<\/p>\n","protected":false},"excerpt":{"rendered":"<p>N\u011bmeck\u00e1 dopravn\u00ed infrastruktura je zch\u00e1tral\u00e1. V\u011bc v minulosti opakovan\u011b kritizoval i st\u00e1tn\u00ed rozhlas. Nyn\u00ed se&#8230;<\/p>\n","protected":false},"author":2,"featured_media":61963,"comment_status":"closed","ping_status":"closed","sticky":false,"template":"","format":"standard","meta":[],"categories":[7],"tags":[3641,3711,1503,3082,84],"_links":{"self":[{"href":"https:\/\/www.infokuryr.cz\/n\/wp-json\/wp\/v2\/posts\/61962"}],"collection":[{"href":"https:\/\/www.infokuryr.cz\/n\/wp-json\/wp\/v2\/posts"}],"about":[{"href":"https:\/\/www.infokuryr.cz\/n\/wp-json\/wp\/v2\/types\/post"}],"author":[{"embeddable":true,"href":"https:\/\/www.infokuryr.cz\/n\/wp-json\/wp\/v2\/users\/2"}],"replies":[{"embeddable":true,"href":"https:\/\/www.infokuryr.cz\/n\/wp-json\/wp\/v2\/comments?post=61962"}],"version-history":[{"count":0,"href":"https:\/\/www.infokuryr.cz\/n\/wp-json\/wp\/v2\/posts\/61962\/revisions"}],"wp:featuredmedia":[{"embeddable":true,"href":"https:\/\/www.infokuryr.cz\/n\/wp-json\/wp\/v2\/media\/61963"}],"wp:attachment":[{"href":"https:\/\/www.infokuryr.cz\/n\/wp-json\/wp\/v2\/media?parent=61962"}],"wp:term":[{"taxonomy":"category","embeddable":true,"href":"https:\/\/www.infokuryr.cz\/n\/wp-json\/wp\/v2\/categories?post=61962"},{"taxonomy":"post_tag","embeddable":true,"href":"https:\/\/www.infokuryr.cz\/n\/wp-json\/wp\/v2\/tags?post=61962"}],"curies":[{"name":"wp","href":"https:\/\/api.w.org\/{rel}","templated":true}]}}