{"id":61960,"date":"2024-09-12T00:41:50","date_gmt":"2024-09-11T22:41:50","guid":{"rendered":"https:\/\/www.infokuryr.cz\/n\/?p=61960"},"modified":"2024-09-11T15:04:44","modified_gmt":"2024-09-11T13:04:44","slug":"usa-planuji-rozmistit-rakety-stredniho-doletu-v-japonsku-napeti-roste","status":"publish","type":"post","link":"https:\/\/www.infokuryr.cz\/n\/2024\/09\/12\/usa-planuji-rozmistit-rakety-stredniho-doletu-v-japonsku-napeti-roste\/","title":{"rendered":"USA pl\u00e1nuj\u00ed rozm\u00edstit rakety st\u0159edn\u00edho doletu v Japonsku: nap\u011bt\u00ed roste"},"content":{"rendered":"<div id=\"fb-root\"><\/div>\n<p><strong><span>Na spole\u010dn\u00e1 vojensk\u00e1 cvi\u010den\u00ed maj\u00ed b\u00fdt do Japonska p\u0159ivezeny i americk\u00e9 rakety st\u0159edn\u00edho doletu. Raketov\u00e9 syst\u00e9my, zak\u00e1zan\u00e9 do roku 2019, pravd\u011bpodobn\u011b zv\u00fd\u0161\u00ed nap\u011bt\u00ed s \u010c\u00ednou a Severn\u00ed Koreou. Ob\u011b zem\u011b maj\u00ed sv\u00e9 historick\u00e9 probl\u00e9my s \u201e\u0159\u00ed\u0161\u00ed vych\u00e1zej\u00edc\u00edho slunce\u201c.<\/span><\/strong><\/p>\n<p><span>Spojen\u00e9 st\u00e1ty vyj\u00e1d\u0159ily z\u00e1jem o p\u0159esun raketov\u00e9ho syst\u00e9mu st\u0159edn\u00edho doletu do Japonska na spole\u010dn\u00e9 vojensk\u00e9 cvi\u010den\u00ed. Vypl\u00fdv\u00e1 to z ned\u00e1vn\u00fdch prohl\u00e1\u0161en\u00ed vysok\u00fdch p\u0159edstavitel\u016f americk\u00e9 arm\u00e1dy,\u00a0<\/span><a href=\"https:\/\/www.japantimes.co.jp\/news\/2024\/09\/07\/japan\/us-midrange-missile-japan\/\"><span>o nich\u017e informoval The Japan Times<\/span><\/a><span> . Tento krok znamen\u00e1 v\u00fdznamn\u00fd posun ve vojensk\u00e9 rovnov\u00e1ze regionu a pravd\u011bpodobn\u011b vyvol\u00e1 siln\u00e9 reakce \u010c\u00edny a Severn\u00ed Koreje.<\/span><\/p>\n<figure class=\"wp-block-embed is-type-rich is-provider-twitter wp-block-embed-twitter\">\n<div class=\"wp-block-embed__wrapper\">\n<div class=\"twitter-tweet twitter-tweet-rendered\"><iframe id=\"twitter-widget-0\" class=\"\" title=\"X p\u0159\u00edsp\u011bvek\" src=\"https:\/\/platform.twitter.com\/embed\/Tweet.html?dnt=true&amp;embedId=twitter-widget-0&amp;features=eyJ0ZndfdGltZWxpbmVfbGlzdCI6eyJidWNrZXQiOltdLCJ2ZXJzaW9uIjpudWxsfSwidGZ3X2ZvbGxvd2VyX2NvdW50X3N1bnNldCI6eyJidWNrZXQiOnRydWUsInZlcnNpb24iOm51bGx9LCJ0ZndfdHdlZXRfZWRpdF9iYWNrZW5kIjp7ImJ1Y2tldCI6Im9uIiwidmVyc2lvbiI6bnVsbH0sInRmd19yZWZzcmNfc2Vzc2lvbiI6eyJidWNrZXQiOiJvbiIsInZlcnNpb24iOm51bGx9LCJ0ZndfZm9zbnJfc29mdF9pbnRlcnZlbnRpb25zX2VuYWJsZWQiOnsiYnVja2V0Ijoib24iLCJ2ZXJzaW9uIjpudWxsfSwidGZ3X21peGVkX21lZGlhXzE1ODk3Ijp7ImJ1Y2tldCI6InRyZWF0bWVudCIsInZlcnNpb24iOm51bGx9LCJ0ZndfZXhwZXJpbWVudHNfY29va2llX2V4cGlyYXRpb24iOnsiYnVja2V0IjoxMjA5NjAwLCJ2ZXJzaW9uIjpudWxsfSwidGZ3X3Nob3dfYmlyZHdhdGNoX3Bpdm90c19lbmFibGVkIjp7ImJ1Y2tldCI6Im9uIiwidmVyc2lvbiI6bnVsbH0sInRmd19kdXBsaWNhdGVfc2NyaWJlc190b19zZXR0aW5ncyI6eyJidWNrZXQiOiJvbiIsInZlcnNpb24iOm51bGx9LCJ0ZndfdXNlX3Byb2ZpbGVfaW1hZ2Vfc2hhcGVfZW5hYmxlZCI6eyJidWNrZXQiOiJvbiIsInZlcnNpb24iOm51bGx9LCJ0ZndfdmlkZW9faGxzX2R5bmFtaWNfbWFuaWZlc3RzXzE1MDgyIjp7ImJ1Y2tldCI6InRydWVfYml0cmF0ZSIsInZlcnNpb24iOm51bGx9LCJ0ZndfbGVnYWN5X3RpbWVsaW5lX3N1bnNldCI6eyJidWNrZXQiOnRydWUsInZlcnNpb24iOm51bGx9LCJ0ZndfdHdlZXRfZWRpdF9mcm9udGVuZCI6eyJidWNrZXQiOiJvbiIsInZlcnNpb24iOm51bGx9fQ%3D%3D&amp;frame=false&amp;hideCard=false&amp;hideThread=false&amp;id=1833427636158132380&amp;lang=cs&amp;origin=https%3A%2F%2Freport24.news%2Fusa-planen-stationierung-von-mittelstreckenraketen-in-japan-spannungen-nehmen-zu%2F&amp;sessionId=05ffe8214347e6610dc207b8174820e6d09e90fa&amp;theme=light&amp;widgetsVersion=2615f7e52b7e0%3A1702314776716&amp;width=550px\" frameborder=\"0\" scrolling=\"no\" allowfullscreen=\"allowfullscreen\" data-tweet-id=\"1833427636158132380\" data-mce-fragment=\"1\"><\/iframe><\/div>\n<\/div>\n<\/figure>\n<p><span>Pl\u00e1novan\u00e9 rozm\u00edst\u011bn\u00ed p\u0159ich\u00e1z\u00ed po vypr\u0161en\u00ed Smlouvy o jadern\u00fdch sil\u00e1ch st\u0159edn\u00edho doletu (INF) v roce 2019, kter\u00e1 d\u0159\u00edve zakazovala Spojen\u00fdm st\u00e1t\u016fm a Rusku vlastnit pozemn\u00ed rakety s dosahem 500 a\u017e 5 500 kilometr\u016f. Trumpova administrativa tehdy odm\u00edtla dohodu prodlou\u017eit. Od t\u00e9 doby USA vyvinuly nov\u00e9 raketov\u00e9 syst\u00e9my st\u0159edn\u00edho doletu, v\u010detn\u011b syst\u00e9mu Typhon, kter\u00e9 by mohly b\u00fdt potenci\u00e1ln\u011b rozm\u00edst\u011bny v Japonsku.<\/span><\/p>\n<p><span>Christine Wormuth, americk\u00e1 ministryn\u011b arm\u00e1dy, \u0159ekla na akci ve Virginii, \u017ee rozm\u00edst\u011bn\u00ed arm\u00e1dn\u00edho Multi-Domain Task Force \u2013 nov\u00e9 jednotky, kter\u00e1 ukr\u00fdv\u00e1 raketov\u00fd syst\u00e9m se schopnost\u00ed st\u0159edn\u00edho doletu (tak\u00e9 zn\u00e1m\u00fd jako Typhon) \u2013 b\u011bhem jej\u00ed n\u00e1v\u0161t\u011bvy do Japonska se diskutovalo minul\u00fd m\u011bs\u00edc.<\/span><\/p>\n<p><span>Tento v\u00fdvoj je v souladu s ned\u00e1vn\u00fdmi zm\u011bnami japonsk\u00e9 vojensk\u00e9 doktr\u00edny a zv\u00fd\u0161en\u00fdmi v\u00fddaji na obranu. V prosinci 2023 Japonsko schv\u00e1lilo nav\u00fd\u0161en\u00ed sv\u00e9ho obrann\u00e9ho rozpo\u010dtu na fisk\u00e1ln\u00ed rok 2024 o 16,5 procenta na celkov\u00fdch 7,95 bilionu jen\u016f (asi 51 miliard eur). Tento bezprecedentn\u00ed n\u00e1r\u016fst odr\u00e1\u017e\u00ed rostouc\u00ed obavy Japonska z region\u00e1ln\u00edch bezpe\u010dnostn\u00edch hrozeb, zejm\u00e9na z \u010c\u00edny a Severn\u00ed Koreje.<\/span><\/p>\n<p><span>Japonsko tak\u00e9 zah\u00e1jilo diskuse o z\u00edsk\u00e1n\u00ed \u201eschopnost\u00ed proti\u00faderu\u201c, kter\u00e9 by mu umo\u017enily \u00fato\u010dit na vojensk\u00e1 za\u0159\u00edzen\u00ed na nep\u0159\u00e1telsk\u00e9m \u00fazem\u00ed. To p\u0159edstavuje v\u00fdznamn\u00fd odklon od tradi\u010dn\u00edho japonsk\u00e9ho pacifistick\u00e9ho postoje od druh\u00e9 sv\u011btov\u00e9 v\u00e1lky.<\/span><\/p>\n<figure class=\"wp-block-embed is-type-rich is-provider-twitter wp-block-embed-twitter\">\n<div class=\"wp-block-embed__wrapper\">\n<div class=\"twitter-tweet twitter-tweet-rendered\"><iframe id=\"twitter-widget-1\" class=\"\" title=\"X p\u0159\u00edsp\u011bvek\" src=\"https:\/\/platform.twitter.com\/embed\/Tweet.html?dnt=true&amp;embedId=twitter-widget-1&amp;features=eyJ0ZndfdGltZWxpbmVfbGlzdCI6eyJidWNrZXQiOltdLCJ2ZXJzaW9uIjpudWxsfSwidGZ3X2ZvbGxvd2VyX2NvdW50X3N1bnNldCI6eyJidWNrZXQiOnRydWUsInZlcnNpb24iOm51bGx9LCJ0ZndfdHdlZXRfZWRpdF9iYWNrZW5kIjp7ImJ1Y2tldCI6Im9uIiwidmVyc2lvbiI6bnVsbH0sInRmd19yZWZzcmNfc2Vzc2lvbiI6eyJidWNrZXQiOiJvbiIsInZlcnNpb24iOm51bGx9LCJ0ZndfZm9zbnJfc29mdF9pbnRlcnZlbnRpb25zX2VuYWJsZWQiOnsiYnVja2V0Ijoib24iLCJ2ZXJzaW9uIjpudWxsfSwidGZ3X21peGVkX21lZGlhXzE1ODk3Ijp7ImJ1Y2tldCI6InRyZWF0bWVudCIsInZlcnNpb24iOm51bGx9LCJ0ZndfZXhwZXJpbWVudHNfY29va2llX2V4cGlyYXRpb24iOnsiYnVja2V0IjoxMjA5NjAwLCJ2ZXJzaW9uIjpudWxsfSwidGZ3X3Nob3dfYmlyZHdhdGNoX3Bpdm90c19lbmFibGVkIjp7ImJ1Y2tldCI6Im9uIiwidmVyc2lvbiI6bnVsbH0sInRmd19kdXBsaWNhdGVfc2NyaWJlc190b19zZXR0aW5ncyI6eyJidWNrZXQiOiJvbiIsInZlcnNpb24iOm51bGx9LCJ0ZndfdXNlX3Byb2ZpbGVfaW1hZ2Vfc2hhcGVfZW5hYmxlZCI6eyJidWNrZXQiOiJvbiIsInZlcnNpb24iOm51bGx9LCJ0ZndfdmlkZW9faGxzX2R5bmFtaWNfbWFuaWZlc3RzXzE1MDgyIjp7ImJ1Y2tldCI6InRydWVfYml0cmF0ZSIsInZlcnNpb24iOm51bGx9LCJ0ZndfbGVnYWN5X3RpbWVsaW5lX3N1bnNldCI6eyJidWNrZXQiOnRydWUsInZlcnNpb24iOm51bGx9LCJ0ZndfdHdlZXRfZWRpdF9mcm9udGVuZCI6eyJidWNrZXQiOiJvbiIsInZlcnNpb24iOm51bGx9fQ%3D%3D&amp;frame=false&amp;hideCard=false&amp;hideThread=false&amp;id=1833534545607725183&amp;lang=cs&amp;origin=https%3A%2F%2Freport24.news%2Fusa-planen-stationierung-von-mittelstreckenraketen-in-japan-spannungen-nehmen-zu%2F&amp;sessionId=05ffe8214347e6610dc207b8174820e6d09e90fa&amp;theme=light&amp;widgetsVersion=2615f7e52b7e0%3A1702314776716&amp;width=550px\" frameborder=\"0\" scrolling=\"no\" allowfullscreen=\"allowfullscreen\" data-tweet-id=\"1833534545607725183\" data-mce-fragment=\"1\"><\/iframe><\/div>\n<\/div>\n<\/figure>\n<p><span>Mo\u017en\u00e9 um\u00edst\u011bn\u00ed americk\u00fdch raket st\u0159edn\u00edho doletu v Japonsku bude pravd\u011bpodobn\u011b pova\u017eov\u00e1no za vysoce provokativn\u00ed ze strany \u010c\u00edny a Severn\u00ed Koreje. Ob\u011b zem\u011b se d\u016fsledn\u011b stav\u00ed proti posilov\u00e1n\u00ed americko-japonsk\u00e9 vojensk\u00e9 spolupr\u00e1ce a pova\u017euj\u00ed ji za hrozbu pro region\u00e1ln\u00ed stabilitu.<\/span><\/p>\n<p><span>Zejm\u00e9na \u010c\u00edna m\u016f\u017ee tento krok vn\u00edmat jako sou\u010d\u00e1st \u0161ir\u0161\u00ed strategie USA, kter\u00e1 m\u00e1 omezit sv\u016fj vliv v asijsko-pacifick\u00e9m regionu. Severn\u00ed Korea, kter\u00e1 pokra\u010dovala ve v\u00fdvoji vlastn\u00edch raketov\u00fdch a jadern\u00fdch program\u016f, by to mohla vyu\u017e\u00edt jako dal\u0161\u00ed z\u00e1minku k pokra\u010dov\u00e1n\u00ed ve sv\u00e9m kontroverzn\u00edm v\u00fdvoji zbran\u00ed.<\/span><\/p>\n<figure class=\"wp-block-embed is-type-rich is-provider-twitter wp-block-embed-twitter\">\n<div class=\"wp-block-embed__wrapper\">\n<div class=\"twitter-tweet twitter-tweet-rendered\"><iframe id=\"twitter-widget-2\" class=\"\" title=\"X p\u0159\u00edsp\u011bvek\" src=\"https:\/\/platform.twitter.com\/embed\/Tweet.html?dnt=true&amp;embedId=twitter-widget-2&amp;features=eyJ0ZndfdGltZWxpbmVfbGlzdCI6eyJidWNrZXQiOltdLCJ2ZXJzaW9uIjpudWxsfSwidGZ3X2ZvbGxvd2VyX2NvdW50X3N1bnNldCI6eyJidWNrZXQiOnRydWUsInZlcnNpb24iOm51bGx9LCJ0ZndfdHdlZXRfZWRpdF9iYWNrZW5kIjp7ImJ1Y2tldCI6Im9uIiwidmVyc2lvbiI6bnVsbH0sInRmd19yZWZzcmNfc2Vzc2lvbiI6eyJidWNrZXQiOiJvbiIsInZlcnNpb24iOm51bGx9LCJ0ZndfZm9zbnJfc29mdF9pbnRlcnZlbnRpb25zX2VuYWJsZWQiOnsiYnVja2V0Ijoib24iLCJ2ZXJzaW9uIjpudWxsfSwidGZ3X21peGVkX21lZGlhXzE1ODk3Ijp7ImJ1Y2tldCI6InRyZWF0bWVudCIsInZlcnNpb24iOm51bGx9LCJ0ZndfZXhwZXJpbWVudHNfY29va2llX2V4cGlyYXRpb24iOnsiYnVja2V0IjoxMjA5NjAwLCJ2ZXJzaW9uIjpudWxsfSwidGZ3X3Nob3dfYmlyZHdhdGNoX3Bpdm90c19lbmFibGVkIjp7ImJ1Y2tldCI6Im9uIiwidmVyc2lvbiI6bnVsbH0sInRmd19kdXBsaWNhdGVfc2NyaWJlc190b19zZXR0aW5ncyI6eyJidWNrZXQiOiJvbiIsInZlcnNpb24iOm51bGx9LCJ0ZndfdXNlX3Byb2ZpbGVfaW1hZ2Vfc2hhcGVfZW5hYmxlZCI6eyJidWNrZXQiOiJvbiIsInZlcnNpb24iOm51bGx9LCJ0ZndfdmlkZW9faGxzX2R5bmFtaWNfbWFuaWZlc3RzXzE1MDgyIjp7ImJ1Y2tldCI6InRydWVfYml0cmF0ZSIsInZlcnNpb24iOm51bGx9LCJ0ZndfbGVnYWN5X3RpbWVsaW5lX3N1bnNldCI6eyJidWNrZXQiOnRydWUsInZlcnNpb24iOm51bGx9LCJ0ZndfdHdlZXRfZWRpdF9mcm9udGVuZCI6eyJidWNrZXQiOiJvbiIsInZlcnNpb24iOm51bGx9fQ%3D%3D&amp;frame=false&amp;hideCard=false&amp;hideThread=false&amp;id=1833415849643778274&amp;lang=cs&amp;origin=https%3A%2F%2Freport24.news%2Fusa-planen-stationierung-von-mittelstreckenraketen-in-japan-spannungen-nehmen-zu%2F&amp;sessionId=05ffe8214347e6610dc207b8174820e6d09e90fa&amp;theme=light&amp;widgetsVersion=2615f7e52b7e0%3A1702314776716&amp;width=550px\" frameborder=\"0\" scrolling=\"no\" allowfullscreen=\"allowfullscreen\" data-tweet-id=\"1833415849643778274\" data-mce-fragment=\"1\"><\/iframe><\/div>\n<\/div>\n<\/figure>\n<p><span>Kritici varuj\u00ed, \u017ee rozm\u00edst\u011bn\u00ed takov\u00fdch zbra\u0148ov\u00fdch syst\u00e9m\u016f by mohlo v\u00e9st k nov\u00fdm z\u00e1vod\u016fm ve zbrojen\u00ed v regionu a d\u00e1le naru\u0161it ji\u017e tak napjat\u00e9 vztahy. Zast\u00e1nci v\u0161ak tvrd\u00ed, \u017ee zv\u00fd\u0161en\u00e1 p\u0159\u00edtomnost USA je nezbytn\u00e1 k tomu, aby \u010delila rostouc\u00edmu vojensk\u00e9mu nahromad\u011bn\u00ed \u010c\u00edny a hrozb\u00e1m ze Severn\u00ed Koreje.<\/span><\/p>\n<p><img decoding=\"async\" loading=\"lazy\" class=\"alignnone size-full wp-image-1185\" src=\"http:\/\/www.infokuryr.cz\/n\/wp-content\/uploads\/2021\/04\/kuryr-podpis.png\" alt=\"\" width=\"84\" height=\"24\" \/><\/p>\n<p>&nbsp;<\/p>\n","protected":false},"excerpt":{"rendered":"<p>Na spole\u010dn\u00e1 vojensk\u00e1 cvi\u010den\u00ed maj\u00ed b\u00fdt do Japonska p\u0159ivezeny i americk\u00e9 rakety st\u0159edn\u00edho doletu. Raketov\u00e9&#8230;<\/p>\n","protected":false},"author":2,"featured_media":61961,"comment_status":"closed","ping_status":"closed","sticky":false,"template":"","format":"standard","meta":[],"categories":[7],"tags":[105,349,37],"_links":{"self":[{"href":"https:\/\/www.infokuryr.cz\/n\/wp-json\/wp\/v2\/posts\/61960"}],"collection":[{"href":"https:\/\/www.infokuryr.cz\/n\/wp-json\/wp\/v2\/posts"}],"about":[{"href":"https:\/\/www.infokuryr.cz\/n\/wp-json\/wp\/v2\/types\/post"}],"author":[{"embeddable":true,"href":"https:\/\/www.infokuryr.cz\/n\/wp-json\/wp\/v2\/users\/2"}],"replies":[{"embeddable":true,"href":"https:\/\/www.infokuryr.cz\/n\/wp-json\/wp\/v2\/comments?post=61960"}],"version-history":[{"count":0,"href":"https:\/\/www.infokuryr.cz\/n\/wp-json\/wp\/v2\/posts\/61960\/revisions"}],"wp:featuredmedia":[{"embeddable":true,"href":"https:\/\/www.infokuryr.cz\/n\/wp-json\/wp\/v2\/media\/61961"}],"wp:attachment":[{"href":"https:\/\/www.infokuryr.cz\/n\/wp-json\/wp\/v2\/media?parent=61960"}],"wp:term":[{"taxonomy":"category","embeddable":true,"href":"https:\/\/www.infokuryr.cz\/n\/wp-json\/wp\/v2\/categories?post=61960"},{"taxonomy":"post_tag","embeddable":true,"href":"https:\/\/www.infokuryr.cz\/n\/wp-json\/wp\/v2\/tags?post=61960"}],"curies":[{"name":"wp","href":"https:\/\/api.w.org\/{rel}","templated":true}]}}