{"id":61921,"date":"2024-09-11T00:39:24","date_gmt":"2024-09-10T22:39:24","guid":{"rendered":"https:\/\/www.infokuryr.cz\/n\/?p=61921"},"modified":"2024-09-10T16:59:43","modified_gmt":"2024-09-10T14:59:43","slug":"jiri-paroubek-extremisticky-ministr-by-lidem-sahl-hluboko-do-kapes","status":"publish","type":"post","link":"https:\/\/www.infokuryr.cz\/n\/2024\/09\/11\/jiri-paroubek-extremisticky-ministr-by-lidem-sahl-hluboko-do-kapes\/","title":{"rendered":"Ji\u0159\u00ed Paroubek: Extr\u00e9mistick\u00fd ministr by lidem s\u00e1hl hluboko do kapes"},"content":{"rendered":"<div id=\"fb-root\"><\/div>\n<p><strong>Tedy b\u00fdt po jeho, p\u0159i transpozici a uplatn\u011bn\u00ed n\u011bkter\u00fdch evropsk\u00fdch sm\u011brnic do \u010desk\u00e9 legislativy a v politick\u00e9 praxi. Tak to vyj\u00e1d\u0159il u V. Moravce na \u010cT.<\/strong><\/p>\n<p>Podle m\u00e9ho n\u00e1zoru, je ministr pro evropsk\u00e9 z\u00e1le\u017eitosti Martin Dvo\u0159\u00e1k ze STAN extr\u00e9mista, kter\u00fd ob\u010das exhibuje se sv\u00fdmi reakcion\u00e1\u0159sk\u00fdmi n\u00e1zory. Uplatn\u011bn\u00ed t\u011bchto n\u00e1zor\u016f by ov\u0161em vedlo k\u00a0dal\u0161\u00edmu propadu \u017eivotn\u00ed \u00farovn\u011b \u010desk\u00e9ho obyvatelstva. Ur\u010dit\u011b ne t\u011bch horn\u00edch deset tis\u00edc, ur\u010dit\u011b ne vy\u0161\u0161\u00ed st\u0159edn\u00ed t\u0159\u00eddy, ale t\u011bch \u010dty\u0159 p\u011btin \u010cech\u016f, kte\u0159\u00ed si podle pr\u016fzkum\u016f v\u011brohodn\u00fdch agentur dnes st\u011b\u017euj\u00ed na vysokou inflaci posledn\u00edch let. Ti by m\u011bli dal\u0161\u00ed starosti.<\/p>\n<p>Pan ministr by t\u0159eba neodkl\u00e1dal transpozici n\u011bkter\u00fdch evropsk\u00fdch sm\u011brnic, kter\u00e9 se t\u00fdkaj\u00ed nap\u0159. z\u00e1m\u011bru placen\u00ed emisn\u00edch povolenek v\u00a0r\u00e1mci silni\u010dn\u00ed dopravy (tzn. z\u00a0osobn\u00edch aut) a za vyt\u00e1p\u011bn\u00ed obytn\u00fdch dom\u016f. Tyto z\u00e1m\u011bry Evropsk\u00e9 komise se maj\u00ed uplatnit ji\u017e od roku 2027 a spolehliv\u00e9 zdroje, kter\u00e9 propo\u010d\u00edtaly dopady evropsk\u00e9 sm\u011brnice na ceny benz\u00ednu a nafty tvrd\u00ed, \u017ee pak bude (tak\u00e9 od roku 2027) benz\u00edn o 13 korun dra\u017e\u0161\u00ed a nafta \u201ejen\u201c o 12 korun dra\u017e\u0161\u00ed.<\/p>\n<p>Dopady zm\u00edn\u011bn\u00e9 evropsk\u00e9 sm\u011brnice, transponovan\u00e9 do n\u00e1rodn\u00edch legislativ, maj\u00ed b\u00fdt eliminov\u00e1ny z tzv. \u201cSoci\u00e1ln\u011b klimatick\u00e9ho fondu\u201c, v\u00a0n\u011bm\u017e m\u00e1 b\u00fdt alokov\u00e1no 87 miliard EUR. \u010cesko m\u00e1 z\u00a0tohoto fondu dostat na pokryt\u00ed dopad\u016f sm\u011brnice uplat\u0148uj\u00edc\u00ed v\u00a0\u010cesku Green Deal v\u00a0praxi 50 miliard K\u010d. To se sice zd\u00e1 b\u00fdt velkou \u010d\u00e1stkou, ale zdaleka to nemus\u00ed sta\u010dit.<\/p>\n<p>Ministr Dvo\u0159\u00e1k ov\u0161em nez\u016fstal jenom u jednozna\u010dn\u00e9 podpory Green Dealu, v\u010detn\u011b jeho nesmysln\u00fdch opat\u0159en\u00ed a z\u00e1m\u011br\u016f, ale pustil se tak\u00e9 do geostrategick\u00fdch \u00favah. Jsou to ov\u0161em \u00favahy, kter\u00e9 by diskvalifikovaly i vedouc\u00edho odd\u00edlu skaut\u016f, pokud by bl\u00e1bolili takov\u00e9 nesmysly.<\/p>\n<p>Pan ministr velebil zv\u00fd\u0161en\u00ed cen nafty a benz\u00ednu s\u00a0t\u00edm, \u017ee \u010ce\u0161i budou m\u00e9n\u011b jezdit autem a tak budou spot\u0159ebov\u00e1vat m\u00e9n\u011b fosiln\u00edch paliv (rozum\u011bj: nafty a benz\u00ednu), mimo jin\u00e9 pr\u00fd proto\u2026\u201cabychom ned\u00e1vali vyd\u011bl\u00e1vat Rusku\u201c. Panu ministrovi z\u0159ejm\u011b nevad\u00ed a nebude vadit, \u017ee rusk\u00e1 ropa a zemn\u00ed plyn si k\u00a0n\u00e1m jist\u011b cestu najdou a nach\u00e1z\u00ed p\u0159es r\u016fzn\u00e9 prost\u0159edn\u00edky a prost\u0159ednictv\u00edm jin\u00fdch kan\u00e1l\u016f. Jen ov\u0161em podstatn\u011b dra\u017e\u0161\u00ed.\u00a0Prost\u011b ji k pob\u0159e\u017e\u00ed Evropy, k\u00a0termin\u00e1l\u016fm, kter\u00fdmi se dopravuje ropa a zkapaln\u011bn\u00fd zemn\u00ed plyn k n\u00e1m, dovezou tankery, u nich\u017e t\u011b\u017eko rozeznat zemi p\u016fvodu ropy, p\u0159\u00edpadn\u011b zemn\u00edho plynu.<\/p>\n<p>Pan ministr ov\u0161em bl\u00e1bolil chv\u00edlemi \u00fapln\u011b z\u00a0cesty, kdy\u017e se vyj\u00e1d\u0159il, \u017ee je pr\u00fd \u201eboj proti Green Dealu v\u00a0rusk\u00e9m z\u00e1jmu\u201c. Tedy pan ministr zcela pominul kategorii n\u011bkolika milion\u016f \u010desk\u00fdch ob\u010dan\u016f \u2013 \u0159idi\u010d\u016f, kte\u0159\u00ed budou biti jako \u017eito razantn\u00edm nav\u00fd\u0161en\u00edm ceny nafty a benz\u00ednu. Ostatn\u011b soud\u00edm, \u017ee naprost\u00e9 v\u011bt\u0161in\u011b z n\u00e1s jsou \u00fapln\u011b lhostejn\u00e9, anebo dokonce proti mysli z\u00e1m\u011bry na zv\u00fd\u0161en\u00ed cen pohonn\u00fdch hmot, \u017ee za to budou muset zaplatit podstatn\u011b v\u00edce.<\/p>\n<p>Je \u00fa\u017easn\u00e9, \u017ee se tento bl\u00e1bola se sv\u00fdmi bl\u00e1boly dostal do \u010cesk\u00e9 televize zhruba 14 dn\u016f p\u0159ed sen\u00e1tn\u00edmi a krajsk\u00fdmi volbami. Mysl\u00edm, \u017ee by \u010cT m\u011bla tento velebl\u00e1bol opakovat ve smy\u010dce, tak aby jej vid\u011blo p\u0159ed volbami co nejv\u00edce voli\u010d\u016f, aby jim bylo jasn\u00e9, kam koalice SPOLU a zejm\u00e9na pak l\u00edd\u0159i STAN sm\u011b\u0159uj\u00ed.<\/p>\n<p><a href=\"https:\/\/vasevec.info\/domaci-politika\/extremisticky-ministr-lidem-sahl-hluboko-do-kapes\">Ji\u0159\u00ed Paroubek<\/a><\/p>\n<p><img decoding=\"async\" loading=\"lazy\" class=\"alignnone size-medium wp-image-2342\" src=\"http:\/\/www.infokuryr.cz\/n\/wp-content\/uploads\/2021\/06\/paroubek-300x208.jpg\" alt=\"\" width=\"300\" height=\"208\" srcset=\"https:\/\/www.infokuryr.cz\/n\/wp-content\/uploads\/2021\/06\/paroubek-300x208.jpg 300w, https:\/\/www.infokuryr.cz\/n\/wp-content\/uploads\/2021\/06\/paroubek.jpg 318w\" sizes=\"(max-width: 300px) 100vw, 300px\" \/><\/p>\n<p>&nbsp;<\/p>\n","protected":false},"excerpt":{"rendered":"<p>Tedy b\u00fdt po jeho, p\u0159i transpozici a uplatn\u011bn\u00ed n\u011bkter\u00fdch evropsk\u00fdch sm\u011brnic do \u010desk\u00e9 legislativy a&#8230;<\/p>\n","protected":false},"author":2,"featured_media":14999,"comment_status":"closed","ping_status":"closed","sticky":false,"template":"","format":"standard","meta":[],"categories":[6],"tags":[89,1503,458,424],"_links":{"self":[{"href":"https:\/\/www.infokuryr.cz\/n\/wp-json\/wp\/v2\/posts\/61921"}],"collection":[{"href":"https:\/\/www.infokuryr.cz\/n\/wp-json\/wp\/v2\/posts"}],"about":[{"href":"https:\/\/www.infokuryr.cz\/n\/wp-json\/wp\/v2\/types\/post"}],"author":[{"embeddable":true,"href":"https:\/\/www.infokuryr.cz\/n\/wp-json\/wp\/v2\/users\/2"}],"replies":[{"embeddable":true,"href":"https:\/\/www.infokuryr.cz\/n\/wp-json\/wp\/v2\/comments?post=61921"}],"version-history":[{"count":0,"href":"https:\/\/www.infokuryr.cz\/n\/wp-json\/wp\/v2\/posts\/61921\/revisions"}],"wp:featuredmedia":[{"embeddable":true,"href":"https:\/\/www.infokuryr.cz\/n\/wp-json\/wp\/v2\/media\/14999"}],"wp:attachment":[{"href":"https:\/\/www.infokuryr.cz\/n\/wp-json\/wp\/v2\/media?parent=61921"}],"wp:term":[{"taxonomy":"category","embeddable":true,"href":"https:\/\/www.infokuryr.cz\/n\/wp-json\/wp\/v2\/categories?post=61921"},{"taxonomy":"post_tag","embeddable":true,"href":"https:\/\/www.infokuryr.cz\/n\/wp-json\/wp\/v2\/tags?post=61921"}],"curies":[{"name":"wp","href":"https:\/\/api.w.org\/{rel}","templated":true}]}}