{"id":61918,"date":"2024-09-11T00:36:51","date_gmt":"2024-09-10T22:36:51","guid":{"rendered":"https:\/\/www.infokuryr.cz\/n\/?p=61918"},"modified":"2024-09-10T16:54:01","modified_gmt":"2024-09-10T14:54:01","slug":"nechapu-mohl-by-si-adolf-hitler-v-nato-odpracovat-sve-zlociny-a-cesky-prezident","status":"publish","type":"post","link":"https:\/\/www.infokuryr.cz\/n\/2024\/09\/11\/nechapu-mohl-by-si-adolf-hitler-v-nato-odpracovat-sve-zlociny-a-cesky-prezident\/","title":{"rendered":"Nech\u00e1pu: mohl by si Adolf Hitler v NATO odpracovat sv\u00e9 zlo\u010diny? A \u010desk\u00fd prezident&#8230;"},"content":{"rendered":"<div id=\"fb-root\"><\/div>\n<div class=\"introtext\">\n<p><span style=\"font-size: 18pt;\"><strong>V ot\u00e1zce se nejedn\u00e1 o m\u00ed\u0159e zlo\u010dinu, ale charakteru zlo\u010dinu, a jak se z komunistick\u00e9ho vlka v NATO stane ber\u00e1nek, kter\u00fd a\u017e na Pra\u017esk\u00fd hrad do\u0161el.<\/strong><\/span><\/p>\n<\/div>\n<div class=\"fulltext\">\n<p>Co mne k tomuto srovn\u00e1n\u00ed vede? Distanc komunistky Kone\u010dn\u00e9 od komunist\u016f, co\u017e je fascinuj\u00edc\u00ed, kdy\u017e komunistka Kone\u010dn\u00e1 tvrd\u00ed, \u017ee pro komunismus nen\u00ed a nyn\u00ed lid\u00e9 kolem b\u00fdval\u00e9ho komunistick\u00e9ho rozv\u011bd\u010d\u00edka agenta P\u00e1vka, kte\u0159\u00ed tvrd\u00ed, \u017ee je na Pra\u017esk\u00e9m hrad\u011b opr\u00e1vn\u011bn\u011b, proto\u017ee\u00a0<strong>podporu zlo\u010dinn\u00fdch komunist\u016f a \u010dlenstv\u00ed v KS\u010c s podporou okupace 1968 si odpracoval v NATO.<\/strong><\/p>\n<p><span style=\"font-size: 18pt;\"><strong>Co\u017e v mnoha lidech vyvol\u00e1v\u00e1 otazn\u00edky zde formulovan\u00e9:<\/strong><\/span><\/p>\n<p>voj\u00e1k, co p\u0159\u00edsah\u00e1 na podporu \u00daV KS\u010c, Var\u0161avsk\u00e9 smlouvy a na spolupr\u00e1ci s SSSR je zahozen\u00edm rud\u00e9 kn\u00ed\u017eky o\u010dist\u011bn a jeho komunistick\u00e1\u00a0 politru\u010dka, co nutila (asi) ostatn\u00ed v\u011brn\u011b slou\u017eit \u00daV KS\u010c, je nyn\u00ed najednou opa\u010dn\u00e9ho m\u00edn\u011bn\u00ed?<\/p>\n<p><strong>V\u00e1\u017een\u00ed \u010dten\u00e1\u0159i, vy to ch\u00e1pete? Vy ch\u00e1pete, \u017ee tito dva lid\u00e9 na Pra\u017esk\u00e9m hrad\u011b jsou d\u00e1v\u00e1ni za vzor d\u011btem a mlad\u00fdm lidem?<\/strong>\u00a0Dv\u011b naprosto bezcharaktern\u00ed, prodejn\u00e9 osoby, pro n\u011b\u017e \u010dest\u00a0 a \u010desk\u00e1 standarda je pouh\u00fdm hadrem na ut\u00edr\u00e1n\u00ed bot a \u010cesk\u00e1 republika jen pl\u00e1tcem lukrativn\u00edch v\u00fdplat a vojensk\u00fdch v\u00fdsluh o mnoho d\u0159\u00edv, ne\u017e pracuj\u00edc\u00ed lid\u00e9?<\/p>\n<p><img decoding=\"async\" class=\"aligncenter\" src=\"https:\/\/www.skrytapravda.cz\/images\/220px-Flag_of_the_president_of_the_Czech_Republic.svg.png\" alt=\"220px Flag of the president of the Czech Republic.svg\" \/><\/p>\n<div class=\"info_box cela_sirka jpalert\">\n<div class=\"explanationContent\">Kolik si vyd\u011bl\u00e1 \u010desk\u00fd prezident? V roce 2022 \u010dinil m\u011bs\u00ed\u010dn\u00ed plat prezidenta 302 700 K\u010d, n\u00e1hrada pak 281 700 K\u010d. Na po\u010d\u00e1tku roku 2023 byl m\u011bs\u00ed\u010dn\u00ed\u00a0plat zv\u00fd\u0161en\u00a0<strong>na 341 200 K\u010d a n\u00e1hrada na 317 500 K\u010d<\/strong>.<\/div>\n<\/div>\n<table>\n<tbody>\n<tr>\n<td>V\u011bnoval se\u00a0 pos\u00edlen\u00ed alian\u010dn\u00ed pozice v oblasti odstra\u0161ov\u00e1n\u00ed, \u00faprav\u011b velitelsk\u00e9 struktury NATO a podpo\u0159e operac\u00ed <a title=\"Operace Rozhodn\u00e1 podpora\" href=\"https:\/\/cs.wikipedia.org\/wiki\/Operace_Rozhodn%C3%A1_podpora\">Rozhodn\u00e1 podpora<\/a>\u00a0v Afgh\u00e1nist\u00e1nu a\u00a0<a title=\"KFOR\" href=\"https:\/\/cs.wikipedia.org\/wiki\/KFOR\">KFOR<\/a>\u00a0v\u00a0<a title=\"Kosovo\" href=\"https:\/\/cs.wikipedia.org\/wiki\/Kosovo\">Kosovu<\/a>.<\/p>\n<p>V roce 2016 vyj\u00e1d\u0159il n\u00e1zor, \u017ee Rusko je nebezpe\u010dn\u011bj\u0161\u00ed ne\u017e Isl\u00e1msk\u00fd st\u00e1t a hrozba terorismu a\u00a0<a title=\"Evropsk\u00e1 migra\u010dn\u00ed krize 2015\" href=\"https:\/\/cs.wikipedia.org\/wiki\/Evropsk%C3%A1_migra%C4%8Dn%C3%AD_krize_2015\">uprchl\u00edk\u016f<\/a>\u00a0byla v\u00a0\u010cesk\u00e9 republice p\u0159ece\u0148ov\u00e1na.<\/td>\n<\/tr>\n<\/tbody>\n<\/table>\n<p><span style=\"font-size: 18pt;\"><strong>Bol\u0161evick\u00e1 rodina jak z partesu.<\/strong><\/span><\/p>\n<div class=\"info_box cela_sirka jpalert\">\n<div class=\"explanationContent\">\n<p><em>Josef Pavel byl \u010desk\u00fd voj\u00e1k a otec Petra Pavla. V 60. letech slou\u017eil u radiotechnick\u00e9ho vojska v Plan\u00e9 u Mari\u00e1nsk\u00fdch L\u00e1zn\u00ed a v Mil\u00ed\u0159\u00edch u Tachova. V roce 1973 absolvoval Vojenskou akademii A. Z\u00e1potock\u00e9ho v Brn\u011b. V letech 1973 a\u017e 1989 p\u016fsobil v 9. rot\u011b radiov\u00e9ho a radiotechnick\u00e9ho pr\u016fzkumu T\u00e1bor. Byl \u010dlenem Komunistick\u00e9 strany \u010ceskoslovenska. Po sametov\u00e9 revoluci p\u0159estoupil na Vojenskou l\u00e9ka\u0159skou akademii v Hradci Kr\u00e1lov\u00e9, kde zast\u00e1val funkci d\u016fstojn\u00edka soci\u00e1ln\u00edho \u0159\u00edzen\u00ed.<\/em><\/p>\n<p><em>Od roku 1964 byl Josef Pavel veden jako\u00a0<strong>agent vojensk\u00e9 kontrarozv\u011bdky<\/strong>\u00a0s kryc\u00edm jm\u00e9nem Hru\u0161ovsk\u00fd.<\/em><\/p>\n<\/div>\n<\/div>\n<p>M\u016f\u017ee b\u00fdt d\u00e1v\u00e1n za vzor Adolf Hitler, pokud by se p\u0159ihl\u00e1sil do NATO a velel by v Afghanist\u00e1nu, \u010di souhlasil s vra\u017ed\u011bn\u00edm civilist\u016f v Srbsku?<\/p>\n<p><strong>Ne, j\u00e1 to nech\u00e1pu a nikdy nepochop\u00edm. Sv\u00e9 d\u011bti jsem u\u010dil, \u017ee vzorem jim m\u016f\u017ee b\u00fdt pouze \u010destn\u00fd \u010dlov\u011bk\u00a0<\/strong>\u010di filmov\u00e1 postava s mor\u00e1ln\u00edmi vlastnostmi a nyn\u00ed m\u00e1m \u0159\u00edkat, \u017ee tato nemor\u00e1ln\u00ed komunistick\u00e1 korouhvi\u010dka z bol\u0161evick\u00e9 rodiny je d\u00e1v\u00e1na za vzor i d\u011btem ve \u0161kol\u00e1ch a fot\u00ed se s nimi?<\/p>\n<p>Ne, to odm\u00edt\u00e1m, m\u016fj \u017ealudek toto nep\u0159ij\u00edm\u00e1. Stejn\u011b jako kdy\u017e komunistka Kone\u010dn\u00e1 tvrd\u00ed, \u017ee buduje komunistick\u00fd kapitalismus. Ale o soudru\u017ece Kone\u010dn\u00e9 a\u017e p\u0159\u00ed\u0161t\u011b.<\/p>\n<p style=\"text-align: center;\"><em>Petr Pokorn\u00fd (nikdy jsem nebyl \u010dlenem SSM, nato\u017e KS\u010c)<\/em><\/p>\n<p><img decoding=\"async\" class=\"aligncenter\" src=\"https:\/\/www.skrytapravda.cz\/images\/vojnavalka\/vojin_Petr_Pokorn%C3%BD.webp\" alt=\"vojin Petr Pokorn\u00fd\" \/><\/p>\n<h3><span style=\"font-size: 18pt;\"><em>Dov\u011btek pro nejhloup\u011bj\u0161\u00ed:<\/em><\/span><\/h3>\n<p><em>nen\u00ed to srovn\u00e1n\u00ed \u010din\u016f Adolfa Hitlera a komunisty agenta P\u00e1vka v osob\u011b Petra Pavla, ale o mor\u00e1ln\u00ed autorit\u011b a kreditbilit\u011b d\u00e1van\u00e9 za vzor na\u0161im d\u011btem a vnou\u010dat\u016fm. A z toho mraz\u00ed. Pavel se h\u00e1jil i argumentem, \u017ee sv\u00fdm \u010dlenstv\u00edm v KS\u010c \u201enikomu neubli\u017eoval\u201c. Historik\u00a0 Petr Bla\u017eek: \u201eSpojen\u00ed \u201anikomu jsem neubl\u00ed\u017eil\u2018 je mor\u00e1ln\u011b nep\u0159ijateln\u00e9, ka\u017ed\u00fd \u010dlen zlo\u010dineck\u00e9 organizace nese sv\u016fj \u2013 by\u0165 t\u0159eba mal\u00fd \u2013 d\u00edl viny. A zde se jedn\u00e1 o p\u0159\u00edslu\u0161n\u00edka arm\u00e1dy a vojensk\u00e9 rozv\u011bdky.\u201c A tento \u010dlov\u011bk se prolhal a\u017e na Pra\u017esk\u00fd hrad: nevystoupil proti KS\u010c razantn\u011b s ob\u010dany tohoto st\u00e1tu v listopadu 1989, ale op\u011bt, a\u017e kdy\u017e m\u011bl jistotu, \u017ee komunisti padli.<\/em><\/p>\n<p><em>Jako uv\u011bdom\u011bl\u00fd komunista a voj\u00e1k stejn\u011b jako jeho otec t\u00edm, \u017ee se v listopadu 1989 nedistancovali od KS\u010c\u00a0 a totalitn\u00edho re\u017eimu d\u00e1val najevo, \u017ee v p\u0159\u00edpad\u011b rozkazu ochrany \u00daV KS\u010c by za\u010dal st\u0159\u00edlet do \u010deskoslovensk\u00fdch ob\u010dan\u016f. Gener\u00e1l \u0160ediv\u00fd pro Aktu\u00e1ln\u011b.cz vzpom\u00edn\u00e1: &#8222;Z nad\u0159\u00edzen\u00fdch velitelstv\u00ed jsme byli podrobov\u00e1ni velmi \u010dast\u00fdm kontrol\u00e1m, zda jsme p\u0159ipraveni k nasazen\u00ed proti demonstrant\u016fm. Re\u017eim jednozna\u010dn\u011b po\u010d\u00edtal s t\u00edm, \u017ee v ur\u010dit\u00fdch okam\u017eic\u00edch pou\u017eije arm\u00e1du.<\/em><\/p>\n<p><em>I p\u0159es listopadov\u00e9 ud\u00e1losti v roce 1989 Pavel t\u0159\u00edlet\u00fd kurz dokon\u010dil, pot\u00e9 vystoupil z KS\u010c a p\u0159ijal nab\u00eddku pokra\u010dovat v arm\u00e1d\u011b. Stal se z n\u011bj n\u00e1\u010deln\u00edk gener\u00e1ln\u00edho \u0161t\u00e1bu a pot\u00e9 p\u0159edseda vojensk\u00e9ho v\u00fdboru NATO!!!<\/em><\/p>\n<p><span style=\"font-size: 18pt;\"><strong>A toto je vzor cnosti ve \u0161kol\u00e1ch pro na\u0161e d\u011bti a vnou\u010data? \u010clov\u011bk, kter\u00fd je prodejn\u00fd ka\u017ed\u00e9mu re\u017eimu? Je rok 2024 a z toho skute\u010dn\u011b mraz\u00ed!<\/strong><\/span><\/p>\n<p><a href=\"https:\/\/www.skrytapravda.cz\/z-domova\/2101-nechapu-mohl-by-si-adolf-hitler-v-nato-odpracovat-sve-zlociny-a-cesky-prezident\">Petr Pokorn\u00fd<\/a><\/p>\n<p>&nbsp;<\/p>\n<\/div>\n","protected":false},"excerpt":{"rendered":"<p>V ot\u00e1zce se nejedn\u00e1 o m\u00ed\u0159e zlo\u010dinu, ale charakteru zlo\u010dinu, a jak se z komunistick\u00e9ho&#8230;<\/p>\n","protected":false},"author":2,"featured_media":61919,"comment_status":"closed","ping_status":"closed","sticky":false,"template":"","format":"standard","meta":[],"categories":[6],"tags":[1503,2712,3744,3989,1173],"_links":{"self":[{"href":"https:\/\/www.infokuryr.cz\/n\/wp-json\/wp\/v2\/posts\/61918"}],"collection":[{"href":"https:\/\/www.infokuryr.cz\/n\/wp-json\/wp\/v2\/posts"}],"about":[{"href":"https:\/\/www.infokuryr.cz\/n\/wp-json\/wp\/v2\/types\/post"}],"author":[{"embeddable":true,"href":"https:\/\/www.infokuryr.cz\/n\/wp-json\/wp\/v2\/users\/2"}],"replies":[{"embeddable":true,"href":"https:\/\/www.infokuryr.cz\/n\/wp-json\/wp\/v2\/comments?post=61918"}],"version-history":[{"count":1,"href":"https:\/\/www.infokuryr.cz\/n\/wp-json\/wp\/v2\/posts\/61918\/revisions"}],"predecessor-version":[{"id":61920,"href":"https:\/\/www.infokuryr.cz\/n\/wp-json\/wp\/v2\/posts\/61918\/revisions\/61920"}],"wp:featuredmedia":[{"embeddable":true,"href":"https:\/\/www.infokuryr.cz\/n\/wp-json\/wp\/v2\/media\/61919"}],"wp:attachment":[{"href":"https:\/\/www.infokuryr.cz\/n\/wp-json\/wp\/v2\/media?parent=61918"}],"wp:term":[{"taxonomy":"category","embeddable":true,"href":"https:\/\/www.infokuryr.cz\/n\/wp-json\/wp\/v2\/categories?post=61918"},{"taxonomy":"post_tag","embeddable":true,"href":"https:\/\/www.infokuryr.cz\/n\/wp-json\/wp\/v2\/tags?post=61918"}],"curies":[{"name":"wp","href":"https:\/\/api.w.org\/{rel}","templated":true}]}}