{"id":61916,"date":"2024-09-11T00:33:40","date_gmt":"2024-09-10T22:33:40","guid":{"rendered":"https:\/\/www.infokuryr.cz\/n\/?p=61916"},"modified":"2024-09-10T16:47:16","modified_gmt":"2024-09-10T14:47:16","slug":"dsz-za-prava-zvirat-ziskala-podle-pruzkumu-pro-ceskou-televizi-v-jednotlivych-krajich-od-6-do-10-hlasu","status":"publish","type":"post","link":"https:\/\/www.infokuryr.cz\/n\/2024\/09\/11\/dsz-za-prava-zvirat-ziskala-podle-pruzkumu-pro-ceskou-televizi-v-jednotlivych-krajich-od-6-do-10-hlasu\/","title":{"rendered":"DSZ &#8211; ZA PR\u00c1VA ZV\u00cd\u0158AT z\u00edskala podle pr\u016fzkumu pro \u010ceskou televizi  v jednotliv\u00fdch kraj\u00edch od 6 do 10 % hlas\u016f"},"content":{"rendered":"<div id=\"fb-root\"><\/div>\n<p>Demokratick\u00e1 strana zelen\u00fdch &#8211; ZA PR\u00c1VA ZV\u00cd\u0158AT dos\u00e1hla podle pr\u016fzkumu dvou agentur (Kantar CZ a Data Collect), kter\u00fd si zadala \u010cesk\u00e1 televize (ve v\u0161ech 13 kraj\u00edch kde samostatn\u011b kandiduje) 6 a\u017e 10 % volebn\u00edho potenci\u00e1lu. Pr\u016fzkum prob\u00edhal od 6. srpna do 27. srpna 2024 a ukazuje kolik procent by strany, hnut\u00ed a koalice z\u00edskaly, kdyby obdr\u017eely hlasy voli\u010d\u016f, kte\u0159\u00ed jej\u00ed volbu nyn\u00ed zva\u017euj\u00ed. Ve v\u011bt\u0161in\u011b kraj\u016f odpov\u00eddalo 1000 respondent\u016f, resp. opr\u00e1vn\u011bn\u00fdch voli\u010d\u016f v dan\u00e9m kraji star\u0161\u00edch 18 let. Jedn\u00e1 se o tedy reprezentativn\u00ed vzorek voli\u010d\u016f.<\/p>\n<p>DSZ &#8211; ZA PR\u00c1VA ZV\u00cd\u0158AT se potvrzuj\u00ed informace o velk\u00e9 podpo\u0159e \u010d\u00e1sti ve\u0159ejnosti, kter\u00e9 ji\u017e nen\u00ed lhostejn\u00e9, jak se se zv\u00ed\u0159aty zach\u00e1z\u00ed a jak n\u00edzk\u00e9 tresty jsou ud\u011blov\u00e1ny, nap\u0159. za t\u00fdr\u00e1n\u00ed zv\u00ed\u0159at.<\/p>\n<p>Volebn\u00ed potenci\u00e1l DSZ &#8211; ZA PR\u00c1VA ZV\u00cd\u0158AT v jednotliv\u00fdch kraj\u00edch zve\u0159ejn\u011bn\u00fd \u010ceskou televiz\u00ed dne 30. srpna 2024: Kr\u00e1lov\u00e9hradeck\u00fd 10 %, Pardubick\u00fd 9 %, Jiho\u010desk\u00fd 8,5 %, Plze\u0148sk\u00fd 8,5 %, \u00dasteck\u00fd 8,5 %, St\u0159edo\u010desk\u00fd 7,5 %, Karlovarsk\u00fd 7 %, Olomouck\u00fd 7 %, Zl\u00ednsk\u00fd 7 %, Vyso\u010dina 6,5 %,\u00a0 Moravskoslezsk\u00fd 6,4 %, Libereck\u00fd 6 %, Jihomoravsk\u00fd 6 %.<\/p>\n<p>DSZ &#8211; ZA PR\u00c1VA ZV\u00cd\u0158AT pat\u0159\u00ed spolu s hnut\u00edm ANO 2011 k jedin\u00fdm dv\u011bma volebn\u00edm subjekt\u016fm z devades\u00e1tip\u011bti, kter\u00e9 kandiduj\u00ed ve v\u0161ech kraj\u00edch \/St\u0159edo\u010desk\u00fd, Jiho\u010desk\u00fd, Plze\u0148sk\u00fd, Karlovarsk\u00fd, \u00dasteck\u00fd, Libereck\u00fd, Kr\u00e1lov\u00e9hradeck\u00fd, Pardubick\u00fd, Vyso\u010dina, Jihomoravsk\u00fd, Olomouck\u00fd, Zl\u00ednsk\u00fd, Moravskoslezsk\u00fd\/.<\/p>\n<p>DSZ &#8211; ZA PR\u00c1VA ZV\u00cd\u0158AT slo\u017eila kandid\u00e1tku ze sv\u00fdch \u010dlen\u016f a dal\u0161\u00edch osobnost\u00ed z \u0159ad ochr\u00e1nc\u016f zv\u00ed\u0159at, kte\u0159\u00ed se dlouhodob\u011b a aktivn\u011b v\u011bnuj\u00ed z\u00e1chran\u011b a ochran\u011b zv\u00ed\u0159at, pop\u0159. i p\u0159\u00edrody a \u017eivotn\u00edho prost\u0159ed\u00ed.<\/p>\n<p>DSZ &#8211; ZA PR\u00c1VA ZV\u00cd\u0158AT bude kandidovat ve volb\u00e1ch do zastupitelstev kraj\u016f s volebn\u00edm \u010d\u00edslem 15, kter\u00e9 j\u00ed vylosovala St\u00e1tn\u00ed volebn\u00ed komise. Celkem v nadch\u00e1zej\u00edc\u00edch krajsk\u00fdch volb\u00e1ch kandiduje 95 stran, hnut\u00ed a koalic.<br \/>\nKandid\u00e1tn\u00ed listiny DSZ &#8211; ZA PR\u00c1VA ZV\u00cd\u0158AT byly \u00fasp\u011b\u0161n\u011b zaregistrov\u00e1ny na v\u0161ech 13 krajsk\u00fdch \u00fa\u0159adech \u010cR.<\/p>\n<p style=\"text-align: left;\">DSZ &#8211; ZA PR\u00c1VA ZV\u00cd\u0158AT konstatuje, \u017ee m\u00e1 na sv\u00fdch kandid\u00e1tn\u00edch listin\u00e1ch v\u00edce jak t\u0159i \u010dtvrtiny \u017een, tj. 76 %, a 24 % mu\u017e\u016f.<\/p>\n<p>DSZ &#8211; ZA PR\u00c1VA ZV\u00cd\u0158AT je politickou stranou, kter\u00e1 zapojuje do politiky nejv\u00edce \u017een a to bez um\u011ble vytvo\u0159en\u00fdch tzv. kv\u00f3t. T\u011bchto kv\u00f3t n\u011bkter\u00e9 strany vyu\u017e\u00edvaj\u00ed, aby opticky vylep\u0161ily sv\u00e9 kandid\u00e1tky o \u017eeny, ani\u017e by se tyto kandid\u00e1tky aktivn\u011b zab\u00fdvaly politikou takov\u00e9 strany. K DSZ &#8211; ZA PR\u00c1VA ZV\u00cd\u0158AT se \u017eeny hl\u00e1s\u00ed i bez t\u011bchto kv\u00f3t, nebo\u0165 DSZ &#8211; ZA PR\u00c1VA ZV\u00cd\u0158AT vn\u00edmaj\u00ed jako modern\u00ed stranu, kter\u00e1 nab\u00edz\u00ed mo\u017enost ovlivnit d\u011bn\u00ed v tomto st\u00e1t\u011b, resp. v t\u011bchto volb\u00e1ch i EU a jako stranu, j\u00ed\u017e nen\u00ed lhostejn\u00e9, jak se \u017eije nejen lidem, ale i zv\u00ed\u0159at\u016fm.<\/p>\n<p>DSZ &#8211; ZA PR\u00c1VA ZV\u00cd\u0158AT kandiduje v nadch\u00e1zej\u00edc\u00edch volb\u00e1ch do krajsk\u00fdch zastupitelstev se z\u00e1m\u011brem bojovat za ochranu zv\u00ed\u0159at, lid\u00ed, p\u0159\u00edrody, \u017eivotn\u00edho prost\u0159ed\u00ed, ovzdu\u0161\u00ed a podneb\u00ed, resp. klimatu, krajiny a kulturn\u00edho d\u011bdictv\u00ed.<\/p>\n<p>DSZ &#8211; ZA PR\u00c1VA ZV\u00cd\u0158AT si klade za c\u00edl prosadit d\u016fsledn\u011bj\u0161\u00ed ochranu zv\u00ed\u0159at, lid\u00ed, p\u0159\u00edrody, vody, ovzdu\u0161\u00ed, podneb\u00ed, \u017eivotn\u00edho prost\u0159ed\u00ed, ale t\u00e9\u017e v\u011bt\u0161\u00ed pr\u00e1va pro zv\u00ed\u0159ata, resp. jejich v\u011bt\u0161\u00ed pr\u00e1vn\u00ed ochranu.<\/p>\n<p>DSZ &#8211; ZA PR\u00c1VA ZV\u00cd\u0158AT vystupuje proti v\u0161em druh\u016fm t\u00fdr\u00e1n\u00ed zv\u00ed\u0159at \u010di krut\u00e9mu zach\u00e1zen\u00ed s nimi. Odsuzuje ka\u017edou \u010dinnost, kter\u00e1 zp\u016fsobuje utrpen\u00ed zv\u00ed\u0159at.<\/p>\n<p>DSZ &#8211; ZA PR\u00c1VA ZV\u00cd\u0158AT se zasazuje o d\u016fsledn\u011bj\u0161\u00ed ochranu zv\u00ed\u0159at, p\u0159\u00edsn\u011bj\u0161\u00ed tresty za t\u00fdr\u00e1n\u00ed a zlep\u0161en\u00ed podm\u00ednek chovu.<\/p>\n<p>DSZ &#8211; ZA PR\u00c1VA ZV\u00cd\u0158AT je dvac\u00e1tou registrovanou politickou stranou za pr\u00e1va zv\u00ed\u0159at ve sv\u011bt\u011b, resp. \u010cesk\u00e1 republika je dvac\u00e1tou zem\u00ed, ve kter\u00e9 existuje strana zam\u011b\u0159en\u00e1 prim\u00e1rn\u011b na obranu pr\u00e1v zv\u00ed\u0159at.<\/p>\n<p>\u0158V DSZ &#8211; ZA PR\u00c1VA ZV\u00cd\u0158AT<\/p>\n<p>V Doma\u017elic\u00edch 10. 9. 2024<\/p>\n<p style=\"text-align: left;\"><img decoding=\"async\" loading=\"lazy\" class=\"alignnone size-medium wp-image-14353\" src=\"http:\/\/www.infokuryr.cz\/n\/wp-content\/uploads\/2022\/08\/demokraticka-strana-zelenych-300x172.jpg\" alt=\"\" width=\"300\" height=\"172\" srcset=\"https:\/\/www.infokuryr.cz\/n\/wp-content\/uploads\/2022\/08\/demokraticka-strana-zelenych-300x172.jpg 300w, https:\/\/www.infokuryr.cz\/n\/wp-content\/uploads\/2022\/08\/demokraticka-strana-zelenych-768x441.jpg 768w, https:\/\/www.infokuryr.cz\/n\/wp-content\/uploads\/2022\/08\/demokraticka-strana-zelenych.jpg 838w\" sizes=\"(max-width: 300px) 100vw, 300px\" \/><\/p>\n","protected":false},"excerpt":{"rendered":"<p>Demokratick\u00e1 strana zelen\u00fdch &#8211; ZA PR\u00c1VA ZV\u00cd\u0158AT dos\u00e1hla podle pr\u016fzkumu dvou agentur (Kantar CZ a&#8230;<\/p>\n","protected":false},"author":2,"featured_media":60225,"comment_status":"closed","ping_status":"closed","sticky":false,"template":"","format":"standard","meta":[],"categories":[6],"tags":[1140,620,331,27],"_links":{"self":[{"href":"https:\/\/www.infokuryr.cz\/n\/wp-json\/wp\/v2\/posts\/61916"}],"collection":[{"href":"https:\/\/www.infokuryr.cz\/n\/wp-json\/wp\/v2\/posts"}],"about":[{"href":"https:\/\/www.infokuryr.cz\/n\/wp-json\/wp\/v2\/types\/post"}],"author":[{"embeddable":true,"href":"https:\/\/www.infokuryr.cz\/n\/wp-json\/wp\/v2\/users\/2"}],"replies":[{"embeddable":true,"href":"https:\/\/www.infokuryr.cz\/n\/wp-json\/wp\/v2\/comments?post=61916"}],"version-history":[{"count":1,"href":"https:\/\/www.infokuryr.cz\/n\/wp-json\/wp\/v2\/posts\/61916\/revisions"}],"predecessor-version":[{"id":61917,"href":"https:\/\/www.infokuryr.cz\/n\/wp-json\/wp\/v2\/posts\/61916\/revisions\/61917"}],"wp:featuredmedia":[{"embeddable":true,"href":"https:\/\/www.infokuryr.cz\/n\/wp-json\/wp\/v2\/media\/60225"}],"wp:attachment":[{"href":"https:\/\/www.infokuryr.cz\/n\/wp-json\/wp\/v2\/media?parent=61916"}],"wp:term":[{"taxonomy":"category","embeddable":true,"href":"https:\/\/www.infokuryr.cz\/n\/wp-json\/wp\/v2\/categories?post=61916"},{"taxonomy":"post_tag","embeddable":true,"href":"https:\/\/www.infokuryr.cz\/n\/wp-json\/wp\/v2\/tags?post=61916"}],"curies":[{"name":"wp","href":"https:\/\/api.w.org\/{rel}","templated":true}]}}