{"id":6191,"date":"2021-11-15T15:15:20","date_gmt":"2021-11-15T14:15:20","guid":{"rendered":"http:\/\/www.infokuryr.cz\/n\/?p=6191"},"modified":"2021-11-15T15:15:20","modified_gmt":"2021-11-15T14:15:20","slug":"dr-peter-mccullough-data-ukazuji-ze-umrtnost-na-covid-vakciny-je-po-celem-svete-neobycejne-vysoka","status":"publish","type":"post","link":"https:\/\/www.infokuryr.cz\/n\/2021\/11\/15\/dr-peter-mccullough-data-ukazuji-ze-umrtnost-na-covid-vakciny-je-po-celem-svete-neobycejne-vysoka\/","title":{"rendered":"Dr. Peter McCullough: Data ukazuj\u00ed, \u017ee \u00famrtnost na Covid \u201evakc\u00edny\u201c je po cel\u00e9m sv\u011bt\u011b neoby\u010dejn\u011b vysok\u00e1"},"content":{"rendered":"<div id=\"fb-root\"><\/div>\n<div class=\"elementor-element elementor-element-1fb4c2c elementor-widget elementor-widget-theme-post-content\" data-id=\"1fb4c2c\" data-element_type=\"widget\" data-widget_type=\"theme-post-content.default\">\n<div class=\"elementor-widget-container\">\n<p><span>Od l\u00e9ta 2021 do podzimu 2021 se celkov\u00e1 \u00famrtnost rychle zvy\u0161uje ve srovn\u00e1n\u00ed se stejn\u00fdm obdob\u00edm v roce 2020. To se zm\u011bnilo po zaveden\u00ed\u00a0po cel\u00e9m sv\u011bt\u011b injekce, kter\u00e9 ozna\u010duj\u00ed jako \u201eVakc\u00edny.\u201c,\u00a0<\/span><\/p>\n<p><span>V\u0161echny zem\u011b, kde je o\u010dkov\u00e1n\u00ed roz\u0161\u00ed\u0159en\u00e9, v\u010detn\u011b Skotska, Izraele, D\u00e1nska a Spojen\u00fdch st\u00e1t\u016f americk\u00fdch, zaznamenaly masivn\u00ed n\u00e1r\u016fst \u00famrt\u00ed a to bez Covid. Jasn\u00fdm vin\u00edkem je samoz\u0159ejm\u011b o\u010dkov\u00e1n\u00ed.<\/span><\/p>\n<p><strong><a href=\"https:\/\/uncutnews.ch\/vermehrte-todesfaelle-weisen-auf-eine-entvoelkerungs-agenda-hin\/\" target=\"_blank\" rel=\"noreferrer noopener\" data-type=\"URL\" data-id=\"https:\/\/uncutnews.ch\/vermehrte-todesfaelle-weisen-auf-eine-entvoelkerungs-agenda-hin\/\"><span>UNZ Review zpracoval komplexn\u00ed anal\u00fdzu dostupn\u00fdch \u00fadaj\u016f<\/span><\/a><\/strong><span> , kter\u00e9 jasn\u011b ukazuje, \u017ee celkov\u00e1 \u00famrtnost vzr\u016fst\u00e1 v ka\u017ed\u00e9m m\u011bs\u00edci rekordn\u00edm zp\u016fsobem. Rekordy v \u00famrtnosti l\u00e1mou zejm\u00e9na v oblastech sv\u011bta, kde bylo o\u010dkov\u00e1no mnoho lid\u00ed.<\/span><\/p>\n<p><span>Nap\u0159\u00edklad ve Skotsku vl\u00e1da ned\u00e1vno zaznamenala 20. t\u00fdden v \u0159ad\u011b, kdy po\u010det \u00famrt\u00ed v cel\u00e9 zemi p\u0159es\u00e1hl p\u011btilet\u00fd pr\u016fm\u011br.\u00a0A to v zemi, kde zat\u00edm o\u010dkov\u00e1n\u00ed obdr\u017eelo 87 procent lid\u00ed.<\/span><\/p>\n<p><span>\u201eI kdy\u017e zapo\u010d\u00edt\u00e1te \u00famrt\u00ed na Covid, byla za posledn\u00ed t\u00fdden t\u00e9m\u011b\u0159 o 20 % nad norm\u00e1lem a trend se zvy\u0161uje,\u201c \u0159ekl Alex Berenson na sv\u00e9m Substacku.<\/span><\/p>\n<p><span>N\u011bmecko je v podobn\u00e9 ba\u017ein\u011b s t\u00e9m\u011b\u0159 78 000 hl\u00e1\u0161en\u00fdmi nadm\u011brn\u00fdmi \u00famrt\u00edmi, co\u017e je \u010d\u00edslo o 10 procent nad o\u010dek\u00e1v\u00e1n\u00edm.<\/span><\/p>\n<p><span>&#8222;\u00damrtnost (v N\u011bmecku) v z\u00e1\u0159\u00ed 2021: 10 procent nad pr\u016fm\u011brem posledn\u00edch n\u011bkolika let,&#8220; dodal Berenson.<\/span><\/p>\n<p><span>V d\u016fsledku o\u010dkov\u00e1n\u00ed proti Covidu um\u00edr\u00e1 v\u00edce mlad\u00fdch ne\u017e star\u00fdch lid\u00ed<\/span><\/p>\n<p><span>V D\u00e1nsku, Finsku a Norsku jsou \u201ez\u00e1hadn\u00e1\u201c \u00famrt\u00ed na Covid aktu\u00e1ln\u011b vy\u0161\u0161\u00ed ne\u017e kdy jindy, a to i b\u011bhem \u201enejhor\u0161\u00ed\u201c f\u00e1ze pl\u00e1nu.\u00a0\u00damrtnost za\u010dala v t\u011bchto t\u0159ech zem\u00edch raketov\u011b stoupat ihned po zaveden\u00ed \u201evakc\u00edny\u201c.<\/span><\/p>\n<p><span>P\u011bt m\u011bs\u00edc\u016f v \u0159ad\u011b D\u00e1nsko p\u0159ekon\u00e1valo 10let\u00fd rekord \u00famrt\u00ed ze \u201ev\u0161ech p\u0159\u00ed\u010din\u201c.\u00a0Mezit\u00edm b\u011bhem t\u00e9to doby prakticky nedo\u0161lo k \u017e\u00e1dn\u00e9mu \u00famrt\u00ed na \u201eCovid\u201c.<\/span><\/p>\n<p><span>Irsko, Spojen\u00e9 kr\u00e1lovstv\u00ed a Izrael maj\u00ed podobn\u00e1 alarmuj\u00edc\u00ed \u010d\u00edsla.\u00a0A shodou okolnost\u00ed maj\u00ed v\u0161echny t\u0159i zem\u011b extr\u00e9mn\u011b vysokou \u201eproo\u010dkovanost\u201c.<\/span><\/p>\n<p><span>Zaj\u00edmav\u00e9 je, \u017ee nejv\u00edce posti\u017eenou populac\u00ed jsou mlad\u00ed lid\u00e9, kte\u0159\u00ed na o\u010dkov\u00e1n\u00ed um\u00edraj\u00ed mnohem \u010dast\u011bji ne\u017e senio\u0159i.\u00a0\u010clov\u011bk by si myslel, \u017ee by to m\u011blo b\u00fdt naopak.<\/span><\/p>\n<p><span>\u201eZat\u00edmco \u00famrt\u00ed na COVID se z velk\u00e9 \u010d\u00e1sti omezuj\u00ed na seniory, jsou to mlad\u00ed, kdo nesou hlavn\u00ed t\u00edhu po\u0161kozen\u00ed vakc\u00ednou,\u201c uv\u00e1d\u00ed LifeSiteNews, jak je p\u0159ed\u00e1v\u00e1 Unz.<\/span><\/p>\n<p><span>\u201ePodle VigiAccess, datab\u00e1ze ne\u017e\u00e1douc\u00edch \u00fa\u010dink\u016f Sv\u011btov\u00e9 zdravotnick\u00e9 organizace, se 41 % z v\u00edce ne\u017e 2,4 milion\u016f dosud hl\u00e1\u0161en\u00fdch poran\u011bn\u00ed zp\u016fsoben\u00fdch o\u010dkov\u00e1n\u00edm stalo u lid\u00ed mlad\u0161\u00edch 44 let a pouze 6 % u lid\u00ed star\u0161\u00edch 75 let.\u201c<\/span><\/p>\n<p><span>Jin\u00fdmi slovy, je to genocida ml\u00e1de\u017ee, kter\u00e1 prob\u00edh\u00e1 t\u011bmito o\u010dkov\u00e1n\u00edmi.<\/span><\/p>\n<p><span>Zvy\u0161uje se nejen po\u010det \u00famrt\u00ed, ale zvy\u0161uje se i po\u010det v\u00e1\u017en\u00fdch zran\u011bn\u00ed zp\u016fsoben\u00fdch t\u011bmito injekcemi.\u00a0Myslete na v\u011bci jako srde\u010dn\u00ed infarkt, mrtvice, krevn\u00ed sra\u017eeniny, ob\u011bhov\u00e9 choroby a neurologick\u00e9 probl\u00e9my, \u201estejn\u00e9 nemoci souvisej\u00edc\u00ed s o\u010dkov\u00e1n\u00edm, p\u0159ed kter\u00fdmi n\u00e1s varovali l\u00e9ka\u0159i a v\u011bdci, kte\u0159\u00ed n\u00e1m od za\u010d\u00e1tku \u0159\u00edkali pravdu,\u201c \u0159ekl Mike Whitney z Unz.<\/span><\/p>\n<p><span>&#8222;Zjednodu\u0161en\u011b \u0159e\u010deno, vakc\u00edny po\u010det \u00famrt\u00ed sp\u00ed\u0161e zvy\u0161uj\u00ed, ne\u017e aby je sni\u017eovaly,&#8220; dodal Whitney.\u00a0&#8222;Ned\u011bl\u00e1\u0161 v\u011bci lep\u0161\u00edmi, oni d\u011blaj\u00ed v\u011bci hor\u0161\u00edmi.&#8220;<\/span><\/p>\n<p><span>\u201eNeukon\u010duje\u0161 krizi, m\u00edsto abys ji ukon\u010dil.\u00a0Proto \u010derven\u00e1 \u010d\u00e1ra ukazuje v grafu nahoru.\u00a0To je zn\u00e1mkou toho, \u017ee dokud budeme d\u011blat to, co d\u011bl\u00e1me nyn\u00ed, o\u010dkovat miliony lid\u00ed cytotoxick\u00fdm \u010dinidlem, kter\u00e9 zp\u016fsobuje krevn\u00ed sra\u017eeniny, z\u00e1n\u011bty a autoimunitu, bude po\u010det ob\u011bt\u00ed nad\u00e1le stoupat.<\/span><\/p>\n<\/div>\n<\/div>\n<div class=\"elementor-element elementor-element-8c57238 quelle dc-has-condition dc-condition-empty elementor-widget elementor-widget-heading\" data-id=\"8c57238\" data-element_type=\"widget\" data-widget_type=\"heading.default\">\n<div class=\"elementor-widget-container\">\n<h3 class=\"elementor-heading-title elementor-size-default\"><span style=\"font-size: 8pt;\"><a href=\"https:\/\/t.me\/PeterMcCullough\" target=\"_blank\" rel=\"nofollow noopener\">ZDROJ: DR.\u00a0PETER MCCULLOUGH<\/a><\/span><\/h3>\n<\/div>\n<\/div>\n","protected":false},"excerpt":{"rendered":"<p>Od l\u00e9ta 2021 do podzimu 2021 se celkov\u00e1 \u00famrtnost rychle zvy\u0161uje ve srovn\u00e1n\u00ed se stejn\u00fdm&#8230;<\/p>\n","protected":false},"author":2,"featured_media":6192,"comment_status":"closed","ping_status":"closed","sticky":false,"template":"","format":"standard","meta":[],"categories":[7],"tags":[213,523,651],"_links":{"self":[{"href":"https:\/\/www.infokuryr.cz\/n\/wp-json\/wp\/v2\/posts\/6191"}],"collection":[{"href":"https:\/\/www.infokuryr.cz\/n\/wp-json\/wp\/v2\/posts"}],"about":[{"href":"https:\/\/www.infokuryr.cz\/n\/wp-json\/wp\/v2\/types\/post"}],"author":[{"embeddable":true,"href":"https:\/\/www.infokuryr.cz\/n\/wp-json\/wp\/v2\/users\/2"}],"replies":[{"embeddable":true,"href":"https:\/\/www.infokuryr.cz\/n\/wp-json\/wp\/v2\/comments?post=6191"}],"version-history":[{"count":0,"href":"https:\/\/www.infokuryr.cz\/n\/wp-json\/wp\/v2\/posts\/6191\/revisions"}],"wp:featuredmedia":[{"embeddable":true,"href":"https:\/\/www.infokuryr.cz\/n\/wp-json\/wp\/v2\/media\/6192"}],"wp:attachment":[{"href":"https:\/\/www.infokuryr.cz\/n\/wp-json\/wp\/v2\/media?parent=6191"}],"wp:term":[{"taxonomy":"category","embeddable":true,"href":"https:\/\/www.infokuryr.cz\/n\/wp-json\/wp\/v2\/categories?post=6191"},{"taxonomy":"post_tag","embeddable":true,"href":"https:\/\/www.infokuryr.cz\/n\/wp-json\/wp\/v2\/tags?post=6191"}],"curies":[{"name":"wp","href":"https:\/\/api.w.org\/{rel}","templated":true}]}}