{"id":6188,"date":"2021-11-15T14:25:57","date_gmt":"2021-11-15T13:25:57","guid":{"rendered":"http:\/\/www.infokuryr.cz\/n\/?p=6188"},"modified":"2021-11-15T14:26:12","modified_gmt":"2021-11-15T13:26:12","slug":"polsky-premier-vyzyva-nato-aby-podniklo-konkretni-kroky-proti-belorusku","status":"publish","type":"post","link":"https:\/\/www.infokuryr.cz\/n\/2021\/11\/15\/polsky-premier-vyzyva-nato-aby-podniklo-konkretni-kroky-proti-belorusku\/","title":{"rendered":"Polsk\u00fd premi\u00e9r vyz\u00fdv\u00e1 NATO, aby podniklo konkr\u00e9tn\u00ed kroky proti B\u011blorusku"},"content":{"rendered":"<div id=\"fb-root\"><\/div>\n<p>K vy\u0159e\u0161en\u00ed uprchlick\u00e9 krize na polsk\u00fdch hranic\u00edch s B\u011bloruskem slova nesta\u010d\u00ed.\u00a0Ozn\u00e1mil to polsk\u00fd premi\u00e9r Mateusz Morawiecki a vyzval NATO, aby podniklo \u201ekonkr\u00e9tn\u00ed kroky\u201c k vy\u0159e\u0161en\u00ed probl\u00e9mu.<\/p>\n<p>&#8222;Nen\u00ed pochyb o tom, \u017ee v\u011bci za\u0161ly p\u0159\u00edli\u0161 daleko,&#8220; \u0159ekl v ned\u011bli polsk\u00e9 tiskov\u00e9 agentu\u0159e PAP polsk\u00fd premi\u00e9r Mateusz Morawiecki.\u00a0Dodal, \u017ee \u201esamotn\u00e1 slova k zastaven\u00ed Minska nesta\u010d\u00ed\u201c. Obvinil B\u011blorusko z organizov\u00e1n\u00ed hrani\u010dn\u00ed krize.<\/p>\n<p>Polsk\u00fd p\u0159edseda vl\u00e1dy tak\u00e9 ozn\u00e1mil, \u017ee on a hlavy st\u00e1t\u016f a vl\u00e1d Loty\u0161ska a Litvy zva\u017euj\u00ed pou\u017eit\u00ed \u010dl\u00e1nku \u010dty\u0159i smlouvy NATO, aby p\u0159im\u011bli alianci jednat.<\/p>\n<p>\u010cl\u00e1nek \u010dty\u0159i uv\u00e1d\u00ed, \u017ee smluvn\u00ed strany mus\u00ed v\u00e9st konzultace, \u201epokud se jedna z nich domn\u00edv\u00e1, \u017ee je ohro\u017eena \u00fazemn\u00ed celistvost, politick\u00e1 nez\u00e1vislost nebo bezpe\u010dnost jedn\u00e9 ze smluvn\u00edch stran\u201c.<\/p>\n<p>Nesta\u010d\u00ed \u201eve\u0159ejn\u011b vyj\u00e1d\u0159it na\u0161e znepokojen\u00ed,\u201c zd\u016fraznil Morawiecki a dodal, \u017ee od v\u0161ech \u010dlen\u016f NATO je vy\u017eadov\u00e1no \u201eodhodl\u00e1n\u00ed a konkr\u00e9tn\u00ed kroky\u201c.\u00a0\u0158ekl, \u017ee je v neust\u00e1l\u00e9m kontaktu s dal\u0161\u00edmi evropsk\u00fdmi l\u00eddry.\u00a0Ned\u00e1vno hovo\u0159il s p\u0159edsedou Rady EU Charlesem Michelem a \u0161\u00e9fkou Evropsk\u00e9 komise Ursulou von der Leyenovou.\u00a0O &#8222;provokativn\u00edch akc\u00edch&#8220; Minska byl informov\u00e1n i americk\u00fd prezident Joe Biden.<\/p>\n<p>Polsk\u00fd premi\u00e9r tak\u00e9 tvrdil, \u017ee jsou na stole nov\u00e9 sankce proti B\u011blorusku. Ty by byly zv\u00e1\u017eeny na p\u0159\u00ed\u0161t\u00edm nal\u00e9hav\u00e9m summitu Rady EU, kter\u00e9 Polsko po\u017eadovalo svolat. Vysv\u011btlil:<\/p>\n<p><em>&#8222;Ur\u010dit\u011b budeme jednat o dal\u0161\u00edch sankc\u00edch, v\u010detn\u011b \u00fapln\u00e9ho uzav\u0159en\u00ed hranic.&#8220;<\/em><\/p>\n<p>Morawiecki obvinil Minsk a Moskvu, \u017ee vedou dezinforma\u010dn\u00ed kampa\u0148 proti Polsku, aby obvinily zemi z krize.\u00a0Vyzval z\u00e1padn\u00ed m\u00e9dia, aby nenapadla \u00fadajnou manipulaci b\u011blorusk\u00e9ho prezidenta Alexandra Luka\u0161enka v\u00fdm\u011bnou za p\u0159\u00edstup do uprchlick\u00fdch t\u00e1bor\u016f.\u00a0P\u0159edseda polsk\u00e9 vl\u00e1dy zd\u016fraznil, \u017ee ned\u00e1vn\u00e9 zpr\u00e1vy m\u00e9di\u00ed z USA ho ot\u0159\u00e1sly. Vyzval m\u00e9dia, aby se spol\u00e9hala na \u201espolehliv\u00e9, ov\u011b\u0159en\u00e9 informace\u201c, kter\u00e9 Polsko poskytuje prost\u0159ednictv\u00edm speci\u00e1ln\u011b z\u0159\u00edzen\u00e9ho vl\u00e1dn\u00edho port\u00e1lu. Zapom\u011bl dodat, \u017ee se jedn\u00e1 jen o jednostrann\u00e9 l\u017eiv\u00e9 informace a nez\u00e1visl\u00ed novin\u00e1\u0159i nejsou do z\u00f3ny vpou\u0161t\u011bn\u00ed, aby si mohli sami ud\u011blat obr\u00e1zek o v\u011brohodnosti jeho tvrzen\u00ed.<\/p>\n<p>Na b\u011blorusko-polsk\u00e9 hranici uv\u00edzly tis\u00edce migrant\u016f, p\u0159edev\u0161\u00edm z Bl\u00edzk\u00e9ho v\u00fdchodu.\u00a0EU obvi\u0148uje B\u011blorusko z organizov\u00e1n\u00ed krize.\u00a0Minsk to opakovan\u011b pop\u0159el s t\u00edm, \u017ee si prost\u011b nem\u016f\u017ee dovolit zv\u00fd\u0161enou bezpe\u010dnost hranic kv\u016fli ochromuj\u00edc\u00edm sankc\u00edm z Bruselu.\u00a0Podle b\u011blorusk\u00fdch \u00fa\u0159ad\u016f vede EU \u201ehybridn\u00ed v\u00e1lku\u201c proti Minsku podporou b\u011blorusk\u00e9 opozice.<\/p>\n<p><img decoding=\"async\" loading=\"lazy\" class=\"alignnone size-full wp-image-1185\" src=\"http:\/\/www.infokuryr.cz\/n\/wp-content\/uploads\/2021\/04\/kuryr-podpis.png\" alt=\"\" width=\"84\" height=\"24\" \/><\/p>\n<p>&nbsp;<\/p>\n","protected":false},"excerpt":{"rendered":"<p>K vy\u0159e\u0161en\u00ed uprchlick\u00e9 krize na polsk\u00fdch hranic\u00edch s B\u011bloruskem slova nesta\u010d\u00ed.\u00a0Ozn\u00e1mil to polsk\u00fd premi\u00e9r Mateusz&#8230;<\/p>\n","protected":false},"author":2,"featured_media":5552,"comment_status":"closed","ping_status":"closed","sticky":false,"template":"","format":"standard","meta":[],"categories":[7],"tags":[150,39,31],"_links":{"self":[{"href":"https:\/\/www.infokuryr.cz\/n\/wp-json\/wp\/v2\/posts\/6188"}],"collection":[{"href":"https:\/\/www.infokuryr.cz\/n\/wp-json\/wp\/v2\/posts"}],"about":[{"href":"https:\/\/www.infokuryr.cz\/n\/wp-json\/wp\/v2\/types\/post"}],"author":[{"embeddable":true,"href":"https:\/\/www.infokuryr.cz\/n\/wp-json\/wp\/v2\/users\/2"}],"replies":[{"embeddable":true,"href":"https:\/\/www.infokuryr.cz\/n\/wp-json\/wp\/v2\/comments?post=6188"}],"version-history":[{"count":0,"href":"https:\/\/www.infokuryr.cz\/n\/wp-json\/wp\/v2\/posts\/6188\/revisions"}],"wp:featuredmedia":[{"embeddable":true,"href":"https:\/\/www.infokuryr.cz\/n\/wp-json\/wp\/v2\/media\/5552"}],"wp:attachment":[{"href":"https:\/\/www.infokuryr.cz\/n\/wp-json\/wp\/v2\/media?parent=6188"}],"wp:term":[{"taxonomy":"category","embeddable":true,"href":"https:\/\/www.infokuryr.cz\/n\/wp-json\/wp\/v2\/categories?post=6188"},{"taxonomy":"post_tag","embeddable":true,"href":"https:\/\/www.infokuryr.cz\/n\/wp-json\/wp\/v2\/tags?post=6188"}],"curies":[{"name":"wp","href":"https:\/\/api.w.org\/{rel}","templated":true}]}}