{"id":61877,"date":"2024-09-10T09:29:09","date_gmt":"2024-09-10T07:29:09","guid":{"rendered":"https:\/\/www.infokuryr.cz\/n\/?p=61877"},"modified":"2024-09-10T09:29:09","modified_gmt":"2024-09-10T07:29:09","slug":"rusko-odrazilo-velky-nalet-ukrajinskych-dronu","status":"publish","type":"post","link":"https:\/\/www.infokuryr.cz\/n\/2024\/09\/10\/rusko-odrazilo-velky-nalet-ukrajinskych-dronu\/","title":{"rendered":"Rusko odrazilo velk\u00fd n\u00e1let ukrajinsk\u00fdch dron\u016f"},"content":{"rendered":"<div id=\"fb-root\"><\/div>\n<p><span style=\"font-size: 18pt;\"><strong>P\u0159il\u00e9taj\u00edc\u00ed UAV byly sest\u0159eleny nad dev\u00edti rusk\u00fdmi regiony, uvedlo ministerstvo obrany<\/strong><\/span><\/p>\n<p><span>P\u0159i rozs\u00e1hl\u00e9m ukrajinsk\u00e9m \u00fatoku na rusk\u00e9 \u00fazem\u00ed bylo v noci na dne\u0161ek zni\u010deno nebo zachyceno celkem 144 dron\u016f, uvedlo ministerstvo obrany v Moskv\u011b.<\/span><\/p>\n<p><span>P\u0159il\u00e9taj\u00edc\u00ed letadla typu UAV byla sest\u0159elena nad dev\u00edti rusk\u00fdmi regiony, uvedlo ministerstvo v prohl\u00e1\u0161en\u00ed v \u00fater\u00fd r\u00e1no.<\/span><\/p>\n<p><em><span>\u201eB\u011bhem pokusu kyjevsk\u00e9ho re\u017eimu prov\u00e9st teroristick\u00fd \u00fatok pomoc\u00ed bezpilotn\u00edch vzdu\u0161n\u00fdch prost\u0159edk\u016f,\u201c<\/span><\/em><span>\u00a0uvedlo ministerstvo, rusk\u00e1 protivzdu\u0161n\u00e1 obrana zlikvidovala 72 dron\u016f nad Brjanskou oblast\u00ed, 20 nad Moskevskou oblast\u00ed, 14 nad Kurskou oblast\u00ed a 13 nad Tulskou oblast\u00ed.<\/span><\/p>\n<p><span>Jinde bylo zni\u010deno osm dron\u016f v oblasti Belgorod, sedm v oblasti Kaluga, p\u011bt ve Voron\u011b\u017esk\u00e9 oblasti, \u010dty\u0159i v Lipeck\u00e9 oblasti a jeden v Orelsk\u00e9 oblasti.<\/span><\/p>\n<p><span>Ve m\u011bst\u011b Ramenskoje u Moskvy byly podle krajsk\u00e9ho hejtmana Andreje Vorobjeva b\u011bhem ukrajinsk\u00e9ho n\u00e1letu zasa\u017eeny nejm\u00e9n\u011b dva bytov\u00e9 domy.<\/span><\/p>\n<div class=\"rtcode\">\n<div><iframe loading=\"lazy\" id=\"telegram-post-bbbreaking-189701\" src=\"https:\/\/t.me\/bbbreaking\/189701?embed=1\" width=\"100%\" height=\"\" frameborder=\"0\" scrolling=\"no\" data-mce-fragment=\"1\"><\/iframe><\/div>\n<\/div>\n<p><span>Byla zabita 46let\u00e1 \u017eena a dal\u0161\u00ed t\u0159i lid\u00e9 byli zran\u011bni, napsal Vorobjev na Telegramu. V jedn\u00e9 z budov vypukl po\u017e\u00e1r, ale byl rychle uha\u0161en, dodal.<\/span><\/p>\n<p><span>Guvern\u00e9r Brjansk\u00e9 oblasti Aleksandr Bogomaz na Telegramu napsal, \u017ee\u00a0<\/span><em><span>\u201ed\u00edky profesionalit\u011b na\u0161ich udatn\u00fdch obr\u00e1nc\u016f nedo\u0161lo k \u017e\u00e1dn\u00fdm ztr\u00e1t\u00e1m ani zni\u010den\u00ed, v\u0161echny \u00fatoky byly odra\u017eeny, v\u0161echny c\u00edle byly zni\u010deny\u201c.<\/span><\/em><\/p>\n<p><span>Protivzdu\u0161n\u00e1 obrana pracovala v Kursk\u00e9 oblasti celou noc, \u0159ekl m\u00edstn\u00ed guvern\u00e9r Aleksandr Bogomaz. Varoval tak\u00e9 ve\u0159ejnost p\u0159ed p\u0159ibli\u017eov\u00e1n\u00edm se k trosk\u00e1m UAV, proto\u017ee by to mohlo b\u00fdt nebezpe\u010dn\u00e9.<\/span><\/p>\n<p><span>Kyjev od ledna zintenzivnil sv\u00e9 n\u00e1jezdy dron\u016f do Ruska, kter\u00e9 se zam\u011b\u0159uj\u00ed p\u0159edev\u0161\u00edm na energetickou infrastrukturu, ale zasahuj\u00ed tak\u00e9 obytn\u00e9 oblasti. Moskva reagovala p\u0159id\u00e1n\u00edm ukrajinsk\u00fdch elektr\u00e1ren na sv\u016fj seznam legitimn\u00edch vojensk\u00fdch c\u00edl\u016f. V\u011bt\u0161ina ukrajinsk\u00e9 nejadern\u00e9 v\u00fdrobn\u00ed kapacity byla od t\u00e9 doby vy\u0159azena nebo zni\u010dena rusk\u00fdmi \u00fadery.<\/span><\/p>\n<p><span>Velk\u00fd ukrajinsk\u00fd \u00fatok UAV na rusk\u00e9 \u00fazem\u00ed se odehr\u00e1l 1. z\u00e1\u0159\u00ed a podle ministerstva obrany bylo nad v\u00edce ne\u017e tuctem rusk\u00fdch region\u016f sest\u0159eleno nebo zachyceno a\u017e 158 dron\u016f. V srpnu do\u0161lo tak\u00e9 k n\u011bkolika velk\u00fdm n\u00e1jezd\u016fm.<\/span><\/p>\n<h1 class=\"article__heading\"><span>\u017dena zabit\u00e1 p\u0159i n\u00e1letu ukrajinsk\u00e9ho dronu u Moskvy<\/span><\/h1>\n<p><span style=\"font-size: 14pt;\"><strong>Ve m\u011bst\u011b Ramenskoje, jihov\u00fdchodn\u011b od rusk\u00e9 metropole, bylo po\u0161kozeno n\u011bkolik obytn\u00fdch budov<\/strong><\/span><\/p>\n<p><span>Ukrajina provedla p\u0159es noc bezpilotn\u00ed n\u00e1let na Moskvu a jej\u00ed p\u0159edm\u011bst\u00ed zahrnuj\u00edc\u00ed nejm\u00e9n\u011b 14 UAV, uvedli \u00fa\u0159edn\u00edci.<\/span><\/p>\n<p><span>\u00datok po\u0161kodil n\u011bkolik bytov\u00fdch dom\u016f a podle guvern\u00e9ra Moskevsk\u00e9 oblasti Andreje Vorobjova m\u011bl za n\u00e1sledek nejm\u00e9n\u011b jednu smrt a mnoho\u010detn\u00e1 zran\u011bn\u00ed.<\/span><\/p>\n<p><span>Guvern\u00e9r nejprve \u0159ekl:\u00a0\u00a0<\/span><em><span>\u201eDev\u00edtilet\u00e9 d\u00edt\u011b bohu\u017eel zem\u0159elo\u201c<\/span><\/em><em>\u00a0<\/em><span>\u00a0pot\u00e9, co dron zas\u00e1hl v\u00fd\u0161kovou budovu na Sportivny Proezd ve m\u011bst\u011b Ramenskoje a zap\u00e1lil po\u017e\u00e1r v n\u011bkolika bytech v 11. a 12. pat\u0159e.\u00a0<\/span><\/p>\n<p><span>V n\u00e1sledn\u00e9m p\u0159\u00edsp\u011bvku na Telegramu v\u0161ak asi o 90 minut pozd\u011bji\u00a0<\/span><a href=\"https:\/\/t.me\/vorobiev_live\/7315\" target=\"_blank\" rel=\"noopener noreferrer\"><span>up\u0159esnil<\/span><\/a><span>\u00a0, \u017ee d\u00edt\u011b skute\u010dn\u011b p\u0159e\u017eilo \u2013 46let\u00e1 \u017eena v\u0161ak zran\u011bn\u00edm podlehla. Dal\u0161\u00ed t\u0159i lid\u00e9 byli p\u0159i tomto \u00fatoku zran\u011bni a hospitalizov\u00e1ni.<\/span><\/p>\n<p><span>Dal\u0161\u00ed UAV zas\u00e1hl budovu v ulici Vysokovoltnaya, po\u0161kodil byt v 9. pat\u0159e a zranil nejm\u00e9n\u011b jednu osobu.<\/span><\/p>\n<p><span>Vorobjov uvedl, \u017ee na m\u00edsto okam\u017eit\u011b dorazily v\u0161echny z\u00e1chrann\u00e9 slu\u017eby a zorganizovaly evakuaci obyvatel.\u00a0\u00a0<\/span><em><span>&#8222;Evakuovan\u00ed obyvatel\u00e9 byli um\u00edst\u011bni do do\u010dasn\u00e9ho ubytov\u00e1n\u00ed v rekrea\u010dn\u00edm st\u0159edisku,&#8220;<\/span><\/em><span>\u00a0\u00a0dodal guvern\u00e9r.<\/span><\/p>\n<p><span>Podle guvern\u00e9ra Moskevsk\u00e9 oblasti a starosty rusk\u00e9ho hlavn\u00edho m\u011bsta Sergeje Sobyanina bylo p\u0159es noc v okresech Moskevsk\u00e9 oblasti Podolsk, Ramenskoje, Ljubertsy, Domod\u011bdovo a Kolomna celkem detekov\u00e1no a zachyceno nejm\u00e9n\u011b 14 dron\u016f.<\/span><\/p>\n<p><span>Prvn\u00ed UAV byl zachycen ve \u010dtvrti Ljubertsy na p\u0159edm\u011bst\u00ed Moskvy, napsal Sobyanin na Telegram v \u00fater\u00fd kolem 2:30. O n\u011bkolik minut pozd\u011bji ozn\u00e1mil, \u017ee v okrese Ramensky na jihov\u00fdchod\u011b m\u011bsta byly sest\u0159eleny dal\u0161\u00ed dva drony. Podle \u00fa\u0159edn\u00edka padaj\u00edc\u00ed trosky nezp\u016fsobily ob\u011bti ani \u0161kody na zemi.<\/span><\/p>\n<p><span>\u010cty\u0159i dal\u0161\u00ed drony byly zachyceny v okrese Podolsk ji\u017en\u011b od hlavn\u00edho m\u011bsta, dodal Sobyanin v n\u00e1sledn\u00e9m p\u0159\u00edsp\u011bvku ve 3:10 m\u00edstn\u00edho \u010dasu. Ve 4:00 ozn\u00e1mil, \u017ee v okrese Domod\u011bdovo byly sest\u0159eleny dal\u0161\u00ed dva drony. V n\u00e1sleduj\u00edc\u00edch hodin\u00e1ch bylo nad Ramensk\u00fdm distriktem detekov\u00e1no a zachyceno n\u011bkolik dal\u0161\u00edch nep\u0159\u00e1telsk\u00fdch c\u00edl\u016f.<\/span><\/p>\n<p><span>Invaze bezpilotn\u00edch letoun\u016f vedla k \u010detn\u00fdm zpo\u017ed\u011bn\u00edm let\u016f na moskevsk\u00fdch leti\u0161t\u00edch Vnukovo, Domod\u011bdovo a \u017dukovskij, podle zpr\u00e1v m\u00e9di\u00ed.<\/span><\/p>\n<p><span>Rusk\u00e9 ministerstvo obrany zat\u00edm nepotvrdilo rozsah nejnov\u011bj\u0161\u00edho \u00fatoku. Podle guvern\u00e9ra Aleksandra Bogomaze v\u0161ak bylo jen nad Brjanskou oblast\u00ed zadr\u017eeno nebo sest\u0159eleno nejm\u00e9n\u011b 59 dron\u016f.<\/span><\/p>\n<p><span>Ukrajina zah\u00e1jila 1. z\u00e1\u0159\u00ed rozs\u00e1hl\u00fd \u00fatok na rusk\u00e9 \u00fazem\u00ed, p\u0159i\u010dem\u017e podle ministerstva obrany bylo sest\u0159eleno nebo zachyceno celkem 158 dron\u016f. C\u00edlem tohoto incidentu byla tak\u00e9 Moskva, p\u0159i\u010dem\u017e sedm dron\u016f sest\u0159elilo nad Moskevskou oblast\u00ed a dal\u0161\u00ed dva nad samotn\u00fdm hlavn\u00edm m\u011bstem v t\u00e9 dob\u011b.<\/span><\/p>\n<p><img decoding=\"async\" loading=\"lazy\" class=\"alignnone size-full wp-image-1185\" src=\"http:\/\/www.infokuryr.cz\/n\/wp-content\/uploads\/2021\/04\/kuryr-podpis.png\" alt=\"\" width=\"84\" height=\"24\" \/><\/p>\n<p>&nbsp;<\/p>\n","protected":false},"excerpt":{"rendered":"<p>P\u0159il\u00e9taj\u00edc\u00ed UAV byly sest\u0159eleny nad dev\u00edti rusk\u00fdmi regiony, uvedlo ministerstvo obrany P\u0159i rozs\u00e1hl\u00e9m ukrajinsk\u00e9m \u00fatoku&#8230;<\/p>\n","protected":false},"author":2,"featured_media":61878,"comment_status":"closed","ping_status":"closed","sticky":false,"template":"","format":"standard","meta":[],"categories":[7],"tags":[2856,22,26],"_links":{"self":[{"href":"https:\/\/www.infokuryr.cz\/n\/wp-json\/wp\/v2\/posts\/61877"}],"collection":[{"href":"https:\/\/www.infokuryr.cz\/n\/wp-json\/wp\/v2\/posts"}],"about":[{"href":"https:\/\/www.infokuryr.cz\/n\/wp-json\/wp\/v2\/types\/post"}],"author":[{"embeddable":true,"href":"https:\/\/www.infokuryr.cz\/n\/wp-json\/wp\/v2\/users\/2"}],"replies":[{"embeddable":true,"href":"https:\/\/www.infokuryr.cz\/n\/wp-json\/wp\/v2\/comments?post=61877"}],"version-history":[{"count":0,"href":"https:\/\/www.infokuryr.cz\/n\/wp-json\/wp\/v2\/posts\/61877\/revisions"}],"wp:featuredmedia":[{"embeddable":true,"href":"https:\/\/www.infokuryr.cz\/n\/wp-json\/wp\/v2\/media\/61878"}],"wp:attachment":[{"href":"https:\/\/www.infokuryr.cz\/n\/wp-json\/wp\/v2\/media?parent=61877"}],"wp:term":[{"taxonomy":"category","embeddable":true,"href":"https:\/\/www.infokuryr.cz\/n\/wp-json\/wp\/v2\/categories?post=61877"},{"taxonomy":"post_tag","embeddable":true,"href":"https:\/\/www.infokuryr.cz\/n\/wp-json\/wp\/v2\/tags?post=61877"}],"curies":[{"name":"wp","href":"https:\/\/api.w.org\/{rel}","templated":true}]}}