{"id":61876,"date":"2024-09-10T05:31:43","date_gmt":"2024-09-10T03:31:43","guid":{"rendered":"https:\/\/www.infokuryr.cz\/n\/?p=61876"},"modified":"2024-09-10T05:31:43","modified_gmt":"2024-09-10T03:31:43","slug":"severni-korea-dnes-rano-oznamila-ze-uvede-sve-jaderne-zbrane-do-plne-bojove-pohotovosti","status":"publish","type":"post","link":"https:\/\/www.infokuryr.cz\/n\/2024\/09\/10\/severni-korea-dnes-rano-oznamila-ze-uvede-sve-jaderne-zbrane-do-plne-bojove-pohotovosti\/","title":{"rendered":"Severn\u00ed Korea dnes r\u00e1no ozn\u00e1mila, \u017ee uvede sv\u00e9 jadern\u00e9 zbran\u011b do pln\u00e9 bojov\u00e9 pohotovosti"},"content":{"rendered":"<div id=\"fb-root\"><\/div>\n<p class=\"lead\"><strong>Severn\u00ed Korea uvede sv\u00e9 jadern\u00e9 zbran\u011b do pohotovosti, aby \u010delila jadern\u00fdm mocnostem ohro\u017euj\u00edc\u00edm zemi, \u0159ekl severokorejsk\u00fd v\u016fdce Kim \u010cong-un. Informoval o tom Yonhap s odvol\u00e1n\u00edm na Korejskou centr\u00e1ln\u00ed tiskovou agenturu.<\/strong><\/p>\n<p><em>&#8222;KLDR bude neust\u00e1le posilovat sv\u00e9 jadern\u00e9 s\u00edly, schopn\u00e9 pln\u011b \u010delit jak\u00fdmkoliv ohro\u017euj\u00edc\u00edm akc\u00edm konkuren\u010dn\u00edch st\u00e1t\u016f vlastn\u00edc\u00edch jadern\u00e9 zbran\u011b,&#8220;<span class=\"after-quote\">\u00a0\u2014 cituje agentura slova severokorejsk\u00e9ho v\u016fdce.<\/span><\/em><\/p>\n<p><span>Kim \u010cong-un zd\u016fraznil, \u017ee Severn\u00ed Korea \u201ezdvojn\u00e1sob\u00ed\u201c opat\u0159en\u00ed, aby p\u0159ivedla sv\u00e9 vojensk\u00e9 s\u00edly, v\u010detn\u011b jadern\u00fdch, do \u201epln\u00e9 bojov\u00e9 p\u0159ipravenosti\u201c.<\/span><\/p>\n<p><span>V z\u00e1\u0159\u00ed 2022 p\u0159ijala Severn\u00ed Korea z\u00e1kon, podle kter\u00e9ho m\u016f\u017ee st\u00e1t automaticky zah\u00e1jit jadern\u00fd \u00fader na nep\u0159\u00edtele v p\u0159\u00edpad\u011b hrozby \u00fatoku na strategick\u00e9 c\u00edle republiky.<\/span><\/p>\n<p><span>Americk\u00fd prezident\u00a0<\/span><strong><span>Joe Biden<\/span><\/strong><span>\u00a0d\u0159\u00edve prohl\u00e1sil, \u017ee pokud Severn\u00ed Korea zah\u00e1j\u00ed jadern\u00fd \u00fatok na USA nebo jejich spojence, re\u017eim v KLDR skon\u010d\u00ed.<\/span><\/p>\n<p><span>V roce 2023 se jihokorejsk\u00fd prezident <\/span><strong><span>Yun Seok-yeol<\/span><\/strong><span> vyj\u00e1d\u0159il o Severn\u00ed Koreji a pou\u017eit\u00ed jadern\u00fdch zbran\u00ed . Podle jeho n\u00e1zoru to Severn\u00ed Korea \u201ebez v\u00e1h\u00e1n\u00ed\u201c ud\u011bl\u00e1, aby dos\u00e1hla sv\u00fdch vojensk\u00fdch c\u00edl\u016f, p\u0159ipom\u00edn\u00e1 RBC.<\/span><\/p>\n<p><img decoding=\"async\" loading=\"lazy\" class=\"alignnone size-full wp-image-1185\" src=\"http:\/\/www.infokuryr.cz\/n\/wp-content\/uploads\/2021\/04\/kuryr-podpis.png\" alt=\"\" width=\"84\" height=\"24\" \/><\/p>\n<p>&nbsp;<\/p>\n","protected":false},"excerpt":{"rendered":"<p>Severn\u00ed Korea uvede sv\u00e9 jadern\u00e9 zbran\u011b do pohotovosti, aby \u010delila jadern\u00fdm mocnostem ohro\u017euj\u00edc\u00edm zemi, \u0159ekl&#8230;<\/p>\n","protected":false},"author":2,"featured_media":49825,"comment_status":"closed","ping_status":"closed","sticky":false,"template":"","format":"standard","meta":[],"categories":[7],"tags":[1069,502,1964],"_links":{"self":[{"href":"https:\/\/www.infokuryr.cz\/n\/wp-json\/wp\/v2\/posts\/61876"}],"collection":[{"href":"https:\/\/www.infokuryr.cz\/n\/wp-json\/wp\/v2\/posts"}],"about":[{"href":"https:\/\/www.infokuryr.cz\/n\/wp-json\/wp\/v2\/types\/post"}],"author":[{"embeddable":true,"href":"https:\/\/www.infokuryr.cz\/n\/wp-json\/wp\/v2\/users\/2"}],"replies":[{"embeddable":true,"href":"https:\/\/www.infokuryr.cz\/n\/wp-json\/wp\/v2\/comments?post=61876"}],"version-history":[{"count":0,"href":"https:\/\/www.infokuryr.cz\/n\/wp-json\/wp\/v2\/posts\/61876\/revisions"}],"wp:featuredmedia":[{"embeddable":true,"href":"https:\/\/www.infokuryr.cz\/n\/wp-json\/wp\/v2\/media\/49825"}],"wp:attachment":[{"href":"https:\/\/www.infokuryr.cz\/n\/wp-json\/wp\/v2\/media?parent=61876"}],"wp:term":[{"taxonomy":"category","embeddable":true,"href":"https:\/\/www.infokuryr.cz\/n\/wp-json\/wp\/v2\/categories?post=61876"},{"taxonomy":"post_tag","embeddable":true,"href":"https:\/\/www.infokuryr.cz\/n\/wp-json\/wp\/v2\/tags?post=61876"}],"curies":[{"name":"wp","href":"https:\/\/api.w.org\/{rel}","templated":true}]}}